{"id":45987,"date":"2025-09-26T10:36:20","date_gmt":"2025-09-26T13:36:20","guid":{"rendered":"https:\/\/mussicom.com\/hamas-diz-que-massacre-em-israel-criou-momento-de-ouro\/"},"modified":"2025-09-26T10:36:20","modified_gmt":"2025-09-26T13:36:20","slug":"hamas-diz-que-massacre-em-israel-criou-momento-de-ouro","status":"publish","type":"post","link":"https:\/\/mussicom.com\/noticias\/hamas-diz-que-massacre-em-israel-criou-momento-de-ouro\/","title":{"rendered":"Hamas diz que massacre em Israel criou &#8220;momento de ouro&#8221;"},"content":{"rendered":"<p> <br \/>\n<\/p>\n<div>\n<p class=\"postParagraph_post-paragraph__juWZN\">Um alto representante do Hamas, Ghazi Hamad, afirmou em entrevista divulgada na noite de quinta-feira (25) que o massacre realizado em 7 de outubro de 2023 em Israel criou um &#8220;momento de ouro&#8221; para a causa palestina.<\/p>\n<p class=\"postParagraph_post-paragraph-innerHtml__Q5vwc\">Duas semanas ap\u00f3s sobreviver a um ataque israelense no Catar, a lideran\u00e7a terrorista defendeu em conversa com a <em>CNN <\/em>o &#8220;alto pre\u00e7o&#8221; das perdas civis no enclave palestino, sem se desculpar em nome do grupo.<\/p>\n<p class=\"postParagraph_post-paragraph__juWZN\">Hamad destacou na entrevista o crescente isolamento internacional de Israel devido \u00e0s opera\u00e7\u00f5es em Gaza e elogiou o reconhecimento da Palestina em reuni\u00e3o da ONU.<\/p>\n<p class=\"postParagraph_post-paragraph__juWZN\">&#8220;Sabe qual o benef\u00edcio do 7 de outubro agora? Se voc\u00ea olhar para a Assembleia Geral [da ONU], quando cerca de 194 pessoas abriram seus olhos e contemplaram a atrocidade, a brutalidade de Israel e de todos eles, eles condenaram Israel. Esperamos por esse momento h\u00e1 77 anos&#8221;, afirmou o membro do Hamas.<\/p>\n<p class=\"postParagraph_post-paragraph-innerHtml__Q5vwc\">&#8220;Vejo atualmente como um momento de ouro para mudar a hist\u00f3ria&#8221;, acrescentou Hamad \u00e0 <em>CNN<\/em>.<\/p>\n<p class=\"postParagraph_post-paragraph__juWZN\">A emissora americana chegou a questionar o entrevistado se ele se arrepende ou guarda alguma culpa sobre o massacre de 7 de outubro. Sua resposta foi: &#8220;Eu sei que o pre\u00e7o \u00e9 muito alto, mas pergunto novamente: qual seria a op\u00e7\u00e3o?&#8221;.<\/p>\n<p class=\"postParagraph_post-paragraph-innerHtml__Q5vwc\">A <em>CNN<\/em> ainda exibiu imagens de palestinos em Gaza protestando contra o Hamas. O alto representante do grupo terrorista se recusou por alguns segundos a olhar o conte\u00fado e voltou a responsabilizar Israel pelo sofrimento no enclave.<\/p>\n<p class=\"postParagraph_post-paragraph__juWZN\">Nos \u00faltimos meses, houve relatos de diferentes moradores de Gaza sendo torturados e mortos por integrantes do Hamas devido ao posicionamento contr\u00e1rio ao grupo terrorista. Em abril, um palestino de 22 anos foi uma dessas v\u00edtimas assassinadas ap\u00f3s participar de protestos pedindo o fim do controle do Hamas.<\/p>\n<p class=\"postParagraph_post-paragraph__juWZN\">Israel iniciou h\u00e1 semanas uma opera\u00e7\u00e3o na Cidade de Gaza, considerada pelo governo e pelos militares o \u00faltimo reduto onde for\u00e7as do Hamas ainda mant\u00eam algum tipo de controle.<\/p>\n<p class=\"postParagraph_post-paragraph__juWZN\">Na semana passada, as Brigadas Al-Qassam emitiram um comunicado dizendo que n\u00e3o se preocupariam com as vidas dos ref\u00e9ns enquanto o primeiro-ministro Benjamin Netanyahu continuasse matando-os.<\/p>\n<p class=\"postParagraph_post-paragraph-innerHtml__Q5vwc\">Na entrevista \u00e0 <em>CNN<\/em>, Ghazi Hamad recusou as acusa\u00e7\u00f5es de que ref\u00e9ns s\u00e3o usados como escudos humanos. Segundo ele, as v\u00edtimas s\u00e3o tratadas com &#8220;princ\u00edpios isl\u00e2micos&#8221;.<\/p>\n<\/div>\n<p><br \/>\n<br \/>Fonte: <a href=\"https:\/\/www.gazetadopovo.com.br\/mundo\/lider-hamas-diz-massacre-israel-criou-momento-ouro-palestinos\/\">Revista Oeste<\/a><\/p>\n","protected":false},"excerpt":{"rendered":"<p>Um alto representante do Hamas, Ghazi Hamad, afirmou em entrevista divulgada na noite de quinta-feira (25) que o massacre realizado em 7 de outubro de 2023 em Israel criou um &#8220;momento de ouro&#8221; para a causa palestina. Duas semanas ap\u00f3s sobreviver a um ataque israelense no Catar, a lideran\u00e7a terrorista defendeu em conversa com a [&hellip;]<\/p>\n","protected":false},"author":5,"featured_media":45988,"comment_status":"open","ping_status":"open","sticky":false,"template":"","format":"standard","meta":{"_seopress_robots_primary_cat":"","_seopress_titles_title":"","_seopress_titles_desc":"","_seopress_robots_index":"","footnotes":""},"categories":[48],"tags":[],"class_list":["post-45987","post","type-post","status-publish","format-standard","has-post-thumbnail","hentry","category-internacional"],"_links":{"self":[{"href":"https:\/\/mussicom.com\/noticias\/wp-json\/wp\/v2\/posts\/45987","targetHints":{"allow":["GET"]}}],"collection":[{"href":"https:\/\/mussicom.com\/noticias\/wp-json\/wp\/v2\/posts"}],"about":[{"href":"https:\/\/mussicom.com\/noticias\/wp-json\/wp\/v2\/types\/post"}],"author":[{"embeddable":true,"href":"https:\/\/mussicom.com\/noticias\/wp-json\/wp\/v2\/users\/5"}],"replies":[{"embeddable":true,"href":"https:\/\/mussicom.com\/noticias\/wp-json\/wp\/v2\/comments?post=45987"}],"version-history":[{"count":0,"href":"https:\/\/mussicom.com\/noticias\/wp-json\/wp\/v2\/posts\/45987\/revisions"}],"wp:featuredmedia":[{"embeddable":true,"href":"https:\/\/mussicom.com\/noticias\/wp-json\/wp\/v2\/media\/45988"}],"wp:attachment":[{"href":"https:\/\/mussicom.com\/noticias\/wp-json\/wp\/v2\/media?parent=45987"}],"wp:term":[{"taxonomy":"category","embeddable":true,"href":"https:\/\/mussicom.com\/noticias\/wp-json\/wp\/v2\/categories?post=45987"},{"taxonomy":"post_tag","embeddable":true,"href":"https:\/\/mussicom.com\/noticias\/wp-json\/wp\/v2\/tags?post=45987"}],"curies":[{"name":"wp","href":"https:\/\/api.w.org\/{rel}","templated":true}]}}