{"id":45984,"date":"2025-09-26T10:24:16","date_gmt":"2025-09-26T13:24:16","guid":{"rendered":"https:\/\/mussicom.com\/bolsonaros-lideram-pesquisa-no-acre-e-lula-perderia-no-2o-turno\/"},"modified":"2025-09-26T10:24:16","modified_gmt":"2025-09-26T13:24:16","slug":"bolsonaros-lideram-pesquisa-no-acre-e-lula-perderia-no-2o-turno","status":"publish","type":"post","link":"https:\/\/mussicom.com\/noticias\/bolsonaros-lideram-pesquisa-no-acre-e-lula-perderia-no-2o-turno\/","title":{"rendered":"Bolsonaros lideram pesquisa no Acre e Lula perderia no 2\u00ba turno"},"content":{"rendered":"<p> <br \/>\n<\/p>\n<div>\n<p class=\"postParagraph_post-paragraph__juWZN\">Uma pesquisa do Instituto Paran\u00e1 Pesquisas, divulgada nesta sexta-feira (26), mostra que o presidente Luiz In\u00e1cio Lula da Silva (PT) sairia derrotado em todas as simula\u00e7\u00f5es de segundo turno no Acre. Foram testados cen\u00e1rios contra o ex-presidente Jair Bolsonaro (PL), a ex-primeira-dama Michelle Bolsonaro (PL), o senador Fl\u00e1vio Bolsonaro (PL-RJ) e o governador de S\u00e3o Paulo, Tarc\u00edsio de Freitas (Republicanos). O estado representa 0,39% do eleitorado brasileiro, mas os n\u00fameros refor\u00e7am a for\u00e7a da direita na regi\u00e3o.<\/p>\n<p class=\"postParagraph_post-paragraph__juWZN\">A Paran\u00e1 Pesquisas ouviu 1.505 eleitores em 18 munic\u00edpios do Acre, de 19 a 23 de setembro de 2025. A margem de erro \u00e9 de 2,6 pontos percentuais, com grau de confian\u00e7a de 95%.<\/p>\n<p class=\"postParagraph_post-paragraph__juWZN\">No primeiro turno, Lula aparece atr\u00e1s quando os confrontos incluem Jair ou Michelle Bolsonaro. Nos cen\u00e1rios com Fl\u00e1vio Bolsonaro e Tarc\u00edsio de Freitas, os resultados apontam empate t\u00e9cnico, dentro da margem de erro de 2,6 pontos percentuais. A \u00fanica situa\u00e7\u00e3o em que o petista aparece numericamente \u00e0 frente \u00e9 contra Tarc\u00edsio, mas sem diferen\u00e7a significativa para garantir vantagem.<\/p>\n<p class=\"postParagraph_post-paragraph__juWZN\">Al\u00e9m da fam\u00edlia Bolsonaro e de Tarc\u00edsio, o levantamento incluiu outros nomes: Ciro Gomes (PDT), Ronaldo Caiado (Uni\u00e3o Brasil), Ratinho Junior (PSD), Helder Barbalho (MDB) e Renan Santos, que se apresenta como pr\u00e9-candidato pelo partido Miss\u00e3o. A legenda, no entanto, ainda est\u00e1 em processo de registro no Tribunal Superior Eleitoral (TSE) e precisa se formalizar at\u00e9 seis meses antes das elei\u00e7\u00f5es de 2026 para lan\u00e7ar candidatos.<\/p>\n<h2 class=\"postParagraph_post-paragraph__juWZN postParagraph_type-tag-h2__TtFkT\">Nos cen\u00e1rios simulados:<\/h2>\n<ul class=\"postList_post-list-container__W0E4y postList_visual-type-unordered-list__M8U7t\">\n<li class=\"postList_post-list-item__34Ck1\">Jair Bolsonaro lidera com 50,8%, contra 25,6% de Lula.<\/li>\n<li class=\"postList_post-list-item__34Ck1\">Michelle Bolsonaro aparece com 42,8%, enquanto Lula soma 25,9%.<\/li>\n<li class=\"postList_post-list-item__34Ck1\">Fl\u00e1vio Bolsonaro marca 31,8% contra 26,6% do presidente.<\/li>\n<li class=\"postList_post-list-item__34Ck1\">Tarc\u00edsio de Freitas empata tecnicamente: 26,7% contra 26% de Lula.<\/li>\n<\/ul>\n<h2 class=\"postParagraph_post-paragraph__juWZN postParagraph_type-tag-h2__TtFkT\">Cen\u00e1rios de 2\u00ba turno<\/h2>\n<p class=\"postParagraph_post-paragraph__juWZN\">O desempenho de Lula \u00e9 ainda pior quando projetado em um segundo turno. Ele perderia para todos os advers\u00e1rios testados:<\/p>\n<ul class=\"postList_post-list-container__W0E4y postList_visual-type-unordered-list__M8U7t\">\n<li class=\"postList_post-list-item__34Ck1\">Jair Bolsonaro: 59,3% x 28,4%<\/li>\n<li class=\"postList_post-list-item__34Ck1\">Michelle Bolsonaro: 58,8% x 29,2%<\/li>\n<li class=\"postList_post-list-item__34Ck1\">Fl\u00e1vio Bolsonaro: 52,6% x 30,7%<\/li>\n<li class=\"postList_post-list-item__34Ck1\">Tarc\u00edsio de Freitas: 52,8% x 30%<\/li>\n<\/ul>\n<p class=\"postParagraph_post-paragraph__juWZN\">O pior cen\u00e1rio para o petista \u00e9 contra Jair Bolsonaro, com uma diferen\u00e7a de 30,9 pontos percentuais. Avalia\u00e7\u00e3o do governo Lula A pesquisa tamb\u00e9m avaliou a percep\u00e7\u00e3o dos acreanos sobre a gest\u00e3o federal. O levantamento aponta que 61,7% desaprovam o governo Lula, enquanto 34,9% aprovam.<\/p>\n<p class=\"postParagraph_post-paragraph__juWZN\">Outros 3,5% n\u00e3o souberam responder. Entre os entrevistados, 47,1% classificaram a gest\u00e3o como \u201cp\u00e9ssima\u201d e 7,2% como \u201cruim\u201d. J\u00e1 15,5% consideraram \u201cboa\u201d e 10,5% \u201c\u00f3tima\u201d. Outros 17,8% avaliaram como \u201cregular\u201d.<\/p>\n<div class=\"postViewMore_post-view-more-container___5wai\" data-mrf-recirculation=\"Post - Veja tamb\u00e9m\">\n<p class=\"gp-styles-module-size-small-afeYRa gp-styles-module-font-family2-afeYRa gp-styles-module-color-secondary-afeYRa gp-styles-module-weight-bold-afeYRa\">VEJA TAMB\u00c9M:<\/p>\n<ul class=\"postViewMore_post-view-more-list__CU_CE\">\n<li class=\"postViewMore_post-view-more-item__2MzRb\"><span class=\"postViewMore_post-view-more-link-icon___stPC\"><svg xmlns=\"http:\/\/www.w3.org\/2000\/svg\" width=\"16\" height=\"16\" viewbox=\"0 0 16 16\"><rect width=\"16\" height=\"16\" fill=\"none\"\/><g transform=\"translate(3 3)\"><path d=\"M22.5,15l3.4,3.4-3.4,3.4\" transform=\"translate(-15.896 -11.793)\" fill=\"none\" stroke=\"#717171\" stroke-linecap=\"round\" stroke-width=\"1.4\"\/><path d=\"M6,6v4.2a2.452,2.452,0,0,0,2.5,2.4H16\" transform=\"translate(-6 -6)\" fill=\"none\" stroke=\"#717171\" stroke-linecap=\"round\" stroke-width=\"1.4\"\/><\/g><\/svg><\/span><span class=\"postViewMore_post-view-more-link-text__hO_kM\">Carlos Bolsonaro intensifica agenda em SC e aquece disputa pelo Senado<\/span><\/li>\n<li class=\"postViewMore_post-view-more-item__2MzRb\"><span class=\"postViewMore_post-view-more-link-icon___stPC\"><svg xmlns=\"http:\/\/www.w3.org\/2000\/svg\" width=\"16\" height=\"16\" viewbox=\"0 0 16 16\"><rect width=\"16\" height=\"16\" fill=\"none\"\/><g transform=\"translate(3 3)\"><path d=\"M22.5,15l3.4,3.4-3.4,3.4\" transform=\"translate(-15.896 -11.793)\" fill=\"none\" stroke=\"#717171\" stroke-linecap=\"round\" stroke-width=\"1.4\"\/><path d=\"M6,6v4.2a2.452,2.452,0,0,0,2.5,2.4H16\" transform=\"translate(-6 -6)\" fill=\"none\" stroke=\"#717171\" stroke-linecap=\"round\" stroke-width=\"1.4\"\/><\/g><\/svg><\/span><span class=\"postViewMore_post-view-more-link-text__hO_kM\">Alan Rick lidera pesquisa para governador do Acre em 2026<\/span><\/li>\n<\/ul>\n<\/div>\n<\/div>\n<p><br \/>\n<br \/>Fonte: <a href=\"https:\/\/www.gazetadopovo.com.br\/republica\/bolsonaros-lideram-pesquisa-no-acre-e-lula-perde-em-todos-os-cenarios-de-2o-turno\/\">Revista Oeste<\/a><\/p>\n","protected":false},"excerpt":{"rendered":"<p>Uma pesquisa do Instituto Paran\u00e1 Pesquisas, divulgada nesta sexta-feira (26), mostra que o presidente Luiz In\u00e1cio Lula da Silva (PT) sairia derrotado em todas as simula\u00e7\u00f5es de segundo turno no Acre. Foram testados cen\u00e1rios contra o ex-presidente Jair Bolsonaro (PL), a ex-primeira-dama Michelle Bolsonaro (PL), o senador Fl\u00e1vio Bolsonaro (PL-RJ) e o governador de S\u00e3o [&hellip;]<\/p>\n","protected":false},"author":5,"featured_media":45985,"comment_status":"open","ping_status":"open","sticky":false,"template":"","format":"standard","meta":{"_seopress_robots_primary_cat":"","_seopress_titles_title":"","_seopress_titles_desc":"","_seopress_robots_index":"","footnotes":""},"categories":[1],"tags":[],"class_list":["post-45984","post","type-post","status-publish","format-standard","has-post-thumbnail","hentry","category-ultimas-noticias"],"_links":{"self":[{"href":"https:\/\/mussicom.com\/noticias\/wp-json\/wp\/v2\/posts\/45984","targetHints":{"allow":["GET"]}}],"collection":[{"href":"https:\/\/mussicom.com\/noticias\/wp-json\/wp\/v2\/posts"}],"about":[{"href":"https:\/\/mussicom.com\/noticias\/wp-json\/wp\/v2\/types\/post"}],"author":[{"embeddable":true,"href":"https:\/\/mussicom.com\/noticias\/wp-json\/wp\/v2\/users\/5"}],"replies":[{"embeddable":true,"href":"https:\/\/mussicom.com\/noticias\/wp-json\/wp\/v2\/comments?post=45984"}],"version-history":[{"count":0,"href":"https:\/\/mussicom.com\/noticias\/wp-json\/wp\/v2\/posts\/45984\/revisions"}],"wp:featuredmedia":[{"embeddable":true,"href":"https:\/\/mussicom.com\/noticias\/wp-json\/wp\/v2\/media\/45985"}],"wp:attachment":[{"href":"https:\/\/mussicom.com\/noticias\/wp-json\/wp\/v2\/media?parent=45984"}],"wp:term":[{"taxonomy":"category","embeddable":true,"href":"https:\/\/mussicom.com\/noticias\/wp-json\/wp\/v2\/categories?post=45984"},{"taxonomy":"post_tag","embeddable":true,"href":"https:\/\/mussicom.com\/noticias\/wp-json\/wp\/v2\/tags?post=45984"}],"curies":[{"name":"wp","href":"https:\/\/api.w.org\/{rel}","templated":true}]}}