{"id":45911,"date":"2025-09-26T00:30:19","date_gmt":"2025-09-26T03:30:19","guid":{"rendered":"https:\/\/mussicom.com\/gol-anuncia-desistencia-do-processo-de-fusao-com-azul\/"},"modified":"2025-09-26T00:30:19","modified_gmt":"2025-09-26T03:30:19","slug":"gol-anuncia-desistencia-do-processo-de-fusao-com-azul","status":"publish","type":"post","link":"https:\/\/mussicom.com\/noticias\/gol-anuncia-desistencia-do-processo-de-fusao-com-azul\/","title":{"rendered":"Gol anuncia desist\u00eancia do processo de fus\u00e3o com Azul"},"content":{"rendered":"<p> <br \/>\n<\/p>\n<div>\n<p class=\"postParagraph_post-paragraph-innerHtml__Q5vwc\">A Abra, controladora da Gol, anunciou nesta quinta-feira (25) que encerrou as discuss\u00f5es sobre a fus\u00e3o com a Azul. A uni\u00e3o das duas empresas poderia criar a maior companhia a\u00e9rea do Brasil. As companhias tamb\u00e9m informaram ao mercado que o acordo firmado, em maio de 2024, para viabilizar a coopera\u00e7\u00e3o comercial via <em>codeshare<\/em>, conectando suas malhas a\u00e9reas, foi rescindido.<\/p>\n<p class=\"postParagraph_post-paragraph-innerHtml__Q5vwc\">&#8220;Como parte do nosso comprometimento com os nossos clientes, a Gol honrar\u00e1 os bilhetes comercializados no \u00e2mbito da parceria&#8221;, afirmou Gol no fato relevante. Em janeiro deste ano, a Azul e a Gol assinaram um memorando de entendimento para iniciar as negocia\u00e7\u00f5es. Segundo o documento, a fus\u00e3o dependia do fim da recupera\u00e7\u00e3o judicial da Gol nos Estados Unidos.<\/p>\n<p class=\"postParagraph_post-paragraph-innerHtml__Q5vwc\">Nesta ter\u00e7a-feira (23), representantes das duas companhias negaram a fus\u00e3o durante uma audi\u00eancia p\u00fablica Comiss\u00e3o de Defesa do Consumidor da C\u00e2mara dos Deputados. De acordo com o gerente de Rela\u00e7\u00f5es Institucionais da Azul, Camilo Coelho, essa possibilidade de jun\u00e7\u00e3o foi estudada durante a pandemia. Com a recupera\u00e7\u00e3o do setor a\u00e9reo nos \u00faltimos tr\u00eas anos, no entanto, teria sido completamente descartada, infomou a <em>Ag\u00eancia C\u00e2mara.<\/em><\/p>\n<div class=\"postViewMore_post-view-more-container___5wai\" data-mrf-recirculation=\"Post - Veja tamb\u00e9m\">\n<p class=\"gp-styles-module-size-small-afeYRa gp-styles-module-font-family2-afeYRa gp-styles-module-color-secondary-afeYRa gp-styles-module-weight-bold-afeYRa\">VEJA TAMB\u00c9M:<\/p>\n<ul class=\"postViewMore_post-view-more-list__CU_CE\">\n<li class=\"postViewMore_post-view-more-item__2MzRb\"><span class=\"postViewMore_post-view-more-link-icon___stPC\"><svg xmlns=\"http:\/\/www.w3.org\/2000\/svg\" width=\"16\" height=\"16\" viewbox=\"0 0 16 16\"><rect width=\"16\" height=\"16\" fill=\"none\"\/><g transform=\"translate(3 3)\"><path d=\"M22.5,15l3.4,3.4-3.4,3.4\" transform=\"translate(-15.896 -11.793)\" fill=\"none\" stroke=\"#717171\" stroke-linecap=\"round\" stroke-width=\"1.4\"\/><path d=\"M6,6v4.2a2.452,2.452,0,0,0,2.5,2.4H16\" transform=\"translate(-6 -6)\" fill=\"none\" stroke=\"#717171\" stroke-linecap=\"round\" stroke-width=\"1.4\"\/><\/g><\/svg><\/span><span class=\"postViewMore_post-view-more-link-text__hO_kM\">Teto da d\u00edvida for\u00e7a governo a cortar gastos e n\u00e3o vai gerar calote, diz relator<\/span><\/li>\n<\/ul>\n<\/div>\n<p class=\"postParagraph_post-paragraph__juWZN\">\u201cA fus\u00e3o n\u00e3o \u00e9 um fato, a gente n\u00e3o chegou a submeter formalmente nada ao Cade [Conselho Administrativo de Defesa Econ\u00f4mica]. Fizemos um formul\u00e1rio de consulta, um pr\u00e9-formul\u00e1rio, em outro ambiente, outro cen\u00e1rio, em um outro momento das empresas que j\u00e1 passou, j\u00e1 n\u00e3o est\u00e1 mais a\u00ed. O foco da Azul agora \u00e9 terminar sua recupera\u00e7\u00e3o judicial\u201d, disse Camilo Coelho na audi\u00eancia.<\/p>\n<p class=\"postParagraph_post-paragraph__juWZN\">J\u00e1 o assessor da presid\u00eancia da Gol, Alberto Fajerman, admitiu conversas para a fus\u00e3o devido \u00e0s dificuldades financeiras depois da pandemia, mas tamb\u00e9m assegurou que a ideia j\u00e1 foi completamente abandonada. A Gol entrou em recupera\u00e7\u00e3o judicial no ano passado, mas concluiu o processo em junho.<\/p>\n<p class=\"postParagraph_post-paragraph-innerHtml__Q5vwc\">\u201cNo entanto, as partes n\u00e3o tiveram discuss\u00f5es significativas ou progrediram em uma poss\u00edvel opera\u00e7\u00e3o de combina\u00e7\u00e3o de neg\u00f3cios por v\u00e1rios meses como resultado do foco da Azul em seu processo de <em>Chapter 11<\/em> [processo de recupera\u00e7\u00e3o judicial nos EUA]\u201d, afirmou o controlador da Gol em comunicado ao mercado nesta quinta-feira (25).<\/p>\n<\/div>\n<p><br \/>\n<br \/>Fonte: <a href=\"https:\/\/www.gazetadopovo.com.br\/economia\/gol-anuncia-desistencia-do-processo-de-fusao-com-azul\/\">Gazeta do Povo<\/a><\/p>\n","protected":false},"excerpt":{"rendered":"<p>A Abra, controladora da Gol, anunciou nesta quinta-feira (25) que encerrou as discuss\u00f5es sobre a fus\u00e3o com a Azul. A uni\u00e3o das duas empresas poderia criar a maior companhia a\u00e9rea do Brasil. As companhias tamb\u00e9m informaram ao mercado que o acordo firmado, em maio de 2024, para viabilizar a coopera\u00e7\u00e3o comercial via codeshare, conectando suas [&hellip;]<\/p>\n","protected":false},"author":5,"featured_media":45912,"comment_status":"open","ping_status":"open","sticky":false,"template":"","format":"standard","meta":{"_seopress_robots_primary_cat":"","_seopress_titles_title":"","_seopress_titles_desc":"","_seopress_robots_index":"","footnotes":""},"categories":[45],"tags":[],"class_list":["post-45911","post","type-post","status-publish","format-standard","has-post-thumbnail","hentry","category-economia"],"_links":{"self":[{"href":"https:\/\/mussicom.com\/noticias\/wp-json\/wp\/v2\/posts\/45911","targetHints":{"allow":["GET"]}}],"collection":[{"href":"https:\/\/mussicom.com\/noticias\/wp-json\/wp\/v2\/posts"}],"about":[{"href":"https:\/\/mussicom.com\/noticias\/wp-json\/wp\/v2\/types\/post"}],"author":[{"embeddable":true,"href":"https:\/\/mussicom.com\/noticias\/wp-json\/wp\/v2\/users\/5"}],"replies":[{"embeddable":true,"href":"https:\/\/mussicom.com\/noticias\/wp-json\/wp\/v2\/comments?post=45911"}],"version-history":[{"count":0,"href":"https:\/\/mussicom.com\/noticias\/wp-json\/wp\/v2\/posts\/45911\/revisions"}],"wp:featuredmedia":[{"embeddable":true,"href":"https:\/\/mussicom.com\/noticias\/wp-json\/wp\/v2\/media\/45912"}],"wp:attachment":[{"href":"https:\/\/mussicom.com\/noticias\/wp-json\/wp\/v2\/media?parent=45911"}],"wp:term":[{"taxonomy":"category","embeddable":true,"href":"https:\/\/mussicom.com\/noticias\/wp-json\/wp\/v2\/categories?post=45911"},{"taxonomy":"post_tag","embeddable":true,"href":"https:\/\/mussicom.com\/noticias\/wp-json\/wp\/v2\/tags?post=45911"}],"curies":[{"name":"wp","href":"https:\/\/api.w.org\/{rel}","templated":true}]}}