{"id":45889,"date":"2025-09-25T22:24:20","date_gmt":"2025-09-26T01:24:20","guid":{"rendered":"https:\/\/mussicom.com\/pobreza-na-argentina-atinge-menor-patamar-desde-2018\/"},"modified":"2025-09-25T22:24:20","modified_gmt":"2025-09-26T01:24:20","slug":"pobreza-na-argentina-atinge-menor-patamar-desde-2018","status":"publish","type":"post","link":"https:\/\/mussicom.com\/noticias\/pobreza-na-argentina-atinge-menor-patamar-desde-2018\/","title":{"rendered":"Pobreza na Argentina atinge menor patamar desde 2018"},"content":{"rendered":"<p> <br \/>\n<\/p>\n<div>\n<p class=\"postParagraph_post-paragraph__juWZN\">O Instituto Nacional de Estat\u00edstica e Censos da Argentina (Indec) divulgou nesta quinta-feira (25) os dados de pobreza e indig\u00eancia nos 31 principais aglomerados urbanos do pa\u00eds, que apresentaram os \u00edndices mais baixos desde 2018.<\/p>\n<p class=\"postParagraph_post-paragraph__juWZN\">Segundo o estudo, no primeiro semestre deste ano, os argentinos que estavam na pobreza representaram 31,6% da popula\u00e7\u00e3o morando nessas \u00e1reas urbanas e aqueles na indig\u00eancia, 6,9%.<\/p>\n<p class=\"postParagraph_post-paragraph__juWZN\">Trata-se de um forte recuo em rela\u00e7\u00e3o ao segundo semestre de 2024, quando os dois \u00edndices haviam ficado em 38,1% e 8,2%, respectivamente, no pa\u00eds governado pelo presidente Javier Milei.<\/p>\n<p class=\"postParagraph_post-paragraph__juWZN\">Segundo informa\u00e7\u00f5es do portal Infobae, os dados do primeiro semestre de 2025 representam a menor taxa de pobreza desde o primeiro semestre de 2018, quando o \u00edndice havia sido de 27,3%, e de indig\u00eancia, a mais baixa desde o segundo semestre de 2018 (6,7%).<\/p>\n<p class=\"postParagraph_post-paragraph__juWZN\">O Indec considera que a linha da indig\u00eancia \u00e9 superada quando os moradores de um domic\u00edlio t\u00eam renda suficiente para comprar uma cesta de alimentos capaz de satisfazer um patamar m\u00ednimo de necessidades energ\u00e9ticas e proteicas.<\/p>\n<p class=\"postParagraph_post-paragraph__juWZN\">J\u00e1 o instituto considera que um domic\u00edlio est\u00e1 acima da linha da pobreza quando h\u00e1 renda suficiente para que seus moradores, al\u00e9m de uma cesta b\u00e1sica, consigam custear outros bens e servi\u00e7os, como vestu\u00e1rio, transporte, educa\u00e7\u00e3o e sa\u00fade.<\/p>\n<\/div>\n<p><br \/>\n<br \/>Fonte: <a href=\"https:\/\/www.gazetadopovo.com.br\/mundo\/pobreza-na-argentina-atinge-menor-patamar-desde-2018\/\">Revista Oeste<\/a><\/p>\n","protected":false},"excerpt":{"rendered":"<p>O Instituto Nacional de Estat\u00edstica e Censos da Argentina (Indec) divulgou nesta quinta-feira (25) os dados de pobreza e indig\u00eancia nos 31 principais aglomerados urbanos do pa\u00eds, que apresentaram os \u00edndices mais baixos desde 2018. Segundo o estudo, no primeiro semestre deste ano, os argentinos que estavam na pobreza representaram 31,6% da popula\u00e7\u00e3o morando nessas [&hellip;]<\/p>\n","protected":false},"author":5,"featured_media":45890,"comment_status":"open","ping_status":"open","sticky":false,"template":"","format":"standard","meta":{"_seopress_robots_primary_cat":"","_seopress_titles_title":"","_seopress_titles_desc":"","_seopress_robots_index":"","footnotes":""},"categories":[48],"tags":[],"class_list":["post-45889","post","type-post","status-publish","format-standard","has-post-thumbnail","hentry","category-internacional"],"_links":{"self":[{"href":"https:\/\/mussicom.com\/noticias\/wp-json\/wp\/v2\/posts\/45889","targetHints":{"allow":["GET"]}}],"collection":[{"href":"https:\/\/mussicom.com\/noticias\/wp-json\/wp\/v2\/posts"}],"about":[{"href":"https:\/\/mussicom.com\/noticias\/wp-json\/wp\/v2\/types\/post"}],"author":[{"embeddable":true,"href":"https:\/\/mussicom.com\/noticias\/wp-json\/wp\/v2\/users\/5"}],"replies":[{"embeddable":true,"href":"https:\/\/mussicom.com\/noticias\/wp-json\/wp\/v2\/comments?post=45889"}],"version-history":[{"count":0,"href":"https:\/\/mussicom.com\/noticias\/wp-json\/wp\/v2\/posts\/45889\/revisions"}],"wp:featuredmedia":[{"embeddable":true,"href":"https:\/\/mussicom.com\/noticias\/wp-json\/wp\/v2\/media\/45890"}],"wp:attachment":[{"href":"https:\/\/mussicom.com\/noticias\/wp-json\/wp\/v2\/media?parent=45889"}],"wp:term":[{"taxonomy":"category","embeddable":true,"href":"https:\/\/mussicom.com\/noticias\/wp-json\/wp\/v2\/categories?post=45889"},{"taxonomy":"post_tag","embeddable":true,"href":"https:\/\/mussicom.com\/noticias\/wp-json\/wp\/v2\/tags?post=45889"}],"curies":[{"name":"wp","href":"https:\/\/api.w.org\/{rel}","templated":true}]}}