{"id":45848,"date":"2025-09-25T19:04:16","date_gmt":"2025-09-25T22:04:16","guid":{"rendered":"https:\/\/mussicom.com\/como-legislativo-marcou-territorio-contra-stf\/"},"modified":"2025-09-25T19:04:16","modified_gmt":"2025-09-25T22:04:16","slug":"como-legislativo-marcou-territorio-contra-stf","status":"publish","type":"post","link":"https:\/\/mussicom.com\/noticias\/como-legislativo-marcou-territorio-contra-stf\/","title":{"rendered":"como Legislativo marcou territ\u00f3rio contra STF"},"content":{"rendered":"<p> <br \/>\n<\/p>\n<div>\n<p class=\"postParagraph_post-paragraph-innerHtml__Q5vwc\">No programa \u00daltima An\u00e1lise desta quarta-feira (24), os convidados analisaram a decis\u00e3o da Comiss\u00e3o de Constitui\u00e7\u00e3o e Justi\u00e7a (CCJ) do Senado Federal, que arquivou, por unanimidade, a &#8220;PEC da Imunidade&#8221; ou, como chamavam os cr\u00edticos, a &#8220;PEC da Blindagem&#8221;. O projeto buscava aumentar a prote\u00e7\u00e3o judicial para deputados e senadores e foi barrado pela casa revisora. Por\u00e9m, uma an\u00e1lise mais funda indica que o Legislativo estava marcando territ\u00f3rio diante de um ator poderoso: o STF.<\/p>\n<p class=\"postParagraph_post-paragraph__juWZN\">Durante o debate no Senado, o senador Alessandro Vieira (MDB-RS), relator do projeto, afirmou que a PEC, em vez de defender o parlamento, acabaria transformando o Congresso em &#8220;ref\u00fagio para criminosos&#8221;. J\u00e1 Rog\u00e9rio Marinho (PL-RN) afirmou que os congressistas, sob a vontade de se rebelar contra o STF, erraram a m\u00e3o e ignoraram os limites constitucionais.<\/p>\n<p class=\"postParagraph_post-paragraph__juWZN\">Para o escritor Francisco Escorsim, o pol\u00eamico projeto era um evidente &#8220;monstrengo&#8221;, mas que revela uma \u00e2nsia da direita em rela\u00e7\u00e3o aos desmandos do Judici\u00e1rio. &#8220;O rem\u00e9dio era exagerado e isso era \u00f3bvio. Foi um a\u00e7odamento da direita que acabou botando os p\u00e9s pelas m\u00e3os no objetivo de conter o STF&#8221;, avalia ele.<\/p>\n<p class=\"postParagraph_post-paragraph__juWZN\">O vereador Guilherme Kilter elogiou o Senado por cumprir seu papel e rejeitar o projeto, atuando como uma leg\u00edtima casa revisora. &#8220;Ficou claro que havia um lado que usava o STF a seu favor e outro que era um ref\u00e9m do \u00f3rg\u00e3o, tentando achar uma sa\u00edda. A PEC foi claramente uma sa\u00edda errada. Agora resta saber se eles v\u00e3o achar a sa\u00edda correta para enfrentar tudo isso&#8221;, indaga o verador.<\/p>\n<h2 class=\"postParagraph_post-paragraph__juWZN postParagraph_type-tag-h2__TtFkT\">Terreno do mais forte<\/h2>\n<p class=\"postParagraph_post-paragraph__juWZN\">Tamb\u00e9m nas sess\u00f5es, como contraponto aos abusos do STF, senadores defenderam o reequil\u00edbrio de for\u00e7as entre as casas. Assim, a &#8220;CPI da Vaza Toga&#8221; foi novamente colocada em debate. A comiss\u00e3o serviria para a investigar as supostas conversas entre assessores de Alexandre de Moraes.<\/p>\n<p class=\"postParagraph_post-paragraph__juWZN\">&#8220;O c\u00e2ncer continua se proliferando e se multiplicando. Precisamos de um rem\u00e9dio. Como bem falaram alguns senadores, \u00e9 preciso instalar uma CPI da Vaza Toga. Ela \u00e9 um instrumento necess\u00e1rio para fazer essa investiga\u00e7\u00e3o e pode servir como um contrapeso. Seria um caminho&#8221;, afirma Kilter.<\/p>\n<p class=\"postParagraph_post-paragraph__juWZN\">O senador Espiridi\u00e3o Amin (PP-SC) criticou o Inqu\u00e9rito 4781, tamb\u00e9m conhecido como &#8220;Inqu\u00e9rito das Fake News&#8221;. Trata-se de investiga\u00e7\u00e3o do STF que come\u00e7ou em mar\u00e7o de 2019 para apurar a divulga\u00e7\u00e3o de not\u00edcias falsas e ataques contra a Corte. Amin chamou o procedimento de &#8220;verdadeira blindagem&#8221;.<\/p>\n<p class=\"postParagraph_post-paragraph__juWZN\">&#8220;O STF passou a governar o pa\u00eds a partir de inqu\u00e9ritos. N\u00f3s estamos sendo governados por inqu\u00e9ritos h\u00e1 6 anos. N\u00f3s temos ainda outros, al\u00e9m de peti\u00e7\u00f5es esparsas, que circulam em torno deste mesmo inqu\u00e9rito e que nos governam&#8221;, afirma o jurista Andr\u00e9 Marsiglia.<\/p>\n<p class=\"postParagraph_post-paragraph-innerHtml__Q5vwc\">O programa \u00daltima An\u00e1lise faz parte do conte\u00fado jornal\u00edstico ao vivo da Gazeta do Povo, no YouTube. O hor\u00e1rio de exibi\u00e7\u00e3o \u00e9 das 19h \u00e0s 20h30, de segunda a sexta-feira. A proposta \u00e9 discutir de forma racional, aprofundada e respeitosa alguns dos temas desafiadores para os rumos do pa\u00eds.<\/p>\n<p><iframe title=\"Senadores relatam chantagens, trucul\u00eancias e exigem basta ao STF | \u00daLTIMA AN\u00c1LISE\" width=\"800\" height=\"450\" src=\"https:\/\/www.youtube.com\/embed\/ABmweo75qoU?feature=oembed\" frameborder=\"0\" allow=\"accelerometer; autoplay; clipboard-write; encrypted-media; gyroscope; picture-in-picture; web-share\" referrerpolicy=\"strict-origin-when-cross-origin\" allowfullscreen><\/iframe><\/p>\n<\/div>\n<p><br \/>\n<br \/>Fonte: <a href=\"https:\/\/www.gazetadopovo.com.br\/republica\/pec-da-blindagem-como-legislativo-marcou-territorio-contra-stf\/\">Revista Oeste<\/a><\/p>\n","protected":false},"excerpt":{"rendered":"<p>No programa \u00daltima An\u00e1lise desta quarta-feira (24), os convidados analisaram a decis\u00e3o da Comiss\u00e3o de Constitui\u00e7\u00e3o e Justi\u00e7a (CCJ) do Senado Federal, que arquivou, por unanimidade, a &#8220;PEC da Imunidade&#8221; ou, como chamavam os cr\u00edticos, a &#8220;PEC da Blindagem&#8221;. O projeto buscava aumentar a prote\u00e7\u00e3o judicial para deputados e senadores e foi barrado pela casa [&hellip;]<\/p>\n","protected":false},"author":5,"featured_media":45849,"comment_status":"open","ping_status":"open","sticky":false,"template":"","format":"standard","meta":{"_seopress_robots_primary_cat":"","_seopress_titles_title":"","_seopress_titles_desc":"","_seopress_robots_index":"","footnotes":""},"categories":[1],"tags":[],"class_list":["post-45848","post","type-post","status-publish","format-standard","has-post-thumbnail","hentry","category-ultimas-noticias"],"_links":{"self":[{"href":"https:\/\/mussicom.com\/noticias\/wp-json\/wp\/v2\/posts\/45848","targetHints":{"allow":["GET"]}}],"collection":[{"href":"https:\/\/mussicom.com\/noticias\/wp-json\/wp\/v2\/posts"}],"about":[{"href":"https:\/\/mussicom.com\/noticias\/wp-json\/wp\/v2\/types\/post"}],"author":[{"embeddable":true,"href":"https:\/\/mussicom.com\/noticias\/wp-json\/wp\/v2\/users\/5"}],"replies":[{"embeddable":true,"href":"https:\/\/mussicom.com\/noticias\/wp-json\/wp\/v2\/comments?post=45848"}],"version-history":[{"count":0,"href":"https:\/\/mussicom.com\/noticias\/wp-json\/wp\/v2\/posts\/45848\/revisions"}],"wp:featuredmedia":[{"embeddable":true,"href":"https:\/\/mussicom.com\/noticias\/wp-json\/wp\/v2\/media\/45849"}],"wp:attachment":[{"href":"https:\/\/mussicom.com\/noticias\/wp-json\/wp\/v2\/media?parent=45848"}],"wp:term":[{"taxonomy":"category","embeddable":true,"href":"https:\/\/mussicom.com\/noticias\/wp-json\/wp\/v2\/categories?post=45848"},{"taxonomy":"post_tag","embeddable":true,"href":"https:\/\/mussicom.com\/noticias\/wp-json\/wp\/v2\/tags?post=45848"}],"curies":[{"name":"wp","href":"https:\/\/api.w.org\/{rel}","templated":true}]}}