{"id":45841,"date":"2025-09-25T18:20:33","date_gmt":"2025-09-25T21:20:33","guid":{"rendered":"https:\/\/mussicom.com\/eua-vao-abrir-investigacao-contra-fundacao-de-george-soros\/"},"modified":"2025-09-25T18:20:33","modified_gmt":"2025-09-25T21:20:33","slug":"eua-vao-abrir-investigacao-contra-fundacao-de-george-soros","status":"publish","type":"post","link":"https:\/\/mussicom.com\/noticias\/eua-vao-abrir-investigacao-contra-fundacao-de-george-soros\/","title":{"rendered":"EUA v\u00e3o abrir investiga\u00e7\u00e3o contra funda\u00e7\u00e3o de George Soros"},"content":{"rendered":"<p> <br \/>\n<\/p>\n<div>\n<p class=\"postParagraph_post-paragraph-innerHtml__Q5vwc\">O Departamento de Justi\u00e7a dos Estados Unidos, sob a lideran\u00e7a da procuradora-geral Pam Bondi e do governo do presidente Donald Trump, instruiu promotores federais a elaborar planos de investiga\u00e7\u00e3o contra a Open Society Foundations, do bilion\u00e1rio progressista George Soros. A informa\u00e7\u00e3o foi revelada nesta quinta-feira (25) pelo <em>New York Times<\/em> e confirmada por comunicados da pr\u00f3pria funda\u00e7\u00e3o.<\/p>\n<p class=\"postParagraph_post-paragraph__juWZN\">De acordo com o jornal, um advogado do gabinete do vice-procurador-geral Todd Blanche enviou um memorando a procuradores em estados como Calif\u00f3rnia, Nova York, Illinois e Michigan sugerindo poss\u00edveis acusa\u00e7\u00f5es contra a Open Society, incluindo associa\u00e7\u00e3o criminosa, inc\u00eandio criminoso, fraude eletr\u00f4nica e at\u00e9 apoio material ao terrorismo. O documento cita como base um relat\u00f3rio de um grupo observador conservador, o Capital Research Center, que acusa a funda\u00e7\u00e3o de Soros de financiar entidades ligadas a atividades extremistas de esquerda.<\/p>\n<p class=\"postParagraph_post-paragraph__juWZN\">Em resposta, a Open Society negou as acusa\u00e7\u00f5es e afirmou que se tratam de tentativas pol\u00edticas para silenciar opositores.<\/p>\n<p class=\"postParagraph_post-paragraph__juWZN\">\u201cO esfor\u00e7o \u00e9 \u2018destinado a silenciar discursos com os quais o governo n\u00e3o concorda e a minar o direito \u00e0 liberdade de express\u00e3o garantido pela Primeira Emenda\u2019\u201d, disse a organiza\u00e7\u00e3o em nota. A funda\u00e7\u00e3o acrescentou ainda: \u201cCondenamos inequivocamente o terrorismo e n\u00e3o financiamos terrorismo. Nossas atividades s\u00e3o pac\u00edficas e legais\u201d.<\/p>\n<\/div>\n<p><br \/>\n<br \/>Fonte: <a href=\"https:\/\/www.gazetadopovo.com.br\/mundo\/fundacao-soros-investigacao-eua\/\">Revista Oeste<\/a><\/p>\n","protected":false},"excerpt":{"rendered":"<p>O Departamento de Justi\u00e7a dos Estados Unidos, sob a lideran\u00e7a da procuradora-geral Pam Bondi e do governo do presidente Donald Trump, instruiu promotores federais a elaborar planos de investiga\u00e7\u00e3o contra a Open Society Foundations, do bilion\u00e1rio progressista George Soros. A informa\u00e7\u00e3o foi revelada nesta quinta-feira (25) pelo New York Times e confirmada por comunicados da [&hellip;]<\/p>\n","protected":false},"author":5,"featured_media":43595,"comment_status":"open","ping_status":"open","sticky":false,"template":"","format":"standard","meta":{"_seopress_robots_primary_cat":"","_seopress_titles_title":"","_seopress_titles_desc":"","_seopress_robots_index":"","footnotes":""},"categories":[48],"tags":[],"class_list":["post-45841","post","type-post","status-publish","format-standard","has-post-thumbnail","hentry","category-internacional"],"_links":{"self":[{"href":"https:\/\/mussicom.com\/noticias\/wp-json\/wp\/v2\/posts\/45841","targetHints":{"allow":["GET"]}}],"collection":[{"href":"https:\/\/mussicom.com\/noticias\/wp-json\/wp\/v2\/posts"}],"about":[{"href":"https:\/\/mussicom.com\/noticias\/wp-json\/wp\/v2\/types\/post"}],"author":[{"embeddable":true,"href":"https:\/\/mussicom.com\/noticias\/wp-json\/wp\/v2\/users\/5"}],"replies":[{"embeddable":true,"href":"https:\/\/mussicom.com\/noticias\/wp-json\/wp\/v2\/comments?post=45841"}],"version-history":[{"count":0,"href":"https:\/\/mussicom.com\/noticias\/wp-json\/wp\/v2\/posts\/45841\/revisions"}],"wp:featuredmedia":[{"embeddable":true,"href":"https:\/\/mussicom.com\/noticias\/wp-json\/wp\/v2\/media\/43595"}],"wp:attachment":[{"href":"https:\/\/mussicom.com\/noticias\/wp-json\/wp\/v2\/media?parent=45841"}],"wp:term":[{"taxonomy":"category","embeddable":true,"href":"https:\/\/mussicom.com\/noticias\/wp-json\/wp\/v2\/categories?post=45841"},{"taxonomy":"post_tag","embeddable":true,"href":"https:\/\/mussicom.com\/noticias\/wp-json\/wp\/v2\/tags?post=45841"}],"curies":[{"name":"wp","href":"https:\/\/api.w.org\/{rel}","templated":true}]}}