{"id":45807,"date":"2025-09-25T15:21:14","date_gmt":"2025-09-25T18:21:14","guid":{"rendered":"https:\/\/mussicom.com\/previa-da-inflacao-sobe-048-em-setembro\/"},"modified":"2025-09-25T15:21:14","modified_gmt":"2025-09-25T18:21:14","slug":"previa-da-inflacao-sobe-048-em-setembro","status":"publish","type":"post","link":"https:\/\/mussicom.com\/noticias\/previa-da-inflacao-sobe-048-em-setembro\/","title":{"rendered":"Pr\u00e9via da infla\u00e7\u00e3o sobe 0,48% em setembro"},"content":{"rendered":"<p> <br \/>\n<\/p>\n<div>\n<p>A <strong>pr\u00e9via da infla\u00e7\u00e3o oficial de setembro ficou em 0,48%, impactada principalmente pelo pre\u00e7o da energia el\u00e9trica.<\/strong> Em agosto, o \u00cdndice Nacional de Pre\u00e7os ao Consumidor Amplo 15 (IPCA-15) ficou em -0,14%.<img decoding=\"async\" src=\"https:\/\/agenciabrasil.ebc.com.br\/ebc.gif?id=1660205&amp;o=node\" style=\"width:1px; height:1px; display:inline;\"\/><\/p>\n<p>J\u00e1 em setembro de 2024 o indicador marcou 0,13%.<strong> Em 12 meses, o IPCA-15 acumula 5,32%<\/strong>.\u00a0Os n\u00fameros foram divulgado nesta quinta-feira (25) pelo Instituto Brasileiro de Geografia e Estat\u00edstica (IBGE).<\/p>\n<p>Pelos dados pr\u00e9vios, a infla\u00e7\u00e3o anual se mant\u00e9m acima da meta do governo de 3% ao ano com toler\u00e2ncia de 1,5 ponto percentual (p.p.) para mais ou para menos, ou seja, indo no m\u00e1ximo a 4,5%.<\/p>\n<p>A alta da conta de luz \u00e9 explicada pela \u201cdevolu\u00e7\u00e3o\u201d do B\u00f4nus Itaipu, desconto na conta de agosto que beneficiou 80,8 milh\u00f5es de consumidores. Em setembro, sem o b\u00f4nus, a fatura fica mais alta na compara\u00e7\u00e3o com o m\u00eas anterior.<\/p>\n<p>&gt;&gt; Siga o canal da <strong>Ag\u00eancia Brasil <\/strong>no WhatsApp<\/p>\n<h2>Influ\u00eancias<\/h2>\n<p>Dos cinco grupos de pre\u00e7os apurados pelo IBGE, cinco apresentaram alta na passagem de agosto para setembro:<\/p>\n<p>&#8211; Habita\u00e7\u00e3o: 3,31<\/p>\n<p>&#8211; Vestu\u00e1rio: 0,97<\/p>\n<p>&#8211; Sa\u00fade e cuidados pessoais: 0,36<\/p>\n<p>&#8211; Despesas pessoais: 0,20<\/p>\n<p>&#8211; Educa\u00e7\u00e3o: 0,03<\/p>\n<p>&#8211; Comunica\u00e7\u00e3o: -0,08<\/p>\n<p>&#8211; Artigos de resid\u00eancia: -0,16<\/p>\n<p>&#8211; Transportes: -0,25<\/p>\n<p>&#8211; Alimenta\u00e7\u00e3o e bebidas: -0,35<\/p>\n<p>A alta do grupo habita\u00e7\u00e3o respondeu por 0,5 p.p. do IPCA-15 de setembro. A energia el\u00e9trica residencial, que faz parte do grupamento, foi o maior impacto individual dos 377 produtos e servi\u00e7os pesquisados pelo IBGE, subindo 12,17%, ap\u00f3s a queda de 4,93% em agosto. O <strong>impacto s\u00f3 desse subitem ficou em 0,47 p.p.<\/strong><\/p>\n<p>Al\u00e9m do fim do b\u00f4nus, a conta de luz sofre influ\u00eancia da vig\u00eancia da bandeira tarif\u00e1ria vermelha patamar 2, que adicionou R$ 7,87 na conta de luz a cada 100 Kwh consumidos.<\/p>\n<p>A <strong>cobran\u00e7a extra \u00e9 determinada pela Aneel para custear usinas termel\u00e9tricas em tempos de baixa nos reservat\u00f3rios das hidrel\u00e9tricas.<\/strong> O adicional \u00e9 necess\u00e1rio, pois a energia gerada pelas termel\u00e9tricas \u00e9 mais cara que a hidrel\u00e9trica.<\/p>\n<h2>Alimentos caem pelo 4\u00ba m\u00eas<\/h2>\n<p>A pr\u00e9via da infla\u00e7\u00e3o mostra que os <strong>pre\u00e7os dos alimentos ca\u00edram pelo quarto m\u00eas seguido. Em setembro, o recuo foi 0,35% e impacto de -0,08 p.p.<\/strong> Em agosto, a queda foi 0,53%.<\/p>\n<p>A alimenta\u00e7\u00e3o no domic\u00edlio (-0,63%) foi influenciada pelas quedas do tomate (-17,49%), cebola (-8,65%), arroz (-2,91%) e caf\u00e9 mo\u00eddo (-1,81%). No sentido inverso, <strong>as frutas subiram 1,03%, em m\u00e9dia.<\/strong><\/p>\n<p>Em rela\u00e7\u00e3o \u00e0 alimenta\u00e7\u00e3o fora do domic\u00edlio, o <strong>IPCA-15 mostra alta de 0,36%, abaixo do 0,71% de agosto, representando desacelera\u00e7\u00e3o.<\/strong><\/p>\n<h2>IPCA-15 x IPCA<\/h2>\n<p>O IPCA-15 tem basicamente a mesma metodologia do IPCA, a chamada infla\u00e7\u00e3o oficial, que serve de base para a pol\u00edtica de meta de infla\u00e7\u00e3o do governo.<\/p>\n<p>A diferen\u00e7a est\u00e1 no per\u00edodo de coleta de pre\u00e7os e na abrang\u00eancia geogr\u00e1fica. Na pr\u00e9via, a pesquisa \u00e9 feita e divulgada antes mesmo de acabar o m\u00eas de refer\u00eancia. Em rela\u00e7\u00e3o \u00e0 divulga\u00e7\u00e3o atual, o per\u00edodo de coleta foi de 15 de agosto a 15 de setembro.<\/p>\n<p><strong>Ambos os \u00edndices levam em considera\u00e7\u00e3o uma cesta de produtos e servi\u00e7os para fam\u00edlias com rendimentos entre um e 40 sal\u00e1rios m\u00ednimos. Atualmente, o valor do m\u00ednimo \u00e9 R$ 1.518.<\/strong><\/p>\n<p>O IPCA-15 coleta pre\u00e7os em 11 localidades do pa\u00eds (as regi\u00f5es metropolitanas do Rio de Janeiro, Porto Alegre, Belo Horizonte, Recife, S\u00e3o Paulo, Bel\u00e9m, Fortaleza, Salvador e Curitiba, al\u00e9m de Bras\u00edlia e Goi\u00e2nia.); e o IPCA, 16 localidades (inclui Vit\u00f3ria, Campo Grande, Rio Branco, S\u00e3o Lu\u00eds e Aracaju). <strong>O IPCA \u201ccheio\u201d de setembro ser\u00e1 divulgado em 9 de outubro.<\/strong><\/p>\n<p>A cobran\u00e7a extra \u00e9 determinada pela Aneel para custear usinas termel\u00e9tricas em tempos de baixa nos reservat\u00f3rios das hidrel\u00e9tricas. O adicional \u00e9 necess\u00e1rio, pois a energia gerada pelas termel\u00e9tricas \u00e9 mais cara que a hidrel\u00e9trica.<\/p>\n<p><em>*Mat\u00e9ria atualizada \u00e0s 9h46min. para acr\u00e9scimo de informa\u00e7\u00f5es.<\/em><\/p>\n<p>\u00a0<\/p>\n<p>      <!-- Relacionada --><\/p>\n<p>            <!-- Relacionada -->\n    <\/div>\n<p><br \/>\n<br \/>Fonte: <a href=\"https:\/\/agenciabrasil.ebc.com.br\/economia\/noticia\/2025-09\/previa-da-inflacao-sobe-048-em-setembro\">Gazeta do Povo<\/a><\/p>\n","protected":false},"excerpt":{"rendered":"<p>A pr\u00e9via da infla\u00e7\u00e3o oficial de setembro ficou em 0,48%, impactada principalmente pelo pre\u00e7o da energia el\u00e9trica. Em agosto, o \u00cdndice Nacional de Pre\u00e7os ao Consumidor Amplo 15 (IPCA-15) ficou em -0,14%. J\u00e1 em setembro de 2024 o indicador marcou 0,13%. Em 12 meses, o IPCA-15 acumula 5,32%.\u00a0Os n\u00fameros foram divulgado nesta quinta-feira (25) pelo [&hellip;]<\/p>\n","protected":false},"author":5,"featured_media":34744,"comment_status":"open","ping_status":"open","sticky":false,"template":"","format":"standard","meta":{"_seopress_robots_primary_cat":"","_seopress_titles_title":"","_seopress_titles_desc":"","_seopress_robots_index":"","footnotes":""},"categories":[45],"tags":[],"class_list":["post-45807","post","type-post","status-publish","format-standard","has-post-thumbnail","hentry","category-economia"],"_links":{"self":[{"href":"https:\/\/mussicom.com\/noticias\/wp-json\/wp\/v2\/posts\/45807","targetHints":{"allow":["GET"]}}],"collection":[{"href":"https:\/\/mussicom.com\/noticias\/wp-json\/wp\/v2\/posts"}],"about":[{"href":"https:\/\/mussicom.com\/noticias\/wp-json\/wp\/v2\/types\/post"}],"author":[{"embeddable":true,"href":"https:\/\/mussicom.com\/noticias\/wp-json\/wp\/v2\/users\/5"}],"replies":[{"embeddable":true,"href":"https:\/\/mussicom.com\/noticias\/wp-json\/wp\/v2\/comments?post=45807"}],"version-history":[{"count":0,"href":"https:\/\/mussicom.com\/noticias\/wp-json\/wp\/v2\/posts\/45807\/revisions"}],"wp:featuredmedia":[{"embeddable":true,"href":"https:\/\/mussicom.com\/noticias\/wp-json\/wp\/v2\/media\/34744"}],"wp:attachment":[{"href":"https:\/\/mussicom.com\/noticias\/wp-json\/wp\/v2\/media?parent=45807"}],"wp:term":[{"taxonomy":"category","embeddable":true,"href":"https:\/\/mussicom.com\/noticias\/wp-json\/wp\/v2\/categories?post=45807"},{"taxonomy":"post_tag","embeddable":true,"href":"https:\/\/mussicom.com\/noticias\/wp-json\/wp\/v2\/tags?post=45807"}],"curies":[{"name":"wp","href":"https:\/\/api.w.org\/{rel}","templated":true}]}}