{"id":45673,"date":"2025-09-25T01:09:42","date_gmt":"2025-09-25T04:09:42","guid":{"rendered":"https:\/\/mussicom.com\/o-hit-do-raimundos-que-rodolfo-se-recusava-a-gravar\/"},"modified":"2025-09-25T01:09:42","modified_gmt":"2025-09-25T04:09:42","slug":"o-hit-do-raimundos-que-rodolfo-se-recusava-a-gravar","status":"publish","type":"post","link":"https:\/\/mussicom.com\/noticias\/o-hit-do-raimundos-que-rodolfo-se-recusava-a-gravar\/","title":{"rendered":"O hit do Raimundos que Rodolfo se recusava a gravar"},"content":{"rendered":"<p> <br \/>\n<\/p>\n<div>\n<p><span style=\"font-weight: 400;\">Desde seu \u00e1lbum de estreia lan\u00e7ado em 1994, o <strong>Raimundos<\/strong> se notabilizou pelo som que funde hardcore punk com g\u00eaneros da chamada m\u00fasica nordestina. Todavia, a m\u00fasica que levou o grupo ao estrelato \u2014 justo na \u00e9poca de seu primeiro disco \u2014 foi justamente uma composi\u00e7\u00e3o de sonoridade mais leve.<\/span><\/p>\n<p><b>\u201cSelim\u201d<\/b><span style=\"font-weight: 400;\">, balada de letra expl\u00edcita, tem influ\u00eancia do que se convencionou de rotular como m\u00fasica \u201cbrega\u201d. Em fun\u00e7\u00e3o disso, alguns de seus integrantes a odiavam \u2014 em especial o vocalista e guitarrista <\/span><b>Rodolfo Abrantes<\/b><span style=\"font-weight: 400;\">, que precisou ser convencido a grav\u00e1-la para lan\u00e7amento.<\/span><\/p>\n<p><span style=\"font-weight: 400;\">A faixa nasceu como uma forma de sacanear contratantes de shows ao fim do repert\u00f3rio. O \u201cproblema\u201d \u00e9 que o p\u00fablico curtiu. Por isso, foi considerada para o repert\u00f3rio do \u00e1lbum hom\u00f4nimo de 1994.<\/span><\/p>\n<p><iframe title=\"Selim\" width=\"800\" height=\"600\" src=\"https:\/\/www.youtube.com\/embed\/OO3Z65P9ZD8?feature=oembed\" frameborder=\"0\" allow=\"accelerometer; autoplay; clipboard-write; encrypted-media; gyroscope; picture-in-picture; web-share\" referrerpolicy=\"strict-origin-when-cross-origin\" allowfullscreen><\/iframe><\/p>\n<p><span style=\"font-weight: 400;\">Em entrevista ao programa <\/span><b><i>Discoteca MTV<\/i><\/b><span style=\"font-weight: 400;\"> (via <\/span><span style=\"font-weight: 400;\">site Igor Miranda<\/span><span style=\"font-weight: 400;\">), integrantes do Raimundos e o produtor do \u00e1lbum, o saudoso <\/span><b>Carlos Eduardo Miranda<\/b><span style=\"font-weight: 400;\">, falaram sobre a inusitada faixa. Inicialmente, Miranda declarou:<\/span><\/p>\n<blockquote>\n<p><i><span style=\"font-weight: 400;\">\u201cTinha uma m\u00fasica que todo mundo falava que quando eles tocavam na festinha, todo mundo gostava. O Rodolfo odiava cant\u00e1-la, mas era tocar essa m\u00fasica na festinha que todo mundo cantava. Falei: \u2018vai ter que gravar essa m\u00fasica\u2019. Era <\/span><\/i><b><i>\u2018Selim\u2019<\/i><\/b><i><span style=\"font-weight: 400;\">.\u201d<\/span><\/i><\/p>\n<\/blockquote>\n<p><span style=\"font-weight: 400;\">O baterista <\/span><b>Fred Castro<\/b><span style=\"font-weight: 400;\">, por sua vez, disse que a m\u00fasica n\u00e3o chegou a ser imposta, nem gerou brigas, mas demandou reflex\u00e3o por parte dos integrantes. J\u00e1 o baixista <\/span><b>Canisso<\/b><span style=\"font-weight: 400;\">, falecido em 2023, destacou que a recusa por inclu\u00ed-la no disco era a sonoridade diferente, mais leve.<\/span><\/p>\n<blockquote>\n<p><i><span style=\"font-weight: 400;\">\u201cEra aquela hist\u00f3ria: \u2018Voc\u00eas querem gravar? Acabou? O que voc\u00eas t\u00eam mais?\u2019. \u2018Cara, n\u00e3o tem mais nada\u2019. \u2018E aquela m\u00fasica que voc\u00eas me mostraram, aquela tal de <\/span><\/i><b><i>\u2018Selim\u2019<\/i><\/b><i><span style=\"font-weight: 400;\">?\u2019. \u2018N\u00e3o, n\u00e3o, ningu\u00e9m quer gravar essa n\u00e3o, essa \u00e9 horr\u00edvel\u2019. \u2018N\u00e3o, mas \u00e9 demais\u2019. \u2018N\u00e3o, cara, a gente \u00e9 uma banda porrada\u2019.\u201d<\/span><\/i><\/p>\n<\/blockquote>\n<p><span style=\"font-weight: 400;\">As grava\u00e7\u00f5es de <\/span><b>\u201cSelim\u201d<\/b><span style=\"font-weight: 400;\"> ocorreram nas \u00faltimas duas horas de est\u00fadio reservadas para a concep\u00e7\u00e3o do \u00e1lbum. <\/span><b>Nando Reis<\/b><span style=\"font-weight: 400;\">, \u00e0 \u00e9poca membro do <\/span><b>Tit\u00e3s<\/b><span style=\"font-weight: 400;\">, gravou viola.<\/span><\/p>\n<h2><span style=\"font-weight: 400;\">Rodolfo Abrantes, o \u201copositor\u201d<\/span><\/h2>\n<p><span style=\"font-weight: 400;\">O grande opositor a <\/span><b>\u201cSelim\u201d<\/b><span style=\"font-weight: 400;\"> era Rodolfo Abrantes. Coube a Miranda a tarefa de convenc\u00ea-lo, com uma t\u00e1tica inusitada, a registrar os vocais para a m\u00fasica.<\/span><\/p>\n<blockquote>\n<p><i><span style=\"font-weight: 400;\">\u201cO Rodolfo disse que n\u00e3o iria cantar, ent\u00e3o eu falei: \u2018vou chamar o <\/span><\/i><b><i>Falc\u00e3o<\/i><\/b><i><span style=\"font-weight: 400;\">, cearense, e botar ele para cantar essa m\u00fasica, a\u00ed beleza, vai ficar legal\u2019. A\u00ed o Rodolfo: \u2018n\u00e3o, ent\u00e3o eu canto ela\u2019.\u201d<\/span><\/i><\/p>\n<\/blockquote>\n<h2><span style=\"font-weight: 400;\">O estouro do Raimundos<\/span><\/h2>\n<p><span style=\"font-weight: 400;\">Apesar da letra de conte\u00fado expl\u00edcito e controverso, <\/span><b>\u201cSelim\u201d<\/b><span style=\"font-weight: 400;\"> foi a m\u00fasica respons\u00e1vel por alavancar as vendas do \u00e1lbum de estreia do Raimundos. O guitarrista Dig\u00e3o apontou, por outro lado, que n\u00e3o h\u00e1 palavr\u00e3o na letra da faixa.<\/span><\/p>\n<blockquote>\n<p><i><span style=\"font-weight: 400;\">\u201cEssa m\u00fasica \u00e9 de uma simplicidade, de uma simpatia\u2026 e \u00e9 a \u00fanica m\u00fasica que a gente n\u00e3o fala palavr\u00e3o. Se voc\u00ea for olhar, entrar no m\u00e9rito \u2018judicial\u2019 da coisa, isso n\u00e3o \u00e9 um palavr\u00e3o, \u00e9 uma palavra cient\u00edfica: \u2018\u00e2n#s\u2019, \u2018vag#na\u2019.\u201d<\/span><\/i><\/p>\n<\/blockquote>\n<p><span style=\"font-weight: 400;\">Canisso definiu <\/span><b>\u201cSelim\u201d<\/b><span style=\"font-weight: 400;\"> como a m\u00fasica \u201cque virou\u201d. Ele afirmou:<\/span><\/p>\n<blockquote>\n<p><em><span style=\"font-weight: 400;\">\u201cA gente tinha bronca de <\/span><b>\u2018Selim\u2019<\/b><span style=\"font-weight: 400;\"> igual, tempos depois, o Los Hermanos tinha de <\/span><b>\u2018Anna J\u00falia\u2019<\/b><span style=\"font-weight: 400;\">. Passaram-se anos at\u00e9 voltarmos a tocar <\/span><b>\u2018Selim\u2019<\/b><span style=\"font-weight: 400;\">\u201d.<\/span><\/em><\/p>\n<\/blockquote>\n<p><span style=\"font-weight: 400;\">Fred completou: <\/span><i><span style=\"font-weight: 400;\">\u201cE acabou que <\/span><\/i><b><i>\u2018Selim\u2019<\/i><\/b><i><span style=\"font-weight: 400;\"> deu o disco de ouro para a gente.\u201d<\/span><\/i><\/p>\n<p><strong>+++ LEIA MAIS: Por que Rodolfo Abrantes ficou anos sem fazer shows fora de eventos religiosos<br \/>+++ LEIA MAIS: Raimundos: Rodolfo Abrantes diz que Dig\u00e3o mudou sua vida com telefonema de paz<\/strong><br \/><strong>+++ LEIA MAIS: <\/strong><strong>A curiosa t\u00e1tica de carreira adotada por Lady Gaga e Dig\u00e3o do Raimundos<\/strong><br \/><strong>+++ Siga a Rolling Stone Brasil @rollingstonebrasil no Instagram<br \/>+++ Siga o jornalista Igor Miranda @igormirandasite no Instagram<\/strong><\/p>\n<div class=\"author-box clearfix mb-4\">\n<div class=\"d-flex align-items-center\">\n<div class=\"author-avatar\">\n        &#13;<br \/>\n          \n      <\/div>\n<div class=\"author-info ms-3\">\n<div class=\"author-description\"><strong>Igor Miranda<\/strong> \u00e9 jornalista formado pela Universidade Federal de Uberl\u00e2ndia (UFU) e p\u00f3s-graduado em Jornalismo Digital. Come\u00e7ou em 2007 a escrever sobre m\u00fasica, com foco em rock e heavy metal. \u00c9 colaborador da <strong>Rolling Stone Brasil<\/strong> desde 2022 e mant\u00e9m o site pr\u00f3prio <strong>IgorMiranda.com.br<\/strong>. Tamb\u00e9m trabalhou para ve\u00edculos como Whiplash.Net, revista Roadie Crew, portal Cifras, site\/canal Ei Nerd e revista Guitarload, entre outros. Instagram e outras redes: <strong>@igormirandasite<\/strong>.<\/div>\n<\/p><\/div>\n<\/p><\/div>\n<\/p><\/div>\n<\/p><\/div>\n<p><script async src=\"\/\/www.instagram.com\/embed.js\"><\/script><br \/>\n<br \/><br \/>\n<br \/>Fonte: <a href=\"https:\/\/rollingstone.com.br\/musica\/raimundos-hit-rodolfo-se-recusava-a-gravar\/\">rollingstone.com.br<\/a><\/p>\n","protected":false},"excerpt":{"rendered":"<p>Desde seu \u00e1lbum de estreia lan\u00e7ado em 1994, o Raimundos se notabilizou pelo som que funde hardcore punk com g\u00eaneros da chamada m\u00fasica nordestina. Todavia, a m\u00fasica que levou o grupo ao estrelato \u2014 justo na \u00e9poca de seu primeiro disco \u2014 foi justamente uma composi\u00e7\u00e3o de sonoridade mais leve. \u201cSelim\u201d, balada de letra expl\u00edcita, [&hellip;]<\/p>\n","protected":false},"author":5,"featured_media":45674,"comment_status":"open","ping_status":"open","sticky":false,"template":"","format":"standard","meta":{"_seopress_robots_primary_cat":"","_seopress_titles_title":"","_seopress_titles_desc":"","_seopress_robots_index":"","footnotes":""},"categories":[51],"tags":[],"class_list":["post-45673","post","type-post","status-publish","format-standard","has-post-thumbnail","hentry","category-musica"],"_links":{"self":[{"href":"https:\/\/mussicom.com\/noticias\/wp-json\/wp\/v2\/posts\/45673","targetHints":{"allow":["GET"]}}],"collection":[{"href":"https:\/\/mussicom.com\/noticias\/wp-json\/wp\/v2\/posts"}],"about":[{"href":"https:\/\/mussicom.com\/noticias\/wp-json\/wp\/v2\/types\/post"}],"author":[{"embeddable":true,"href":"https:\/\/mussicom.com\/noticias\/wp-json\/wp\/v2\/users\/5"}],"replies":[{"embeddable":true,"href":"https:\/\/mussicom.com\/noticias\/wp-json\/wp\/v2\/comments?post=45673"}],"version-history":[{"count":0,"href":"https:\/\/mussicom.com\/noticias\/wp-json\/wp\/v2\/posts\/45673\/revisions"}],"wp:featuredmedia":[{"embeddable":true,"href":"https:\/\/mussicom.com\/noticias\/wp-json\/wp\/v2\/media\/45674"}],"wp:attachment":[{"href":"https:\/\/mussicom.com\/noticias\/wp-json\/wp\/v2\/media?parent=45673"}],"wp:term":[{"taxonomy":"category","embeddable":true,"href":"https:\/\/mussicom.com\/noticias\/wp-json\/wp\/v2\/categories?post=45673"},{"taxonomy":"post_tag","embeddable":true,"href":"https:\/\/mussicom.com\/noticias\/wp-json\/wp\/v2\/tags?post=45673"}],"curies":[{"name":"wp","href":"https:\/\/api.w.org\/{rel}","templated":true}]}}