{"id":45643,"date":"2025-09-24T22:06:14","date_gmt":"2025-09-25T01:06:14","guid":{"rendered":"https:\/\/mussicom.com\/yo-la-tengo-apresenta-show-acustico-especial-em-sao-paulo\/"},"modified":"2025-09-24T22:06:14","modified_gmt":"2025-09-25T01:06:14","slug":"yo-la-tengo-apresenta-show-acustico-especial-em-sao-paulo","status":"publish","type":"post","link":"https:\/\/mussicom.com\/noticias\/yo-la-tengo-apresenta-show-acustico-especial-em-sao-paulo\/","title":{"rendered":"Yo La Tengo apresenta show ac\u00fastico especial em S\u00e3o Paulo"},"content":{"rendered":"<p> <br \/>\n<\/p>\n<div>\n<p class=\"whitespace-normal break-words\">O trio norte-americano <strong>Yo La Tengo<\/strong> realizar\u00e1 uma apresenta\u00e7\u00e3o ac\u00fastica no dia 10 de novembro no Cine Joia, em S\u00e3o Paulo. O show intimista \u00e9 um sideshow do <strong>Balaclava Fest<\/strong> e oferecer\u00e1 vers\u00f5es \u00fanicas do repert\u00f3rio da banda em formato despojado.<\/p>\n<p class=\"whitespace-normal break-words\">A apresenta\u00e7\u00e3o acontece um dia ap\u00f3s o show principal no <strong>Balaclava Fest<\/strong>, marcado para 9 de novembro no Tokio Marine Hall. O festival conta ainda com <strong>Stereolab<\/strong>, <strong>Geordie Greep<\/strong>, <strong>Fcukers<\/strong>, <strong>Jovens Ateus<\/strong>, <strong>Gab Ferreira<\/strong> e <strong>Walfredo em Busca da Simbiose<\/strong>.<\/p>\n<p class=\"whitespace-normal break-words\">Os ingressos est\u00e3o dispon\u00edveis online pelo site da Ingresse. Moradores de S\u00e3o Paulo podem comprar sem taxa no Takk\u00f8 Caf\u00e9, na Vila Buarque, ponto de venda f\u00edsico oficial.<\/p>\n<p class=\"whitespace-normal break-words\">Formado em 1984 em Hoboken, Nova Jersey, o <strong>Yo La Tengo<\/strong> \u00e9 composto pelo guitarrista <strong>Ira Kaplan<\/strong>, a baterista <strong>Georgia Hubley<\/strong> e o baixista <strong>James McNew<\/strong> (desde 1991). Com mais de quatro d\u00e9cadas de carreira, a banda \u00e9 uma das mais influentes do rock alternativo americano.<\/p>\n<p class=\"whitespace-normal break-words\">O grupo transita entre folk suave, jams atmosf\u00e9ricos, experimentos eletr\u00f4nicos e explos\u00f5es de guitarra. Suas influ\u00eancias v\u00e3o do <strong>Velvet Underground<\/strong> aos <strong>Kinks<\/strong>, passando por <strong>Mission of Burma<\/strong> e <strong>The Clean<\/strong>, resultando numa sonoridade ecl\u00e9tica que consegue saltar entre estilos diversos dentro de um mesmo \u00e1lbum.<\/p>\n<p class=\"whitespace-normal break-words\">A discografia inclui 17 \u00e1lbuns de est\u00fadio aclamados pela cr\u00edtica. Trabalhos como <em><strong>Painful<\/strong><\/em> (1993), <em><strong>Electr-o-pura<\/strong><\/em> (1995), <em><strong>I Can Hear The Heart Beating As One<\/strong><\/em> (1997) e <em><strong>And Then Nothing Turned Itself Inside-Out<\/strong><\/em> (2000) estabeleceram a banda como refer\u00eancia no indie rock. O \u00e1lbum mais recente, <em><strong>This Stupid World<\/strong><\/em> (2023), mant\u00e9m a tradi\u00e7\u00e3o de experimenta\u00e7\u00e3o e aclama\u00e7\u00e3o cr\u00edtica.<\/p>\n<p class=\"whitespace-normal break-words\">O show ac\u00fastico no Cine Joia ser\u00e1 uma oportunidade rara de ver <strong>Yo La Tengo<\/strong> em formato \u00edntimo, revelando nuances das composi\u00e7\u00f5es que podem passar despercebidas em apresenta\u00e7\u00f5es convencionais.<\/p>\n<p class=\"text-center\"><\/p>\n<h2>SERVI\u00c7O:<\/h2>\n<h3 dir=\"ltr\">Balaclava Fest sideshow com Yo La Tengo (EUA) em S\u00e3o Paulo<\/h3>\n<p dir=\"ltr\"><strong>Data<\/strong>: 10 de novembro de 2025<br \/><strong>Local<\/strong>: Cine Joia \u2013 Pra\u00e7a Carlos Gomes, 82 \u2013 Liberdade (pr\u00f3ximo \u00e0 esta\u00e7\u00e3o Jap\u00e3o-Liberdade, da Linha Azul)<br \/><strong>Hor\u00e1rios<\/strong>: Portas 19h \/ Show 21h<br \/><strong>Classifica\u00e7\u00e3o et\u00e1ria<\/strong>: 16+ \/ menores de 16 anos acompanhados dos pais ou respons\u00e1vel legal<br \/><strong>Ingressos<\/strong>: aqui<\/p>\n<p dir=\"ltr\"><strong>Ponto de venda f\u00edsico<\/strong> (sem taxa de conveni\u00eancia):<br \/><strong>Takk\u00f8 Caf\u00e9<\/strong>: R. Maj. Sert\u00f3rio, 553 \u2013 Vila Buarque \u2013 S\u00e3o Paulo-SP<br \/><strong>Hor\u00e1rios<\/strong>: Ter\u00e7a \u00e0 Sexta, das 8h \u00e0s 17h \/ S\u00e1b, dom e feriados, das 9h \u00e0s 18h<\/p>\n<p dir=\"ltr\"><strong>+++ LEIA MAIS: Helado Negro confirma show \u00fanico em SP como pr\u00e9via do Balaclava Fest 2025<br \/>+++ LEIA MAIS: Cap\u2019n Jazz toca no Brasil em show hist\u00f3rico produzido pela Balaclava<br \/>+++ LEIA MAIS: Balaclava Fest 2025 anuncia lineup com Stereolab, Yo La Tengo e mais<br \/><\/strong><\/p>\n<div class=\"author-box clearfix mb-4\">\n<div class=\"d-flex align-items-center\">\n<div class=\"author-avatar\">\n        &#13;<br \/>\n          <img decoding=\"async\" alt=\"Daniela Swidrak (@newtango)\" src=\"https:\/\/rollingstone.com.br\/wp-content\/uploads\/2025\/09\/daniela_sqmd.png\" class=\"avatar avatar-115 photo rounded-circle\" height=\"115\" width=\"115\"\/>\n      <\/div>\n<div class=\"author-info ms-3\">\n<p>Nascida na Argentina mas radicada no Brasil h\u00e1 mais de 15 anos, Daniela achou na m\u00fasica sua linguagem universal. Formada em radialismo pela UNESP, virou pesquisadora criativa e firmou seu p\u00e9 no jornalismo musical no portal Popload. Gateira, durante a semana procura a sua pr\u00f3xima banda favorita e aos finais de semana sempre acha um bom show para assistir.<\/p>\n<\/p><\/div>\n<\/p><\/div>\n<\/p><\/div>\n<\/p><\/div>\n<p><br \/>\n<br \/>Fonte: <a href=\"https:\/\/rollingstone.com.br\/musica\/yo-la-tengo-apresenta-show-acustico-especial-em-sao-paulo\/\">rollingstone.com.br<\/a><\/p>\n","protected":false},"excerpt":{"rendered":"<p>O trio norte-americano Yo La Tengo realizar\u00e1 uma apresenta\u00e7\u00e3o ac\u00fastica no dia 10 de novembro no Cine Joia, em S\u00e3o Paulo. O show intimista \u00e9 um sideshow do Balaclava Fest e oferecer\u00e1 vers\u00f5es \u00fanicas do repert\u00f3rio da banda em formato despojado. A apresenta\u00e7\u00e3o acontece um dia ap\u00f3s o show principal no Balaclava Fest, marcado para [&hellip;]<\/p>\n","protected":false},"author":5,"featured_media":45644,"comment_status":"open","ping_status":"open","sticky":false,"template":"","format":"standard","meta":{"_seopress_robots_primary_cat":"","_seopress_titles_title":"","_seopress_titles_desc":"","_seopress_robots_index":"","footnotes":""},"categories":[51],"tags":[],"class_list":["post-45643","post","type-post","status-publish","format-standard","has-post-thumbnail","hentry","category-musica"],"_links":{"self":[{"href":"https:\/\/mussicom.com\/noticias\/wp-json\/wp\/v2\/posts\/45643","targetHints":{"allow":["GET"]}}],"collection":[{"href":"https:\/\/mussicom.com\/noticias\/wp-json\/wp\/v2\/posts"}],"about":[{"href":"https:\/\/mussicom.com\/noticias\/wp-json\/wp\/v2\/types\/post"}],"author":[{"embeddable":true,"href":"https:\/\/mussicom.com\/noticias\/wp-json\/wp\/v2\/users\/5"}],"replies":[{"embeddable":true,"href":"https:\/\/mussicom.com\/noticias\/wp-json\/wp\/v2\/comments?post=45643"}],"version-history":[{"count":0,"href":"https:\/\/mussicom.com\/noticias\/wp-json\/wp\/v2\/posts\/45643\/revisions"}],"wp:featuredmedia":[{"embeddable":true,"href":"https:\/\/mussicom.com\/noticias\/wp-json\/wp\/v2\/media\/45644"}],"wp:attachment":[{"href":"https:\/\/mussicom.com\/noticias\/wp-json\/wp\/v2\/media?parent=45643"}],"wp:term":[{"taxonomy":"category","embeddable":true,"href":"https:\/\/mussicom.com\/noticias\/wp-json\/wp\/v2\/categories?post=45643"},{"taxonomy":"post_tag","embeddable":true,"href":"https:\/\/mussicom.com\/noticias\/wp-json\/wp\/v2\/tags?post=45643"}],"curies":[{"name":"wp","href":"https:\/\/api.w.org\/{rel}","templated":true}]}}