{"id":45638,"date":"2025-09-24T21:57:13","date_gmt":"2025-09-25T00:57:13","guid":{"rendered":"https:\/\/mussicom.com\/area-continental-fica-isenta-de-pedagio-na-rio-santos\/"},"modified":"2025-09-24T21:57:13","modified_gmt":"2025-09-25T00:57:13","slug":"area-continental-fica-isenta-de-pedagio-na-rio-santos","status":"publish","type":"post","link":"https:\/\/mussicom.com\/noticias\/area-continental-fica-isenta-de-pedagio-na-rio-santos\/","title":{"rendered":"\u00c1rea Continental fica isenta de ped\u00e1gio na Rio-Santos"},"content":{"rendered":"<p> <br \/>\n<\/p>\n<div><\/p>\n<div>Os moradores dos bairros Iriri e Caruara, na \u00c1rea Continental de Santos, j\u00e1 podem respirar aliviados. A diretora da Ag\u00eancia de Transporte<\/div>\n<\/div>\n<p><br \/>\n<br \/>Fonte: <a href=\"https:\/\/jornaldaorla.com.br\/noticias\/area-continental-fica-isenta-de-pedagio-na-rio-santos\/\">Jornal Da Orla<\/a><\/p>\n","protected":false},"excerpt":{"rendered":"<p>Os moradores dos bairros Iriri e Caruara, na \u00c1rea Continental de Santos, j\u00e1 podem respirar aliviados. A diretora da Ag\u00eancia de Transporte Fonte: Jornal Da Orla<\/p>\n","protected":false},"author":5,"featured_media":45639,"comment_status":"open","ping_status":"open","sticky":false,"template":"","format":"standard","meta":{"_seopress_robots_primary_cat":"","_seopress_titles_title":"","_seopress_titles_desc":"","_seopress_robots_index":"","footnotes":""},"categories":[52],"tags":[],"class_list":["post-45638","post","type-post","status-publish","format-standard","has-post-thumbnail","hentry","category-santoseregiao"],"_links":{"self":[{"href":"https:\/\/mussicom.com\/noticias\/wp-json\/wp\/v2\/posts\/45638","targetHints":{"allow":["GET"]}}],"collection":[{"href":"https:\/\/mussicom.com\/noticias\/wp-json\/wp\/v2\/posts"}],"about":[{"href":"https:\/\/mussicom.com\/noticias\/wp-json\/wp\/v2\/types\/post"}],"author":[{"embeddable":true,"href":"https:\/\/mussicom.com\/noticias\/wp-json\/wp\/v2\/users\/5"}],"replies":[{"embeddable":true,"href":"https:\/\/mussicom.com\/noticias\/wp-json\/wp\/v2\/comments?post=45638"}],"version-history":[{"count":0,"href":"https:\/\/mussicom.com\/noticias\/wp-json\/wp\/v2\/posts\/45638\/revisions"}],"wp:featuredmedia":[{"embeddable":true,"href":"https:\/\/mussicom.com\/noticias\/wp-json\/wp\/v2\/media\/45639"}],"wp:attachment":[{"href":"https:\/\/mussicom.com\/noticias\/wp-json\/wp\/v2\/media?parent=45638"}],"wp:term":[{"taxonomy":"category","embeddable":true,"href":"https:\/\/mussicom.com\/noticias\/wp-json\/wp\/v2\/categories?post=45638"},{"taxonomy":"post_tag","embeddable":true,"href":"https:\/\/mussicom.com\/noticias\/wp-json\/wp\/v2\/tags?post=45638"}],"curies":[{"name":"wp","href":"https:\/\/api.w.org\/{rel}","templated":true}]}}