{"id":45629,"date":"2025-09-24T21:03:15","date_gmt":"2025-09-25T00:03:15","guid":{"rendered":"https:\/\/mussicom.com\/haddad-e-chamado-de-taxad-e-deputados-batem-boca\/"},"modified":"2025-09-24T21:03:15","modified_gmt":"2025-09-25T00:03:15","slug":"haddad-e-chamado-de-taxad-e-deputados-batem-boca","status":"publish","type":"post","link":"https:\/\/mussicom.com\/noticias\/haddad-e-chamado-de-taxad-e-deputados-batem-boca\/","title":{"rendered":"Haddad \u00e9 chamado de Taxad e deputados batem boca"},"content":{"rendered":"<p> <br \/>\n<\/p>\n<div>\n<p class=\"postParagraph_post-paragraph-innerHtml__Q5vwc\">Deputados protagonizaram uma bate-boca, nesta quarta-feira (24), na Comiss\u00e3o de Agricultura e Desenvolvimento Rural da C\u00e2mara ap\u00f3s o ministro da Fazenda, Fernando Haddad, ser chamado de \u201cTaxad\u201d pelo deputado Delegado Caveira (PL-PA). A sess\u00e3o foi marcada por trocas de farpas entre o ministro e parlamentares da oposi\u00e7\u00e3o.<\/p>\n<p class=\"postParagraph_post-paragraph__juWZN\">\u201cO ministro n\u00e3o cansa de falar que o Brasil est\u00e1 indo bem\u2026 Mas o ministro s\u00f3 sabe taxar, n\u00e3o \u00e9 \u00e0 toa que o apelido do senhor no Brasil \u00e9 Fernando Taxad\u201d, disse Caveira. O deputado Marcon (PT-RS) pediu respeito. Em resposta, o deputado do PL mandou Marcon \u201ccalar a boca\u201d diversas vezes.<\/p>\n<p class=\"postParagraph_post-paragraph__juWZN\">O presidente da comiss\u00e3o, Rodolfo Nogueira (PL-MS), pediu respeito \u00e0 casa e garantiu que ningu\u00e9m seria interrompido. \u201c\u00c9 s\u00f3 para perder o racioc\u00ednio. Deputado do PT n\u00e3o pode ouvir nada. Quando n\u00e3o est\u00e1 mentindo, est\u00e1 roubando\u201d. Marcon e o deputado Bohn Gass (PT-RS) protestaram.<\/p>\n<div class=\"postViewMore_post-view-more-container___5wai\" data-mrf-recirculation=\"Post - Veja tamb\u00e9m\">\n<p class=\"gp-styles-module-size-small-afeYRa gp-styles-module-font-family2-afeYRa gp-styles-module-color-secondary-afeYRa gp-styles-module-weight-bold-afeYRa\">VEJA TAMB\u00c9M:<\/p>\n<ul class=\"postViewMore_post-view-more-list__CU_CE\">\n<li class=\"postViewMore_post-view-more-item__2MzRb\"><span class=\"postViewMore_post-view-more-link-icon___stPC\"><svg xmlns=\"http:\/\/www.w3.org\/2000\/svg\" width=\"16\" height=\"16\" viewbox=\"0 0 16 16\"><rect width=\"16\" height=\"16\" fill=\"none\"\/><g transform=\"translate(3 3)\"><path d=\"M22.5,15l3.4,3.4-3.4,3.4\" transform=\"translate(-15.896 -11.793)\" fill=\"none\" stroke=\"#717171\" stroke-linecap=\"round\" stroke-width=\"1.4\"\/><path d=\"M6,6v4.2a2.452,2.452,0,0,0,2.5,2.4H16\" transform=\"translate(-6 -6)\" fill=\"none\" stroke=\"#717171\" stroke-linecap=\"round\" stroke-width=\"1.4\"\/><\/g><\/svg><\/span><span class=\"postViewMore_post-view-more-link-text__hO_kM\">Lula confirma qu\u00edmica com Trump e v\u00ea chance de superar impasse com EUA<\/span><\/li>\n<\/ul>\n<\/div>\n<p class=\"postParagraph_post-paragraph__juWZN\">Caveira rebateu: \u201cDeputado, cala a boca, quando for sua vez, voc\u00ea fala o que quiser\u201d. Ele retomou as cr\u00edticas a Haddad, dizendo ter \u201csaudade de Paulo Guedes\u201d, que foi ministro da Economia do ex-presidente Jair Bolsonaro (PL).<\/p>\n<p class=\"postParagraph_post-paragraph__juWZN\">\u201cForam criados ou aumentados 24 impostos, que saudade de Paulo Guedes, esse chegou no minist\u00e9rio sem puxar saco de ningu\u00e9m\u201d, disse o deputado da oposi\u00e7\u00e3o. \u201cQual \u00e9 o programa que Vossa Excel\u00eancia tem para tirar o Brasil do caos, que Bolsonaro entregou com R$ 56 bilh\u00f5es de super\u00e1vit\u201d, acrescentou.<\/p>\n<p class=\"postParagraph_post-paragraph__juWZN\">Nogueira passou a palavra para Haddad. \u201cEu vim aqui para discutir coisa s\u00e9ria, decente. Quando come\u00e7a a ofender a honra das pessoas, eu come\u00e7o a perder o entusiasmo de um debate franco\u201d, come\u00e7ou o ministro.<\/p>\n<p class=\"postParagraph_post-paragraph__juWZN\">\u201cAs opera\u00e7\u00f5es da Receita Federal, recentes inclusive, est\u00e3o chegando nos verdadeiros ladr\u00f5es da na\u00e7\u00e3o. Fizemos uma opera\u00e7\u00e3o no final de agosto que desbaratou uma quadrilha grande. Devagarzinho vamos chegar aos verdadeiros ladr\u00f5es da p\u00e1tria, mas com todo respeito ao direito de defesa\u201d, acrescentou Haddad.<\/p>\n<h2 class=\"postParagraph_post-paragraph__juWZN postParagraph_type-tag-h2__TtFkT\">Maior &#8220;vagabundagem&#8221; foi a falta de corre\u00e7\u00e3o da tabela do IR, diz Haddad<\/h2>\n<p class=\"postParagraph_post-paragraph__juWZN\">O chefe da equipe econ\u00f4mica defendeu que o projeto de lei do devedor contumaz, quando for aprovado, vai revelar \u201cum esquema de crime organizado\u201d e mostrar quem \u201cefetivamente rouba&#8221; o Brasil. \u201cSobre taxa\u00e7\u00e3o, a maior vagabundagem que foi feita nesse pa\u00eds, que isso taxa de forma cruel, \u00e9 n\u00e3o corrigir a tabela do Imposto de Renda\u201d, frisou o ministro.<\/p>\n<p class=\"postParagraph_post-paragraph__juWZN\">O ministro afirmou que Bolsonaro \u201cficou 4 anos sem corrigir a tabela do IR\u201d e \u201csem dar R$ 1 acima da infla\u00e7\u00e3o\u201d para o sal\u00e1rio m\u00ednimo. \u201cEssa \u00e9 a maior taxa\u00e7\u00e3o que se pode fazer. Agora, taxar bet, super-rico e banco, para isentar quem o Bolsonaro cobrou? Isso o senhor pode usar apelido \u00e0 vontade\u201d, destacou Haddad.<\/p>\n<p class=\"postParagraph_post-paragraph__juWZN\">\u201cVoc\u00eas est\u00e3o aqui numa comiss\u00e3o de agricultura e n\u00e3o t\u00eam vergonha de participar de um governo que fez 33 milh\u00f5es de pessoas passarem fome e matou 700 mil pessoas que n\u00e3o foram vacinadas a tempo?\u201d, questionou Haddad.<\/p>\n<h2 class=\"postParagraph_post-paragraph__juWZN postParagraph_type-tag-h2__TtFkT\">&#8220;Descondenado Lula&#8221; e &#8220;descondenar Bolsonaro&#8221;<\/h2>\n<p class=\"postParagraph_post-paragraph__juWZN\">Durante a audi\u00eancia, Caveira chamou o presidente Luiz In\u00e1cio Lula da Silva (PT) de &#8220;descondenado Lula&#8221; em sua fala. Haddad disse que o partido do deputado tamb\u00e9m votou em favor da &#8220;taxa das blusinhas&#8221; e que agora ele quer &#8220;colocar no colo&#8221; de Lula as cr\u00edticas contra o imposto.<\/p>\n<p class=\"postParagraph_post-paragraph__juWZN\">\u201cO senhor desrespeita [Lula] de maneira frontal. Ser absolvido em uma inst\u00e2ncia, n\u00e3o \u00e9 se descondenado, \u00e9 o direito a recurso. Qualquer pessoa tem, inclusive o Bolsonaro tem tamb\u00e9m direito a recurso. O senhor n\u00e3o est\u00e1 querendo descondenar o Bolsonaro? \u00c9 um direito seu\u201d, afirmou o ministro.<\/p>\n<h2 class=\"postParagraph_post-paragraph__juWZN postParagraph_type-tag-h2__TtFkT\">Zanatta cita mulher de Haddad e ministro pede para n\u00e3o mencion\u00e1-la<\/h2>\n<p class=\"postParagraph_post-paragraph__juWZN\">A deputada J\u00falia Zanatta (PL-SC) tamb\u00e9m criticou haddad. &#8220;Eu n\u00e3o vou dar boa tarde para o senhor, porque eu n\u00e3o dou boa tarde para quem aumenta impostos a cada 37 dias no Brasil. pelo amor de Deus, ministro, o senhor n\u00e3o deve mais falar com sua mulher, n\u00e3o deve nem ter tempo, porque o senhor a todo momento quer aumentar imposto. Para com isso&#8221;, disse Zanatta.<\/p>\n<p class=\"postParagraph_post-paragraph__juWZN\">Fora do microfone, o ministro pediu que a deputada n\u00e3o citasse sua mulher durante a audi\u00eancia. A parlamentar concordou com o pedido. Para ela, dizer que o aumento de impostos s\u00f3 vai atingir &#8220;quem mora em coberturas&#8221; \u00e9 uma &#8220;canalhice&#8221; do governo. Zanatta condneou a possibilidade de aumento das Letras de Cr\u00e9dito do Agroneg\u00f3cio (LCAs).<\/p>\n<p class=\"postParagraph_post-paragraph-innerHtml__Q5vwc\">Nesta ter\u00e7a-feira (23), o deputado Carlos Zarattini (PT-SP), relator da medida provis\u00f3ria 1.303\/2025, afirmou que vai propor o aumento da taxa\u00e7\u00e3o sobre o rendimento de LCAs e Letras de Cr\u00e9dito Imobili\u00e1rio (LCIs) de 5% para 7,5%. O texto deve ser analisado na semana que vem.<\/p>\n<\/div>\n<p><br \/>\n<br \/>Fonte: <a href=\"https:\/\/www.gazetadopovo.com.br\/economia\/haddad-e-chamado-de-taxad-em-audiencia-e-deputados-batem-boca\/\">Gazeta do Povo<\/a><\/p>\n","protected":false},"excerpt":{"rendered":"<p>Deputados protagonizaram uma bate-boca, nesta quarta-feira (24), na Comiss\u00e3o de Agricultura e Desenvolvimento Rural da C\u00e2mara ap\u00f3s o ministro da Fazenda, Fernando Haddad, ser chamado de \u201cTaxad\u201d pelo deputado Delegado Caveira (PL-PA). A sess\u00e3o foi marcada por trocas de farpas entre o ministro e parlamentares da oposi\u00e7\u00e3o. \u201cO ministro n\u00e3o cansa de falar que o [&hellip;]<\/p>\n","protected":false},"author":5,"featured_media":45630,"comment_status":"open","ping_status":"open","sticky":false,"template":"","format":"standard","meta":{"_seopress_robots_primary_cat":"","_seopress_titles_title":"","_seopress_titles_desc":"","_seopress_robots_index":"","footnotes":""},"categories":[45],"tags":[],"class_list":["post-45629","post","type-post","status-publish","format-standard","has-post-thumbnail","hentry","category-economia"],"_links":{"self":[{"href":"https:\/\/mussicom.com\/noticias\/wp-json\/wp\/v2\/posts\/45629","targetHints":{"allow":["GET"]}}],"collection":[{"href":"https:\/\/mussicom.com\/noticias\/wp-json\/wp\/v2\/posts"}],"about":[{"href":"https:\/\/mussicom.com\/noticias\/wp-json\/wp\/v2\/types\/post"}],"author":[{"embeddable":true,"href":"https:\/\/mussicom.com\/noticias\/wp-json\/wp\/v2\/users\/5"}],"replies":[{"embeddable":true,"href":"https:\/\/mussicom.com\/noticias\/wp-json\/wp\/v2\/comments?post=45629"}],"version-history":[{"count":0,"href":"https:\/\/mussicom.com\/noticias\/wp-json\/wp\/v2\/posts\/45629\/revisions"}],"wp:featuredmedia":[{"embeddable":true,"href":"https:\/\/mussicom.com\/noticias\/wp-json\/wp\/v2\/media\/45630"}],"wp:attachment":[{"href":"https:\/\/mussicom.com\/noticias\/wp-json\/wp\/v2\/media?parent=45629"}],"wp:term":[{"taxonomy":"category","embeddable":true,"href":"https:\/\/mussicom.com\/noticias\/wp-json\/wp\/v2\/categories?post=45629"},{"taxonomy":"post_tag","embeddable":true,"href":"https:\/\/mussicom.com\/noticias\/wp-json\/wp\/v2\/tags?post=45629"}],"curies":[{"name":"wp","href":"https:\/\/api.w.org\/{rel}","templated":true}]}}