{"id":45624,"date":"2025-09-24T20:49:28","date_gmt":"2025-09-24T23:49:28","guid":{"rendered":"https:\/\/mussicom.com\/eduardo-schaus-conquista-prata-no-mundial-de-escalada-paralimpica\/"},"modified":"2025-09-24T20:49:28","modified_gmt":"2025-09-24T23:49:28","slug":"eduardo-schaus-conquista-prata-no-mundial-de-escalada-paralimpica","status":"publish","type":"post","link":"https:\/\/mussicom.com\/noticias\/eduardo-schaus-conquista-prata-no-mundial-de-escalada-paralimpica\/","title":{"rendered":"Eduardo Schaus conquista prata no Mundial de escalada paral\u00edmpica"},"content":{"rendered":"<p> <br \/>\n<\/p>\n<div>\n<p>O brasileiro Eduardo Schaus conquistou, nesta quarta-feira (24), a medalha de prata na classe AU2 (atletas com comprometimento nos membros superiores) do Mundial de escalada paral\u00edmpica que est\u00e1 sendo disputado em Seul (Coreia do Sul).<img decoding=\"async\" src=\"https:\/\/agenciabrasil.ebc.com.br\/ebc.gif?id=1660170&amp;o=node\" style=\"width:1px; height:1px; display:inline;\"\/><\/p>\n<p>O atleta paranaense, que \u00e9 tricampe\u00e3o brasileiro (2025, 2024 e 2022), subiu ao p\u00f3dio ap\u00f3s alcan\u00e7ar a agarra 33+ (quando o atleta ultrapassa a agarra 33 e inicia o movimento para a pr\u00f3xima). Eduardo ficou atr\u00e1s apenas do alem\u00e3o Kevin Bartke (35+).<\/p>\n<p>Na competi\u00e7\u00e3o disputada em Seul desde o \u00faltimo s\u00e1bado (20), o Brasil ainda tem chance de conquistar uma medalha com a paulista Marina Dias, campe\u00e3 mundial em 2023 pela classe RP3 (atletas com limita\u00e7\u00f5es de alcance, for\u00e7a e pot\u00eancia).<\/p>\n<p>      <!-- Relacionada --><\/p>\n<p>            <!-- Relacionada -->\n    <\/div>\n<p><br \/>\n<br \/>Fonte: <a href=\"https:\/\/agenciabrasil.ebc.com.br\/esportes\/noticia\/2025-09\/eduardo-schaus-conquista-prata-no-mundial-de-escalada-paralimpica\">Ag\u00eancia Brasil<\/a><\/p>\n","protected":false},"excerpt":{"rendered":"<p>O brasileiro Eduardo Schaus conquistou, nesta quarta-feira (24), a medalha de prata na classe AU2 (atletas com comprometimento nos membros superiores) do Mundial de escalada paral\u00edmpica que est\u00e1 sendo disputado em Seul (Coreia do Sul). O atleta paranaense, que \u00e9 tricampe\u00e3o brasileiro (2025, 2024 e 2022), subiu ao p\u00f3dio ap\u00f3s alcan\u00e7ar a agarra 33+ (quando [&hellip;]<\/p>\n","protected":false},"author":5,"featured_media":45625,"comment_status":"open","ping_status":"open","sticky":false,"template":"","format":"standard","meta":{"_seopress_robots_primary_cat":"","_seopress_titles_title":"","_seopress_titles_desc":"","_seopress_robots_index":"","footnotes":""},"categories":[40],"tags":[],"class_list":["post-45624","post","type-post","status-publish","format-standard","has-post-thumbnail","hentry","category-esportes"],"_links":{"self":[{"href":"https:\/\/mussicom.com\/noticias\/wp-json\/wp\/v2\/posts\/45624","targetHints":{"allow":["GET"]}}],"collection":[{"href":"https:\/\/mussicom.com\/noticias\/wp-json\/wp\/v2\/posts"}],"about":[{"href":"https:\/\/mussicom.com\/noticias\/wp-json\/wp\/v2\/types\/post"}],"author":[{"embeddable":true,"href":"https:\/\/mussicom.com\/noticias\/wp-json\/wp\/v2\/users\/5"}],"replies":[{"embeddable":true,"href":"https:\/\/mussicom.com\/noticias\/wp-json\/wp\/v2\/comments?post=45624"}],"version-history":[{"count":0,"href":"https:\/\/mussicom.com\/noticias\/wp-json\/wp\/v2\/posts\/45624\/revisions"}],"wp:featuredmedia":[{"embeddable":true,"href":"https:\/\/mussicom.com\/noticias\/wp-json\/wp\/v2\/media\/45625"}],"wp:attachment":[{"href":"https:\/\/mussicom.com\/noticias\/wp-json\/wp\/v2\/media?parent=45624"}],"wp:term":[{"taxonomy":"category","embeddable":true,"href":"https:\/\/mussicom.com\/noticias\/wp-json\/wp\/v2\/categories?post=45624"},{"taxonomy":"post_tag","embeddable":true,"href":"https:\/\/mussicom.com\/noticias\/wp-json\/wp\/v2\/tags?post=45624"}],"curies":[{"name":"wp","href":"https:\/\/api.w.org\/{rel}","templated":true}]}}