{"id":45578,"date":"2025-09-24T16:49:15","date_gmt":"2025-09-24T19:49:15","guid":{"rendered":"https:\/\/mussicom.com\/pesquisa-mostra-avanco-em-salas-de-aula-com-proibicao-de-celulares\/"},"modified":"2025-09-24T16:49:15","modified_gmt":"2025-09-24T19:49:15","slug":"pesquisa-mostra-avanco-em-salas-de-aula-com-proibicao-de-celulares","status":"publish","type":"post","link":"https:\/\/mussicom.com\/noticias\/pesquisa-mostra-avanco-em-salas-de-aula-com-proibicao-de-celulares\/","title":{"rendered":"Pesquisa mostra avan\u00e7o em salas de aula com proibi\u00e7\u00e3o de celulares"},"content":{"rendered":"<p> <br \/>\n<\/p>\n<div>\n<p><strong>Uma pesquisa realizada pela Frente Parlamentar Mista da Educa\u00e7\u00e3o, em parceria com o Equidade.info, iniciativa do <em>Lemann Center da Stanford Graduate School of Education<\/em>, revelou que 83% dos estudantes brasileiros t\u00eam prestado mais aten\u00e7\u00e3o nas aulas depois da restri\u00e7\u00e3o ao uso de celulares em salas de aula.<\/strong><img decoding=\"async\" src=\"https:\/\/agenciabrasil.ebc.com.br\/ebc.gif?id=1660092&amp;o=node\" style=\"width:1px; height:1px; display:inline;\"\/><\/p>\n<p>A percep\u00e7\u00e3o de impacto positivo \u00e9 maior nos anos iniciais do Ensino Fundamental I, com 88% afirmando prestar mais aten\u00e7\u00e3o nas aulas. No Ensino M\u00e9dio, 70% disseram perceber mudan\u00e7as para melhor sem os celulares.<\/p>\n<p><strong>O estudo mostra, tamb\u00e9m, que 77% dos gestores e 65% dos professores relataram diminui\u00e7\u00e3o do <em>bullying <\/em>virtual dentro das escolas. Entre os alunos, entretanto, apenas 41% afirmaram sentir essa mudan\u00e7a, o que sugere que parte dos conflitos pode n\u00e3o estar sendo reportado pelos estudantes ou percebido por professores e gestores escolares.<\/strong><\/p>\n<p>&gt;&gt; Siga o canal da <strong>Ag\u00eancia Brasil <\/strong>no WhatsApp<\/p>\n<h2>T\u00e9dio cresce<\/h2>\n<p>Segundo os dados do levantamento, 44% dos alunos disseram sentir mais t\u00e9dio durante os intervalos e os recreios. Esses n\u00fameros s\u00e3o mais elevados entre estudantes do Ensino Fundamental I (47%) e do per\u00edodo matutino (46%). Al\u00e9m disso, 49% dos professores relataram aumento de ansiedade entre os alunos com a aus\u00eancia do uso do celular.<\/p>\n<p><strong>Em rela\u00e7\u00e3o ao comportamento dos estudantes, o Nordeste aparece como destaque positivo, representando 87% dos avan\u00e7os. O Centro-Oeste e o Sudeste s\u00e3o as regi\u00f5es com o menor \u00edndice de melhora no ambiente escolar, com 82% indicando que a efic\u00e1cia das medidas tende a variar segundo fatores regionais.<\/strong><\/p>\n<p>\u201cProteger nossos estudantes do uso do celular em sala de aula \u00e9 garantir um ambiente mais saud\u00e1vel e focado no aprendizado. O resultado que vemos hoje \u00e9 a confirma\u00e7\u00e3o de que a educa\u00e7\u00e3o precisa ser prioridade, com pol\u00edticas que cuidem do presente e preparem o futuro dos nossos jovens\u201d, disse o presidente da Frente Parlamentar Mista da Educa\u00e7\u00e3o, deputado Rafael Brito.<\/p>\n<p><strong>A presidente do Equidade.info, Claudia Costin, ressaltou que a pesquisa mostra avan\u00e7os positivos no foco e na aten\u00e7\u00e3o dos alunos, mas as quest\u00f5es como t\u00e9dio, ansiedade e <em>bullying<\/em>, ainda muito presentes entre os estudantes, indicam que ainda h\u00e1 desafios a serem enfrentados.<\/strong><\/p>\n<p><strong>\u201cHouve uma queda significativa no <em>bullying <\/em>virtual na vis\u00e3o dos gestores, mas \u00e9 crucial ouvirmos os estudantes que ainda sentem o problema. Ou seja, a conclus\u00e3o \u00e9 que a restri\u00e7\u00e3o foi positiva, mas sozinha n\u00e3o basta: as escolas precisam criar alternativas de intera\u00e7\u00e3o e estrat\u00e9gias espec\u00edficas para cada idade&#8221;, avalia.<\/strong><\/p>\n<h2>Estrat\u00e9gias<\/h2>\n<p>Segundo o coordenador do Equidade.info e docente da <em>Stanford Graduate School of Education<\/em>, respons\u00e1vel pela pesquisa, Guilherme Lichand, os dados refor\u00e7am a necessidade de estrat\u00e9gias diferenciadas por faixa et\u00e1ria e rede de ensino, al\u00e9m do desenvolvimento de pr\u00e1ticas pedag\u00f3gicas que mantenham os estudantes engajados e promovam seu bem-estar mesmo sem o celular em sala de aula.<\/p>\n<p>\u201cOs resultados confirmam que a regula\u00e7\u00e3o do uso de celulares trouxe ganhos importantes para o aprendizado. Mais do que limitar o uso do telefone celular, a lei abre espa\u00e7o para repensarmos como a escola se conecta com os alunos. O pr\u00f3ximo passo \u00e9 garantir que a aplica\u00e7\u00e3o da lei seja efetiva em todas as etapas, respeitando as particularidades de cada contexto escolar. Assim, conseguiremos transformar a medida em uma pol\u00edtica duradoura, que una foco acad\u00eamico e bem-estar dos estudantes\u201d, enfatiza.<\/p>\n<p><strong>A lei que pro\u00edbe o uso de celular dentro das escolas pelos alunos foi sancionada em janeiro de 2025 ap\u00f3s aprova\u00e7\u00e3o no Congresso Nacional.<\/strong><\/p>\n<p>O estudo ouviu 2.840 alunos, 348 professores e 201 gestores em escolas p\u00fablicas municipais, estaduais e privadas de todas as regi\u00f5es do pa\u00eds, entre maio e julho de 2025.<\/p>\n<p>      <!-- Relacionada --><\/p>\n<p>            <!-- Relacionada -->\n    <\/div>\n<p><br \/>\n<br \/>Fonte: <a href=\"https:\/\/agenciabrasil.ebc.com.br\/educacao\/noticia\/2025-09\/pesquisa-mostra-avanco-em-sala-de-aula-com-proibicao-de-celulares\">Ag\u00eancia Brasil<\/a><\/p>\n","protected":false},"excerpt":{"rendered":"<p>Uma pesquisa realizada pela Frente Parlamentar Mista da Educa\u00e7\u00e3o, em parceria com o Equidade.info, iniciativa do Lemann Center da Stanford Graduate School of Education, revelou que 83% dos estudantes brasileiros t\u00eam prestado mais aten\u00e7\u00e3o nas aulas depois da restri\u00e7\u00e3o ao uso de celulares em salas de aula. A percep\u00e7\u00e3o de impacto positivo \u00e9 maior nos [&hellip;]<\/p>\n","protected":false},"author":5,"featured_media":45579,"comment_status":"open","ping_status":"open","sticky":false,"template":"","format":"standard","meta":{"_seopress_robots_primary_cat":"","_seopress_titles_title":"","_seopress_titles_desc":"","_seopress_robots_index":"","footnotes":""},"categories":[44],"tags":[],"class_list":["post-45578","post","type-post","status-publish","format-standard","has-post-thumbnail","hentry","category-educacao"],"_links":{"self":[{"href":"https:\/\/mussicom.com\/noticias\/wp-json\/wp\/v2\/posts\/45578","targetHints":{"allow":["GET"]}}],"collection":[{"href":"https:\/\/mussicom.com\/noticias\/wp-json\/wp\/v2\/posts"}],"about":[{"href":"https:\/\/mussicom.com\/noticias\/wp-json\/wp\/v2\/types\/post"}],"author":[{"embeddable":true,"href":"https:\/\/mussicom.com\/noticias\/wp-json\/wp\/v2\/users\/5"}],"replies":[{"embeddable":true,"href":"https:\/\/mussicom.com\/noticias\/wp-json\/wp\/v2\/comments?post=45578"}],"version-history":[{"count":0,"href":"https:\/\/mussicom.com\/noticias\/wp-json\/wp\/v2\/posts\/45578\/revisions"}],"wp:featuredmedia":[{"embeddable":true,"href":"https:\/\/mussicom.com\/noticias\/wp-json\/wp\/v2\/media\/45579"}],"wp:attachment":[{"href":"https:\/\/mussicom.com\/noticias\/wp-json\/wp\/v2\/media?parent=45578"}],"wp:term":[{"taxonomy":"category","embeddable":true,"href":"https:\/\/mussicom.com\/noticias\/wp-json\/wp\/v2\/categories?post=45578"},{"taxonomy":"post_tag","embeddable":true,"href":"https:\/\/mussicom.com\/noticias\/wp-json\/wp\/v2\/tags?post=45578"}],"curies":[{"name":"wp","href":"https:\/\/api.w.org\/{rel}","templated":true}]}}