{"id":45562,"date":"2025-09-24T14:57:30","date_gmt":"2025-09-24T17:57:30","guid":{"rendered":"https:\/\/mussicom.com\/zudizilla-abre-noite-historica-para-de-la-soul-em-sao-paulo-ao-lado-de-stefanie\/"},"modified":"2025-09-24T14:57:30","modified_gmt":"2025-09-24T17:57:30","slug":"zudizilla-abre-noite-historica-para-de-la-soul-em-sao-paulo-ao-lado-de-stefanie","status":"publish","type":"post","link":"https:\/\/mussicom.com\/noticias\/zudizilla-abre-noite-historica-para-de-la-soul-em-sao-paulo-ao-lado-de-stefanie\/","title":{"rendered":"Zudizilla abre noite hist\u00f3rica para De La Soul em S\u00e3o Paulo ao lado de Stefanie"},"content":{"rendered":"<p> <br \/>\n<\/p>\n<div>\n<p class=\"whitespace-normal break-words\">No pr\u00f3ximo dia 2 de outubro, a <strong>Audio<\/strong>, em S\u00e3o Paulo, recebe duas gera\u00e7\u00f5es do hip hop em uma mesma noite. <strong>Zudizilla<\/strong>, o rapper nascido em Pelotas que conquistou o pa\u00eds com sua fus\u00e3o \u00fanica de jazz e rap, ter\u00e1 a honra de abrir o show do lend\u00e1rio <strong>De La Soul<\/strong>, primeira apresenta\u00e7\u00e3o do grupo americano no Brasil ap\u00f3s anos de espera.<\/p>\n<p class=\"whitespace-normal break-words\">A partir das 20h, <strong>Zudizilla<\/strong> subir\u00e1 ao palco acompanhado de uma forma\u00e7\u00e3o especial. Ao seu lado estar\u00e1 <strong>Stefanie<\/strong>, al\u00e9m do <strong>DJ Nyack<\/strong>, <strong>Julio Lino<\/strong> no contrabaixo e <strong>Gabriel Gaiardo<\/strong> nos teclados. Uma verdadeira celebra\u00e7\u00e3o sonora que antecipa o que est\u00e1 por vir.<\/p>\n<p class=\"whitespace-normal break-words\">\u201c<span style=\"font-weight: 400;\"><strong>De La Soul<\/strong> representa uma parte da hist\u00f3ria do rap que eu acho muito interessante. Eles est\u00e3o colocados no nicho de artistas que se preocupam com o futuro da comunidade sem necessariamente serem taxativos ou extremamente pol\u00edticos, sabendo que suas roupas, postura e exist\u00eancia j\u00e1 s\u00e3o um grande ato de resist\u00eancia. S\u00e3o uma fuga da estereotipia que o mercado desenha para pessoas pretas. \u00c9 um grupo que apresenta possibilidades e eu acredito que artista n\u00e3o \u00e9 o que reproduz, mas sim o que prop\u00f5e<\/span>\u201c, reflete <strong>Zudizilla<\/strong> sobre a import\u00e2ncia do momento.<\/p>\n<p class=\"whitespace-normal break-words\">O rapper ga\u00facho, que j\u00e1 dividiu palcos com nomes como <strong>Emicida<\/strong>, <strong>Luedji Luna<\/strong> e <strong>Tuyo<\/strong>, v\u00ea nesta abertura um reconhecimento de seu trabalho autoral. Sua trajet\u00f3ria inclui cinco discos, dois EPs e um mixtape, sempre acompanhados de curtas-metragens que expandem sua narrativa visual. A trilogia <em><strong>Zulu<\/strong><\/em> marcou quatro anos de sua carreira, enquanto o recente EP <em><strong>Le Fauve<\/strong><\/em> explora novas sonoridades no R&amp;B.<\/p>\n<\/p><\/div>\n<p><br \/>\n<br \/>Fonte: <a href=\"https:\/\/rollingstone.com.br\/musica\/zudizilla-abre-noite-historica-para-de-la-soul-em-sao-paulo-ao-lado-de-stefanie\/\">rollingstone.com.br<\/a><\/p>\n","protected":false},"excerpt":{"rendered":"<p>No pr\u00f3ximo dia 2 de outubro, a Audio, em S\u00e3o Paulo, recebe duas gera\u00e7\u00f5es do hip hop em uma mesma noite. Zudizilla, o rapper nascido em Pelotas que conquistou o pa\u00eds com sua fus\u00e3o \u00fanica de jazz e rap, ter\u00e1 a honra de abrir o show do lend\u00e1rio De La Soul, primeira apresenta\u00e7\u00e3o do grupo [&hellip;]<\/p>\n","protected":false},"author":5,"featured_media":45563,"comment_status":"open","ping_status":"open","sticky":false,"template":"","format":"standard","meta":{"_seopress_robots_primary_cat":"","_seopress_titles_title":"","_seopress_titles_desc":"","_seopress_robots_index":"","footnotes":""},"categories":[51],"tags":[],"class_list":["post-45562","post","type-post","status-publish","format-standard","has-post-thumbnail","hentry","category-musica"],"_links":{"self":[{"href":"https:\/\/mussicom.com\/noticias\/wp-json\/wp\/v2\/posts\/45562","targetHints":{"allow":["GET"]}}],"collection":[{"href":"https:\/\/mussicom.com\/noticias\/wp-json\/wp\/v2\/posts"}],"about":[{"href":"https:\/\/mussicom.com\/noticias\/wp-json\/wp\/v2\/types\/post"}],"author":[{"embeddable":true,"href":"https:\/\/mussicom.com\/noticias\/wp-json\/wp\/v2\/users\/5"}],"replies":[{"embeddable":true,"href":"https:\/\/mussicom.com\/noticias\/wp-json\/wp\/v2\/comments?post=45562"}],"version-history":[{"count":0,"href":"https:\/\/mussicom.com\/noticias\/wp-json\/wp\/v2\/posts\/45562\/revisions"}],"wp:featuredmedia":[{"embeddable":true,"href":"https:\/\/mussicom.com\/noticias\/wp-json\/wp\/v2\/media\/45563"}],"wp:attachment":[{"href":"https:\/\/mussicom.com\/noticias\/wp-json\/wp\/v2\/media?parent=45562"}],"wp:term":[{"taxonomy":"category","embeddable":true,"href":"https:\/\/mussicom.com\/noticias\/wp-json\/wp\/v2\/categories?post=45562"},{"taxonomy":"post_tag","embeddable":true,"href":"https:\/\/mussicom.com\/noticias\/wp-json\/wp\/v2\/tags?post=45562"}],"curies":[{"name":"wp","href":"https:\/\/api.w.org\/{rel}","templated":true}]}}