{"id":45532,"date":"2025-09-24T12:32:21","date_gmt":"2025-09-24T15:32:21","guid":{"rendered":"https:\/\/mussicom.com\/eduardo-bolsonaro-se-lanca-candidato-a-presidente-da-republica\/"},"modified":"2025-09-24T12:32:21","modified_gmt":"2025-09-24T15:32:21","slug":"eduardo-bolsonaro-se-lanca-candidato-a-presidente-da-republica","status":"publish","type":"post","link":"https:\/\/mussicom.com\/noticias\/eduardo-bolsonaro-se-lanca-candidato-a-presidente-da-republica\/","title":{"rendered":"Eduardo Bolsonaro se lan\u00e7a candidato a presidente da Rep\u00fablica"},"content":{"rendered":"<p> <br \/>\n<\/p>\n<div>\n<p class=\"postParagraph_post-paragraph__juWZN\">O deputado federal Eduardo Bolsonaro (PL-SP) se colocou como candidato \u00e0 presid\u00eancia da Rep\u00fablica nesta ter\u00e7a-feira (23). Em meio a persegui\u00e7\u00f5es no Congresso Nacional que podem cassar seu mandato, o parlamentar reiterou sua candidatura, que seria condicional: somente se seu pai n\u00e3o puder se candidatar.<\/p>\n<p class=\"postParagraph_post-paragraph-innerHtml__Q5vwc\">&#8220;Eu sou, na impossibilidade de Jair Bolsonaro, candidato a presidente da Rep\u00fablica. \u00c9 por isso que o sistema corre e se apressa para tentar me condenar em algum colegiado, seja na primeira turma do STF, para tentar me deixar ineleg\u00edvel\u201d, declarou em entrevista ao <em>Contexto Metr\u00f3poles<\/em>.<\/p>\n<div class=\"postViewMore_post-view-more-container___5wai\" data-mrf-recirculation=\"Post - Veja tamb\u00e9m\">\n<p class=\"gp-styles-module-size-small-afeYRa gp-styles-module-font-family2-afeYRa gp-styles-module-color-secondary-afeYRa gp-styles-module-weight-bold-afeYRa\">VEJA TAMB\u00c9M:<\/p>\n<ul class=\"postViewMore_post-view-more-list__CU_CE\">\n<li class=\"postViewMore_post-view-more-item__2MzRb\"><span class=\"postViewMore_post-view-more-link-icon___stPC\"><svg xmlns=\"http:\/\/www.w3.org\/2000\/svg\" width=\"16\" height=\"16\" viewbox=\"0 0 16 16\"><rect width=\"16\" height=\"16\" fill=\"none\"\/><g transform=\"translate(3 3)\"><path d=\"M22.5,15l3.4,3.4-3.4,3.4\" transform=\"translate(-15.896 -11.793)\" fill=\"none\" stroke=\"#717171\" stroke-linecap=\"round\" stroke-width=\"1.4\"\/><path d=\"M6,6v4.2a2.452,2.452,0,0,0,2.5,2.4H16\" transform=\"translate(-6 -6)\" fill=\"none\" stroke=\"#717171\" stroke-linecap=\"round\" stroke-width=\"1.4\"\/><\/g><\/svg><\/span><span class=\"postViewMore_post-view-more-link-text__hO_kM\">Michelle diz a jornal brit\u00e2nico que se levantar\u00e1 como \u201cleoa\u201d  por Bolsonaro<\/span><\/li>\n<li class=\"postViewMore_post-view-more-item__2MzRb\"><span class=\"postViewMore_post-view-more-link-icon___stPC\"><svg xmlns=\"http:\/\/www.w3.org\/2000\/svg\" width=\"16\" height=\"16\" viewbox=\"0 0 16 16\"><rect width=\"16\" height=\"16\" fill=\"none\"\/><g transform=\"translate(3 3)\"><path d=\"M22.5,15l3.4,3.4-3.4,3.4\" transform=\"translate(-15.896 -11.793)\" fill=\"none\" stroke=\"#717171\" stroke-linecap=\"round\" stroke-width=\"1.4\"\/><path d=\"M6,6v4.2a2.452,2.452,0,0,0,2.5,2.4H16\" transform=\"translate(-6 -6)\" fill=\"none\" stroke=\"#717171\" stroke-linecap=\"round\" stroke-width=\"1.4\"\/><\/g><\/svg><\/span><span class=\"postViewMore_post-view-more-link-text__hO_kM\">Defesa de Bolsonaro pede ao STF revoga\u00e7\u00e3o da pris\u00e3o domiciliar<\/span><\/li>\n<\/ul>\n<\/div>\n<p class=\"postParagraph_post-paragraph-innerHtml__Q5vwc\">A poss\u00edvel candidatura de Eduardo \u00e0 Presid\u00eancia da Rep\u00fablica vem em um momento no qual outra familiar de Jair Bolsonaro, condenado e tornado ineleg\u00edvel, tamb\u00e9m n\u00e3o descarta concorrer. A um jornal brit\u00e2nico, a mulher Michelle Bolsonaro disse que pode encabe\u00e7ar alguma chapa em 2026.<\/p>\n<p class=\"postParagraph_post-paragraph__juWZN\">Michelle afirmou ao jornal que pode se tornar sucessora de Bolsonaro na pol\u00edtica, embora tenha dito que sua prioridade no momento \u00e9 cuidar do marido, que descobriu recentemente les\u00f5es cancer\u00edgenas na pele.<\/p>\n<h2 class=\"postParagraph_post-paragraph__juWZN postParagraph_type-tag-h2__TtFkT\">Eduardo enfrenta persegui\u00e7\u00e3o<\/h2>\n<p class=\"postParagraph_post-paragraph-innerHtml__Q5vwc\">O Conselho de \u00c9tica e Decoro Parlamentar da C\u00e2mara dos Deputados instaurou um processo contra o deputado, acusado de quebra de decoro. A iniciativa partiu de uma representa\u00e7\u00e3o apresentada pela bancada do PT, que pede a cassa\u00e7\u00e3o do mandato do parlamentar. Ele tamb\u00e9m pode ter o mandato cassado por faltas.<\/p>\n<p class=\"postParagraph_post-paragraph__juWZN\">O processo se somou a outras tr\u00eas representa\u00e7\u00f5es j\u00e1 protocoladas contra Eduardo Bolsonaro, que ainda n\u00e3o foram analisadas pelo colegiado. O deputado alega que n\u00e3o pode retornar ao Brasil por ser alvo de \u201cpersegui\u00e7\u00e3o pol\u00edtica\u201d e viver em condi\u00e7\u00e3o de ex\u00edlio nos Estados Unidos. Ele chegou a pedir licen\u00e7a do mandato, mas o prazo expirou em julho, o que fez com que ele come\u00e7asse a acumular faltas n\u00e3o justificadas.<\/p>\n<\/div>\n<p><br \/>\n<br \/>Fonte: <a href=\"https:\/\/www.gazetadopovo.com.br\/republica\/eduardo-bolsonaro-se-lanca-candidato-a-presidente-na-impossibilidade-de-jair-concorrer\/\">Revista Oeste<\/a><\/p>\n","protected":false},"excerpt":{"rendered":"<p>O deputado federal Eduardo Bolsonaro (PL-SP) se colocou como candidato \u00e0 presid\u00eancia da Rep\u00fablica nesta ter\u00e7a-feira (23). Em meio a persegui\u00e7\u00f5es no Congresso Nacional que podem cassar seu mandato, o parlamentar reiterou sua candidatura, que seria condicional: somente se seu pai n\u00e3o puder se candidatar. &#8220;Eu sou, na impossibilidade de Jair Bolsonaro, candidato a presidente [&hellip;]<\/p>\n","protected":false},"author":5,"featured_media":45533,"comment_status":"open","ping_status":"open","sticky":false,"template":"","format":"standard","meta":{"_seopress_robots_primary_cat":"","_seopress_titles_title":"","_seopress_titles_desc":"","_seopress_robots_index":"","footnotes":""},"categories":[1],"tags":[],"class_list":["post-45532","post","type-post","status-publish","format-standard","has-post-thumbnail","hentry","category-ultimas-noticias"],"_links":{"self":[{"href":"https:\/\/mussicom.com\/noticias\/wp-json\/wp\/v2\/posts\/45532","targetHints":{"allow":["GET"]}}],"collection":[{"href":"https:\/\/mussicom.com\/noticias\/wp-json\/wp\/v2\/posts"}],"about":[{"href":"https:\/\/mussicom.com\/noticias\/wp-json\/wp\/v2\/types\/post"}],"author":[{"embeddable":true,"href":"https:\/\/mussicom.com\/noticias\/wp-json\/wp\/v2\/users\/5"}],"replies":[{"embeddable":true,"href":"https:\/\/mussicom.com\/noticias\/wp-json\/wp\/v2\/comments?post=45532"}],"version-history":[{"count":0,"href":"https:\/\/mussicom.com\/noticias\/wp-json\/wp\/v2\/posts\/45532\/revisions"}],"wp:featuredmedia":[{"embeddable":true,"href":"https:\/\/mussicom.com\/noticias\/wp-json\/wp\/v2\/media\/45533"}],"wp:attachment":[{"href":"https:\/\/mussicom.com\/noticias\/wp-json\/wp\/v2\/media?parent=45532"}],"wp:term":[{"taxonomy":"category","embeddable":true,"href":"https:\/\/mussicom.com\/noticias\/wp-json\/wp\/v2\/categories?post=45532"},{"taxonomy":"post_tag","embeddable":true,"href":"https:\/\/mussicom.com\/noticias\/wp-json\/wp\/v2\/tags?post=45532"}],"curies":[{"name":"wp","href":"https:\/\/api.w.org\/{rel}","templated":true}]}}