{"id":45511,"date":"2025-09-24T10:38:18","date_gmt":"2025-09-24T13:38:18","guid":{"rendered":"https:\/\/mussicom.com\/preco-do-cafe-no-brasil-recua-mais-de-10-em-uma-semana-de-setembro\/"},"modified":"2025-09-24T10:38:18","modified_gmt":"2025-09-24T13:38:18","slug":"preco-do-cafe-no-brasil-recua-mais-de-10-em-uma-semana-de-setembro","status":"publish","type":"post","link":"https:\/\/mussicom.com\/noticias\/preco-do-cafe-no-brasil-recua-mais-de-10-em-uma-semana-de-setembro\/","title":{"rendered":"Pre\u00e7o do caf\u00e9 no Brasil recua mais de 10% em uma semana de setembro"},"content":{"rendered":"<p> <br \/>\n<\/p>\n<div>\n<p style=\"text-align:justify\">A segunda quinzena de setembro foi marcada por quedas nas cota\u00e7\u00f5es do caf\u00e9 no Brasil. Segundo dados do Cepea, a press\u00e3o veio da expectativa de chuvas mais expressivas nas regi\u00f5es produtoras, da realiza\u00e7\u00e3o de lucros e da liquida\u00e7\u00e3o de posi\u00e7\u00f5es de compra na Bolsa de Nova York (ICE Futures), ap\u00f3s semanas de forte valoriza\u00e7\u00e3o. Al\u00e9m disso, a poss\u00edvel retirada das tarifas dos Estados Unidos sobre o caf\u00e9 brasileiro tamb\u00e9m contribuiu para a retra\u00e7\u00e3o.&#13;\n<\/p>\n<p style=\"text-align:justify\">De acordo com os pesquisadores, apesar da queda acentuada, os pre\u00e7os ainda permanecem em n\u00edveis historicamente elevados. Esse movimento se explica pela oferta restrita, pelos estoques baixos e pela sobretaxa vigente sobre o caf\u00e9 brasileiro no mercado norte-americano. Esses fatores limitam uma desvaloriza\u00e7\u00e3o mais intensa no curto prazo.<\/p>\n<p style=\"text-align:justify\">Entre os dias 15 e 22 de setembro, o Indicador CEPEA\/ESALQ do ar\u00e1bica tipo 6, bebida dura para melhor, posto em S\u00e3o Paulo, acumulou baixa de 10,2%, encerrando a R$ 2.133,08 por saca de 60 quilos no dia 22. No mesmo per\u00edodo, o robusta tamb\u00e9m registrou queda: o Indicador CEPEA\/ESALQ do tipo 6, peneira 13 acima, a retirar no Esp\u00edrito Santo, recuou 11,1%, fechando a R$ 1.313,22 por saca de 60 quilos.&#13;\n<\/p>\n<p style=\"text-align:justify\">A chegada das chuvas nas principais \u00e1reas produtoras trouxe maior confian\u00e7a quanto ao desenvolvimento das lavouras, reduzindo a preocupa\u00e7\u00e3o com poss\u00edveis perdas relacionadas ao clima. Esse cen\u00e1rio de melhora nas condi\u00e7\u00f5es produtivas colaborou para o movimento de ajuste nos pre\u00e7os.<\/p>\n<p style=\"text-align:justify\">Por outro lado, os fundamentos do mercado seguem sustentados pela oferta restrita, resultado de estoques globais reduzidos e de uma demanda firme, sobretudo nos pa\u00edses importadores. Mesmo com a press\u00e3o de fatores externos e financeiros, o quadro de disponibilidade limitada mant\u00e9m as cota\u00e7\u00f5es em patamares superiores \u00e0 m\u00e9dia dos \u00faltimos anos.&#13;\n<\/p>\n<p style=\"text-align:justify\">A expectativa \u00e9 de que o comportamento do c\u00e2mbio, o avan\u00e7o do clima sobre as lavouras e a defini\u00e7\u00e3o sobre as tarifas impostas ao caf\u00e9 brasileiro nos Estados Unidos sejam determinantes para a forma\u00e7\u00e3o de pre\u00e7os no curto e m\u00e9dio prazo. At\u00e9 l\u00e1, os agentes do mercado seguem atentos \u00e0 volatilidade, equilibrando cautela e necessidade de liquidez.<\/p>\n<\/p><\/div>\n<p><script data-cfasync=\"false\">\n    !function (f, b, e, v, n, t, s) {\n        if (f.fbq) return; n = f.fbq = function () {\n            n.callMethod ?\n                n.callMethod.apply(n, arguments) : n.queue.push(arguments)\n        };\n        if (!f._fbq) f._fbq = n; n.push = n; n.loaded = !0; n.version = '2.0';\n        n.queue = []; t = b.createElement(e); t.async = !0;\n        t.src = v; s = b.getElementsByTagName(e)[0];\n        s.parentNode.insertBefore(t, s)\n    }(window, document, 'script',\n        'https:\/\/connect.facebook.net\/en_US\/fbevents.js');\n    fbq('init', '522546078623747');\n    fbq('track', 'PageView');\n<\/script><br \/>\n<br \/><br \/>\n<br \/>Fonte: <a href=\"https:\/\/www.agrolink.com.br\/noticias\/preco-do-cafe-no-brasil-recua-mais-de-10--em-uma-semana-de-setembro_506283.html\">AGROLINK<\/a><\/p>\n","protected":false},"excerpt":{"rendered":"<p>A segunda quinzena de setembro foi marcada por quedas nas cota\u00e7\u00f5es do caf\u00e9 no Brasil. Segundo dados do Cepea, a press\u00e3o veio da expectativa de chuvas mais expressivas nas regi\u00f5es produtoras, da realiza\u00e7\u00e3o de lucros e da liquida\u00e7\u00e3o de posi\u00e7\u00f5es de compra na Bolsa de Nova York (ICE Futures), ap\u00f3s semanas de forte valoriza\u00e7\u00e3o. Al\u00e9m [&hellip;]<\/p>\n","protected":false},"author":5,"featured_media":45512,"comment_status":"open","ping_status":"open","sticky":false,"template":"","format":"standard","meta":{"_seopress_robots_primary_cat":"","_seopress_titles_title":"","_seopress_titles_desc":"","_seopress_robots_index":"","footnotes":""},"categories":[53],"tags":[],"class_list":["post-45511","post","type-post","status-publish","format-standard","has-post-thumbnail","hentry","category-agronegocio"],"_links":{"self":[{"href":"https:\/\/mussicom.com\/noticias\/wp-json\/wp\/v2\/posts\/45511","targetHints":{"allow":["GET"]}}],"collection":[{"href":"https:\/\/mussicom.com\/noticias\/wp-json\/wp\/v2\/posts"}],"about":[{"href":"https:\/\/mussicom.com\/noticias\/wp-json\/wp\/v2\/types\/post"}],"author":[{"embeddable":true,"href":"https:\/\/mussicom.com\/noticias\/wp-json\/wp\/v2\/users\/5"}],"replies":[{"embeddable":true,"href":"https:\/\/mussicom.com\/noticias\/wp-json\/wp\/v2\/comments?post=45511"}],"version-history":[{"count":0,"href":"https:\/\/mussicom.com\/noticias\/wp-json\/wp\/v2\/posts\/45511\/revisions"}],"wp:featuredmedia":[{"embeddable":true,"href":"https:\/\/mussicom.com\/noticias\/wp-json\/wp\/v2\/media\/45512"}],"wp:attachment":[{"href":"https:\/\/mussicom.com\/noticias\/wp-json\/wp\/v2\/media?parent=45511"}],"wp:term":[{"taxonomy":"category","embeddable":true,"href":"https:\/\/mussicom.com\/noticias\/wp-json\/wp\/v2\/categories?post=45511"},{"taxonomy":"post_tag","embeddable":true,"href":"https:\/\/mussicom.com\/noticias\/wp-json\/wp\/v2\/tags?post=45511"}],"curies":[{"name":"wp","href":"https:\/\/api.w.org\/{rel}","templated":true}]}}