{"id":45377,"date":"2025-09-23T18:35:15","date_gmt":"2025-09-23T21:35:15","guid":{"rendered":"https:\/\/mussicom.com\/arrecadacao-federal-no-ano-supera-2024-apesar-da-queda-em-agosto\/"},"modified":"2025-09-23T18:35:15","modified_gmt":"2025-09-23T21:35:15","slug":"arrecadacao-federal-no-ano-supera-2024-apesar-da-queda-em-agosto","status":"publish","type":"post","link":"https:\/\/mussicom.com\/noticias\/arrecadacao-federal-no-ano-supera-2024-apesar-da-queda-em-agosto\/","title":{"rendered":"Arrecada\u00e7\u00e3o federal no ano supera 2024, apesar da queda em agosto"},"content":{"rendered":"<p> <br \/>\n<\/p>\n<div>\n<p>A An\u00e1lise da Arrecada\u00e7\u00e3o das Receitas Federais registra que a arrecada\u00e7\u00e3o federal em agosto foi de R$ 208,7 bilh\u00f5es, redu\u00e7\u00e3o de 1,5% em rela\u00e7\u00e3o a agosto de 2024. No acumulado do ano at\u00e9 agosto, a arrecada\u00e7\u00e3o est\u00e1 em R$ 1,888 trilh\u00e3o, 3,73% acima do mesmo per\u00edodo no ano passado.<img decoding=\"async\" src=\"https:\/\/agenciabrasil.ebc.com.br\/ebc.gif?id=1659956&amp;o=node\" style=\"width:1px; height:1px; display:inline;\"\/><\/p>\n<p><strong>\u201cImportante observar que se trata do melhor desempenho arrecadat\u00f3rio desde 2000 para o per\u00edodo acumulado\u201d, enfatiza o documento publicado nesta ter\u00e7a-feira (23) pela Secretaria Especial da Receita Federal do Minist\u00e9rio da Fazenda.<\/strong><\/p>\n<p>Na an\u00e1lise, a Receita Federal aponta entre as raz\u00f5es para a queda da arrecada\u00e7\u00e3o, as mudan\u00e7as legislativas na cobran\u00e7a do Imposto de Renda Retido na Fonte Juros sobre Capital Pr\u00f3prio (IRRF-Capital) e ainda os gastos tribut\u00e1rios (isen\u00e7\u00f5es) relativos \u00e0 calamidade provocada pelas chuvas no Rio Grande do Sul em abril e maio do ano passado.<\/p>\n<p><strong>\u201cSem considerar os pagamentos at\u00edpicos, haveria um crescimento real de 4,99% na arrecada\u00e7\u00e3o do per\u00edodo acumulado e de 0,23% na arrecada\u00e7\u00e3o do m\u00eas de agosto\u201d, explica a Receita Federal.<\/strong><\/p>\n<p>O m\u00eas de agosto ainda registrou perdas de 8,27% na tributa\u00e7\u00e3o do Imposto de Renda Pessoa Jur\u00eddica e da Contribui\u00e7\u00e3o Social sobre Lucro L\u00edquido (CSLL), e perdas de 3,7% na tributa\u00e7\u00e3o da Contribui\u00e7\u00e3o para o Financiamento da Seguridade Social (Cofins); do Programa de Integra\u00e7\u00e3o Social (PIS) e do Programa de Forma\u00e7\u00e3o do Patrim\u00f4nio do Servidor P\u00fablico (Pasep).<\/p>\n<p>      <!-- Relacionada --><\/p>\n<p>            <!-- Relacionada -->\n    <\/div>\n<p><br \/>\n<br \/>Fonte: <a href=\"https:\/\/agenciabrasil.ebc.com.br\/economia\/noticia\/2025-09\/arrecadacao-federal-no-ano-supera-2024-apesar-da-queda-em-agosto\">Gazeta do Povo<\/a><\/p>\n","protected":false},"excerpt":{"rendered":"<p>A An\u00e1lise da Arrecada\u00e7\u00e3o das Receitas Federais registra que a arrecada\u00e7\u00e3o federal em agosto foi de R$ 208,7 bilh\u00f5es, redu\u00e7\u00e3o de 1,5% em rela\u00e7\u00e3o a agosto de 2024. No acumulado do ano at\u00e9 agosto, a arrecada\u00e7\u00e3o est\u00e1 em R$ 1,888 trilh\u00e3o, 3,73% acima do mesmo per\u00edodo no ano passado. \u201cImportante observar que se trata do [&hellip;]<\/p>\n","protected":false},"author":5,"featured_media":45378,"comment_status":"open","ping_status":"open","sticky":false,"template":"","format":"standard","meta":{"_seopress_robots_primary_cat":"","_seopress_titles_title":"","_seopress_titles_desc":"","_seopress_robots_index":"","footnotes":""},"categories":[45],"tags":[],"class_list":["post-45377","post","type-post","status-publish","format-standard","has-post-thumbnail","hentry","category-economia"],"_links":{"self":[{"href":"https:\/\/mussicom.com\/noticias\/wp-json\/wp\/v2\/posts\/45377","targetHints":{"allow":["GET"]}}],"collection":[{"href":"https:\/\/mussicom.com\/noticias\/wp-json\/wp\/v2\/posts"}],"about":[{"href":"https:\/\/mussicom.com\/noticias\/wp-json\/wp\/v2\/types\/post"}],"author":[{"embeddable":true,"href":"https:\/\/mussicom.com\/noticias\/wp-json\/wp\/v2\/users\/5"}],"replies":[{"embeddable":true,"href":"https:\/\/mussicom.com\/noticias\/wp-json\/wp\/v2\/comments?post=45377"}],"version-history":[{"count":0,"href":"https:\/\/mussicom.com\/noticias\/wp-json\/wp\/v2\/posts\/45377\/revisions"}],"wp:featuredmedia":[{"embeddable":true,"href":"https:\/\/mussicom.com\/noticias\/wp-json\/wp\/v2\/media\/45378"}],"wp:attachment":[{"href":"https:\/\/mussicom.com\/noticias\/wp-json\/wp\/v2\/media?parent=45377"}],"wp:term":[{"taxonomy":"category","embeddable":true,"href":"https:\/\/mussicom.com\/noticias\/wp-json\/wp\/v2\/categories?post=45377"},{"taxonomy":"post_tag","embeddable":true,"href":"https:\/\/mussicom.com\/noticias\/wp-json\/wp\/v2\/tags?post=45377"}],"curies":[{"name":"wp","href":"https:\/\/api.w.org\/{rel}","templated":true}]}}