{"id":45375,"date":"2025-09-23T18:31:22","date_gmt":"2025-09-23T21:31:22","guid":{"rendered":"https:\/\/mussicom.com\/google-vai-restaurar-contas-que-foram-censuradas-no-youtube\/"},"modified":"2025-09-23T18:31:22","modified_gmt":"2025-09-23T21:31:22","slug":"google-vai-restaurar-contas-que-foram-censuradas-no-youtube","status":"publish","type":"post","link":"https:\/\/mussicom.com\/noticias\/google-vai-restaurar-contas-que-foram-censuradas-no-youtube\/","title":{"rendered":"Google vai restaurar contas que foram censuradas no YouTube"},"content":{"rendered":"<p> <br \/>\n<\/p>\n<div>\n<p class=\"postParagraph_post-paragraph__juWZN\">O Google enviou nesta ter\u00e7a-feira (23) uma carta ao Comit\u00ea Judici\u00e1rio da C\u00e2mara dos Estados Unidos em que admite ter sofrido press\u00e3o do governo do ex-presidente dos EUA Joe Biden para censurar conte\u00fados sobre a pandemia de Covid-19 e elei\u00e7\u00f5es que n\u00e3o violavam suas pr\u00f3prias regras.<\/p>\n<p class=\"postParagraph_post-paragraph__juWZN\">No mesmo documento, a empresa anunciou que criadores de conte\u00fado que tiveram contas permanentemente banidas do YouTube por discurso pol\u00edtico ter\u00e3o a oportunidade de retornar \u00e0 plataforma.<\/p>\n<p class=\"postParagraph_post-paragraph__juWZN\">\u201cRefletindo o compromisso da companhia com a liberdade de express\u00e3o, o YouTube dar\u00e1 uma oportunidade para todos os criadores retornarem \u00e0 plataforma se a empresa encerrou seus canais por viola\u00e7\u00f5es repetidas das pol\u00edticas de Covid-19 e integridade eleitoral que n\u00e3o est\u00e3o mais em vigor\u201d, declarou o Google.<\/p>\n<p class=\"postParagraph_post-paragraph__juWZN\">No documento, a empresa reconheceu que \u201caltos funcion\u00e1rios do governo Biden, incluindo integrantes da Casa Branca, realizaram repetidas e intensas investidas junto \u00e0 Alphabet e pressionaram a companhia sobre determinados conte\u00fados gerados por usu\u00e1rios relacionados \u00e0 pandemia que n\u00e3o violavam suas pol\u00edticas\u201d. A empresa classificou esse comportamento como \u201cinaceit\u00e1vel e errado\u201d em resposta ao comit\u00ea liderado pelo deputado republicano Jim Jordan, do Ohio.<\/p>\n<p class=\"postParagraph_post-paragraph-innerHtml__Q5vwc\">Segundo a <em>Fox News<\/em>, a nova pol\u00edtica pode beneficiar nomes de destaque no campo conservador americano, como Steve Bannon, que teve sua conta exclu\u00edda do Youtube ap\u00f3s publicar conte\u00fados considerados pela plataforma como \u201cdesinforma\u00e7\u00e3o sobre elei\u00e7\u00f5es ou pandemia\u201d.<\/p>\n<p class=\"postParagraph_post-paragraph-innerHtml__Q5vwc\">Em publica\u00e7\u00e3o no X, a conta oficial <em>Updates From YouTube<\/em> confirmou que o projeto de restaura\u00e7\u00e3o de contas na plataforma come\u00e7ar\u00e1 de forma limitada.<\/p>\n<p class=\"postParagraph_post-paragraph__juWZN\">\u201cEste ser\u00e1 um projeto piloto dispon\u00edvel para um subconjunto de criadores, al\u00e9m daqueles cujos canais foram encerrados por pol\u00edticas que j\u00e1 foram descontinuadas. Mais detalhes em breve!\u201d, informou a empresa.<\/p>\n<p class=\"postParagraph_post-paragraph-innerHtml__Q5vwc\">O reconhecimento do Google surge ap\u00f3s anos de investiga\u00e7\u00f5es conduzidas por republicanos sobre pr\u00e1ticas de censura realizadas por grandes empresas de tecnologia nos EUA. O comit\u00ea de Jordan j\u00e1 havia revelado e-mails mostrando a press\u00e3o da Casa Branca de Biden contra <em>big techs<\/em>, especialmente em temas ligados \u00e0 COVID-19, elei\u00e7\u00f5es de 2020 e Hunter Biden. No ano passado, a Meta, que controla o Facebook, WhatsApp e Instagram, tamb\u00e9m disse que foi alvo de press\u00e3o do ent\u00e3o governo Biden para censurar conte\u00fados pol\u00edticos. O X, antigo Twitter, tamb\u00e9m revelou documentos nesse sentido.<\/p>\n<p class=\"postParagraph_post-paragraph-innerHtml__Q5vwc\">Al\u00e9m de criticar a inger\u00eancia do governo Biden, o Google tamb\u00e9m alertou para riscos vindos da Europa. A empresa afirmou ao Congresso que permanecer\u00e1 \u201cvigilante\u201d diante de legisla\u00e7\u00f5es como o <em>Digital Services Act<\/em> e o <em>Digital Markets Act<\/em>, que, segundo o texto, \u201cimp\u00f5em um fardo regulat\u00f3rio desproporcional \u00e0s companhias americanas\u201d e podem atingir at\u00e9 conte\u00fados l\u00edcitos publicados por cidad\u00e3os dos EUA.<\/p>\n<\/div>\n<p><br \/>\n<br \/>Fonte: <a href=\"https:\/\/www.gazetadopovo.com.br\/mundo\/google-admite-censura-sob-biden-e-vai-restaurar-contas-banidas-do-youtube-por-discurso-politico\/\">Revista Oeste<\/a><\/p>\n","protected":false},"excerpt":{"rendered":"<p>O Google enviou nesta ter\u00e7a-feira (23) uma carta ao Comit\u00ea Judici\u00e1rio da C\u00e2mara dos Estados Unidos em que admite ter sofrido press\u00e3o do governo do ex-presidente dos EUA Joe Biden para censurar conte\u00fados sobre a pandemia de Covid-19 e elei\u00e7\u00f5es que n\u00e3o violavam suas pr\u00f3prias regras. No mesmo documento, a empresa anunciou que criadores de [&hellip;]<\/p>\n","protected":false},"author":5,"featured_media":45376,"comment_status":"open","ping_status":"open","sticky":false,"template":"","format":"standard","meta":{"_seopress_robots_primary_cat":"","_seopress_titles_title":"","_seopress_titles_desc":"","_seopress_robots_index":"","footnotes":""},"categories":[48],"tags":[],"class_list":["post-45375","post","type-post","status-publish","format-standard","has-post-thumbnail","hentry","category-internacional"],"_links":{"self":[{"href":"https:\/\/mussicom.com\/noticias\/wp-json\/wp\/v2\/posts\/45375","targetHints":{"allow":["GET"]}}],"collection":[{"href":"https:\/\/mussicom.com\/noticias\/wp-json\/wp\/v2\/posts"}],"about":[{"href":"https:\/\/mussicom.com\/noticias\/wp-json\/wp\/v2\/types\/post"}],"author":[{"embeddable":true,"href":"https:\/\/mussicom.com\/noticias\/wp-json\/wp\/v2\/users\/5"}],"replies":[{"embeddable":true,"href":"https:\/\/mussicom.com\/noticias\/wp-json\/wp\/v2\/comments?post=45375"}],"version-history":[{"count":0,"href":"https:\/\/mussicom.com\/noticias\/wp-json\/wp\/v2\/posts\/45375\/revisions"}],"wp:featuredmedia":[{"embeddable":true,"href":"https:\/\/mussicom.com\/noticias\/wp-json\/wp\/v2\/media\/45376"}],"wp:attachment":[{"href":"https:\/\/mussicom.com\/noticias\/wp-json\/wp\/v2\/media?parent=45375"}],"wp:term":[{"taxonomy":"category","embeddable":true,"href":"https:\/\/mussicom.com\/noticias\/wp-json\/wp\/v2\/categories?post=45375"},{"taxonomy":"post_tag","embeddable":true,"href":"https:\/\/mussicom.com\/noticias\/wp-json\/wp\/v2\/tags?post=45375"}],"curies":[{"name":"wp","href":"https:\/\/api.w.org\/{rel}","templated":true}]}}