{"id":45357,"date":"2025-09-23T16:12:21","date_gmt":"2025-09-23T19:12:21","guid":{"rendered":"https:\/\/mussicom.com\/trump-esvazia-discurso-eleitoreiro-de-lula-contra-inimigo-externo\/"},"modified":"2025-09-23T16:12:21","modified_gmt":"2025-09-23T19:12:21","slug":"trump-esvazia-discurso-eleitoreiro-de-lula-contra-inimigo-externo","status":"publish","type":"post","link":"https:\/\/mussicom.com\/noticias\/trump-esvazia-discurso-eleitoreiro-de-lula-contra-inimigo-externo\/","title":{"rendered":"Trump esvazia discurso eleitoreiro de Lula contra inimigo externo"},"content":{"rendered":"<p> <br \/>\n<\/p>\n<div>\n<p class=\"postParagraph_post-paragraph-innerHtml__Q5vwc\">O presidente Luiz In\u00e1cio Lula da Silva (PT) usou seu discurso na abertura da 80\u00aa Assembleia Geral da ONU, na manh\u00e3 desta ter\u00e7a-feira (23), em Nova York, para refor\u00e7ar a sua imagem de rival de Donald Trump no plano internacional. Sem mencionar diretamente o l\u00edder americano, marcou diferen\u00e7as nas \u00e1reas geopol\u00edtica, comercial e ambiental, em meio \u00e0 escalada das tens\u00f5es entre Brasil e Estados Unidos. Mas foi surpreendido pela fala que o sucedeu, justamente a do presidente americano.<\/p>\n<p class=\"postParagraph_post-paragraph__juWZN\">Ap\u00f3s o encontro brev\u00edssimo que Lula e Trump tiveram nos bastidores da tribuna, o l\u00edder americano disse ter \u201cgostado\u201d de Lula e acenou para a aproxima\u00e7\u00e3o, voltada para negociar o relaxamento do tarifa\u00e7o de 50% imposto pela Casa Branca a uma s\u00e9rie de produtos importados do Brasil. Este foi o primeiro encontro dos dois presidentes desde a volta de Trump ao poder neste ano e pode ter aberto a chance para outro, na pr\u00f3xima semana.<\/p>\n<p class=\"postParagraph_post-paragraph__juWZN\">Para observadores, esse posicionamento de Trump ajuda n\u00e3o apenas a quebrar o impasse diante da negativa de Lula em procurar conversar diretamente, mas sobretudo pode esvaziar a ret\u00f3rica constru\u00edda pelo presidente brasileiro desde o fim de julho, de confronto com um inimigo externo apoiado por seus advers\u00e1rios de direita na pol\u00edtica nacional. Essa abordagem se tornou, inclusive, a base para a campanha do presidente pela reelei\u00e7\u00e3o em 2026, expressa at\u00e9 nos novos slogans e atos oficiais do seu governo.<\/p>\n<p class=\"postParagraph_post-paragraph__juWZN\">O jurista Andr\u00e9 Marsiglia afirmou que Lula ter\u00e1 agora que lidar com a poss\u00edvel falta de um suposto inimigo externo, ponto sempre presente em seus discursos. &#8220;Resta ver como Lula se comportar\u00e1, pois sua estrat\u00e9gia tem sido enfrentar Trump e utilizar esse enfrentamento como plataforma eleitoral para 2026&#8221;, publicou Marsiglia em uma rede social.<\/p>\n<p class=\"postParagraph_post-paragraph__juWZN\">Logo ap\u00f3s Trump anunciar em julho que pretendia elevar a taxa de com\u00e9rcio com o Brasil para 50%, membros da oposi\u00e7\u00e3o j\u00e1 come\u00e7aram a denunciar a estrat\u00e9gia de Lula de desviar o foco dos problemas brasileiros colocando Trump no centro da agenda pol\u00edtica.<\/p>\n<p class=\"postParagraph_post-paragraph__juWZN\">O presidente da Comiss\u00e3o de Rela\u00e7\u00f5es Exteriores da C\u00e2mara, deputado\u00a0Filipe Barros (PL-PR), disse na \u00e9poca n\u00e3o ter d\u00favidas de que Lula queria que o Brasil fosse taxado &#8220;justamente para arranjar um culpado externo pelo seu pr\u00f3prio desastre econ\u00f4mico. No melhor estilo venezuelano, tenta justificar o fracasso da economia colocando a culpa no imperialismo americano&#8221;, disse.<\/p>\n<p class=\"postParagraph_post-paragraph-innerHtml__Q5vwc\">A primeira oscila\u00e7\u00e3o positiva de Lula nas pesquisas eleitorais no ano de 2025 ocorreu logo depois de Trump anunciar a aplica\u00e7\u00e3o das tarifas. Um dos institutos que mostrou a mudan\u00e7a na tend\u00eancia foi o PoderData, que registrou alta de 39% para 42% na aprova\u00e7\u00e3o do governo em pesquisa realizada entre 26 e 28 de julho com 2.500 pessoas em 182 munic\u00edpios.<\/p>\n<p class=\"postParagraph_post-paragraph__juWZN\">Levantamento da semana passada da Genial\/Quaest mostrou que Lula lidera em todos os cen\u00e1rios simulados de primeiro e segundo turno para a disputa presidencial de 2026. A pesquisa foi feita com 2.004 pessoas entre 12 e 14 de setembro, com margem de erro de dois pontos percentuais e n\u00edvel de confian\u00e7a de 95%.<\/p>\n<p class=\"postParagraph_post-paragraph__juWZN\">A melhora nas pesquisas deixou Lula \u00e0 vontade com a situa\u00e7\u00e3o. Ele chegou a recusar uma proposta p\u00fablica de Trump para conversarem por telefone, argumentando que a conversa demandaria muita prepara\u00e7\u00e3o diplom\u00e1tica pr\u00e9via. Agora, com o an\u00fancio de Trump na ONU diminui a probabilidade de Lula se esquivar de uma negocia\u00e7\u00e3o para resolver o tarifa\u00e7o.<\/p>\n<h2 class=\"postParagraph_post-paragraph__juWZN postParagraph_type-tag-h2__TtFkT\">Lula busca o confronto na tribuna da ONU antes de ser desarmado por Trump<\/h2>\n<p class=\"postParagraph_post-paragraph__juWZN\">Numa s\u00e9rie de recados diretos a Trump, Lula afirmou em seu discurso, logo nas primeiras frases e de forma expl\u00edcita que o Brasil n\u00e3o aceitar\u00e1 interven\u00e7\u00f5es externas, puxando a imagem do agressor internacional que vem tentando associar a Trump. Conforme a tradi\u00e7\u00e3o, desde 1955 o Brasil foi o primeiro pa\u00eds a discursar, seguido pelos Estados Unidos.<\/p>\n<p class=\"postParagraph_post-paragraph__juWZN\">Na 10\u00aa vez que Lula assumiu o p\u00falpito da ONU para abrir debates de chefes de Estado, ele fez quest\u00e3o de defender o multilateralismo, a soberania nacional e o princ\u00edpio da n\u00e3o interven\u00e7\u00e3o, tecendo um ros\u00e1rio de oposi\u00e7\u00f5es a Trump, que usou a maior parte de seu discurso para atacar as Na\u00e7\u00f5es Unidas e o discurso de combate \u00e0 mudan\u00e7a clim\u00e1tica.\u00a0 No pano de fundo, estava a escalada de tens\u00f5es da pior crise diplom\u00e1tica entre Brasil e Estados Unidos das \u00faltimas d\u00e9cadas.<\/p>\n<p class=\"postParagraph_post-paragraph__juWZN\">Na segunda-feira (16), a Casa Branca anunciou a extens\u00e3o das san\u00e7\u00f5es contra o ministro Alexandre de Moraes, do Supremo Tribunal Federal (STF), no \u00e2mbito da Lei Magnitsky, alcan\u00e7ando sua esposa Viviane Barci e o Instituto Lex, que concentra patrim\u00f4nio da fam\u00edlia. No rastro da decis\u00e3o, o governo Trump tamb\u00e9m revogou vistos de seis pessoas ligadas a Moraes e do advogado-geral da Uni\u00e3o (AGU), Jorge Messias.<\/p>\n<h2 class=\"postParagraph_post-paragraph__juWZN postParagraph_type-tag-h2__TtFkT\">No rastro de novas san\u00e7\u00f5es contra Moraes, Lula faz ret\u00f3rica anti-Trump<\/h2>\n<p class=\"postParagraph_post-paragraph__juWZN\">Em seu discurso, Lula adotou posi\u00e7\u00f5es contr\u00e1rias \u00e0s de Trump em todos os temas, com exce\u00e7\u00e3o para a esperan\u00e7a de paz negociada para a guerra da Ucr\u00e2nia trazida ap\u00f3s recente reuni\u00e3o entre o presidente dos Estados Unidos e o ditador da R\u00fassia. Lula come\u00e7ou atacando amea\u00e7as ao multilateralismo, perda da autoridade da ONU e interven\u00e7\u00f5es externas, \u201cque enfraquecem a democracia\u201d e normalizam \u201carbitrariedades contra a soberania\u201d.<\/p>\n<p class=\"postParagraph_post-paragraph__juWZN\">Neste ponto, Lula criticou \u201cfor\u00e7as antidemocr\u00e1ticas contra institui\u00e7\u00f5es\u201d situadas dentro e fora do pa\u00eds, dando como exemplo \u201cmilicias digitais\u201d, em refer\u00eancia a um processo judicial contra Bolsonaro. Ele afirmou que o Brasil sofre uma s\u00e9rie de ataques \u201csem precedentes contra sua democracia\u201d desde o fim do per\u00edodo militar por meio de medidas unilaterais sem justificativa contra o Judici\u00e1rio com colabora\u00e7\u00e3o de \u201cfalsos patriotas\u201d.<\/p>\n<p class=\"postParagraph_post-paragraph__juWZN\">Lula frisou que a Justi\u00e7a brasileira deu aviso a \u201ccandidatos a autocratas\u201d e \u201c\u00e0queles que os apoiam\u201d ao condenar um ex-presidente da Rep\u00fablica por tentar dar golpe de Estado, ap\u00f3s um julgamento que considera transparente e justo. Neste ponto, ele deu o mais duro recado a Trump, dizendo com base em recorrente ret\u00f3rica interna, que n\u00e3o aceita tutela e que \u201ca democracia e a soberania do pa\u00eds s\u00e3o inegoci\u00e1veis\u201d.<\/p>\n<h2 class=\"postParagraph_post-paragraph__juWZN postParagraph_type-tag-h2__TtFkT\">Lula condena genoc\u00eddio em Gaza e investida militar contra a Venezuela<\/h2>\n<p class=\"postParagraph_post-paragraph__juWZN\">No restante de sua fala, Lula alfinetou Trump em v\u00e1rios pontos em que s\u00e3o radicalmente divergentes, como o combate \u00e0 imigra\u00e7\u00e3o ilegal, a regula\u00e7\u00e3o das grandes plataformas digitais e a classifica\u00e7\u00e3o de carteis de drogas como organiza\u00e7\u00f5es terroristas, citando o uso de for\u00e7a militar pelos EUA contra criminosos da Venezuela. Sobre a guerra em Gaza, denunciou o que considera um \u201cgenoc\u00eddio dos palestinos\u201d por Israel e disse reconhecer o Estado da Palestina.<\/p>\n<p class=\"postParagraph_post-paragraph__juWZN\">J\u00e1 Trump disse que o reconhecimento da Palestina neste momento por pa\u00edses como Reino Unido, Austr\u00e1lia, Canad\u00e1 e Portugal \u00e9 uma recompensa aos atos terroristas do Hamas contra Israel em outubro de 2023.<\/p>\n<p class=\"postParagraph_post-paragraph__juWZN\">Nas quest\u00f5es econ\u00f4micas e ambientais, Lula voltou a enfrentar Trump. Em tom alarmista, disse que a crise clim\u00e1tica e as responsabilidades que ela imp\u00f5e, sobretudo a pa\u00edses ricos, ser\u00e3o evidenciadas na reuni\u00e3o de c\u00fapula da ONU em Bel\u00e9m, em novembro. Por fim, prop\u00f4s relan\u00e7ar o sistema multilateral de com\u00e9rcio para conter \u201cmedidas unilaterais\u201d que desorganizam cadeias produtivas, elevam pre\u00e7os e minam a confian\u00e7a.<\/p>\n<p class=\"postParagraph_post-paragraph__juWZN\">J\u00e1 Trump desdenhou do discurso de transi\u00e7\u00e3o para energias renov\u00e1veis afirmando que a energia e\u00f3lica \u00e9 &#8220;pat\u00e9tica&#8221; e a gera\u00e7\u00e3o de energia precisa dar lucro e n\u00e3o preju\u00edzos.<\/p>\n<h2 class=\"postParagraph_post-paragraph__juWZN postParagraph_type-tag-h2__TtFkT\">Discurso de Trump contraria posi\u00e7\u00f5es de Lula, mas encerra com afago em Lula<\/h2>\n<p class=\"postParagraph_post-paragraph__juWZN\">Em seu longo discurso, logo ap\u00f3s o de Lula, Trump fez fortes cr\u00edticas \u00e0 gest\u00e3o do seu antecessor, Joe Biden, a quem creditou calamidade econ\u00f4mica e fraqueza geopol\u00edtica dos EUA que estariam agora sendo corrigidas. Ele listou realiza\u00e7\u00f5es em apenas sete meses de mandato, como atra\u00e7\u00e3o recorde de investimentos externos, acordos comerciais e encerramento de conflitos b\u00e9licos, alguns ap\u00f3s mais de tr\u00eas d\u00e9cadas.<\/p>\n<p class=\"postParagraph_post-paragraph__juWZN\">Em diferentes momentos, Trump fez duras cr\u00edticas \u00e0 inoper\u00e2ncia da ONU diante dos desafios atuais do mundo, com foco principal nas tens\u00f5es na Europa e no Oriente M\u00e9dio, crises migrat\u00f3rias e \u201ca fal\u00e1cia da agenda verde\u201d. Para ele, a reindustrializa\u00e7\u00e3o dos EUA, convertido em \u201cmelhor lugar para os neg\u00f3cios\u201d, incluindo maior controle sobre suas fronteiras, fomentar\u00e1 a prosperidade de todos os demais pa\u00edses.<\/p>\n<p class=\"postParagraph_post-paragraph__juWZN\">Na maior parte de seu discurso, o presidente americano condenou as invas\u00f5es de imigrantes nos EUA e Europa, que est\u00e3o \u201cdestruindo os pa\u00edses\u201d invadidos. Neste sentido, chamou a ONU de parte do problema ao financiar a acolhida de imigrantes e asilos ileg\u00edtimos.<\/p>\n<h2 class=\"postParagraph_post-paragraph__juWZN postParagraph_type-tag-h2__TtFkT\">Presidente americano condiciona melhora nas rela\u00e7\u00f5es \u00e0 disposi\u00e7\u00e3o de Lula negociar<\/h2>\n<p class=\"postParagraph_post-paragraph__juWZN\">No encerramento da fala, ao exaltar um com\u00e9rcio robusto e justo dos EUA com todas as na\u00e7\u00f5es, Trump ressaltou que as tarifas que elevou serviram para revidar barreiras \u201cdesleais e corruptas\u201d que o seu pa\u00eds enfrentou de todos, se aproveitando de gest\u00f5es passadas. Neste ponto citou o Brasil, mas agregando que as tarifas impostas tamb\u00e9m s\u00e3o uma reposta a interfer\u00eancias nos direitos de cidad\u00e3os americanos. Ele n\u00e3o citou, desta vez, o julgamento do ex-presidente Jair Bolsonaro (PL), seu aliado.<\/p>\n<p class=\"postParagraph_post-paragraph__juWZN\">Com tom firme que logo depois seria quebrado por r\u00e1pido coment\u00e1rio pessoal, Trump condenou a corrup\u00e7\u00e3o judicial no Brasil, que atinge tamb\u00e9m os seus cr\u00edticos nos EUA. Ao dizer ter abra\u00e7ado Lula nos bastidores e conversado por alguns segundos, disse ter a impress\u00e3o de ser um \u201chomem bom\u201d e percebido uma \u201cexcelente qu\u00edmica\u201d entre ambos, sendo para ele essencial gostar daqueles com quem negocia, torcendo por um encontro na pr\u00f3xima semana, se for do interesse. Trump reconheceu por\u00e9m que n\u00e3o gosta de Lula e Lula n\u00e3o gosta dele.<\/p>\n<p class=\"postParagraph_post-paragraph__juWZN\">\u201cAs coisas com o Brasil n\u00e3o est\u00e3o indo bem. No passado, Brasil usava tarifas injustas contra n\u00f3s. Estamos sendo rec\u00edprocos agora. Continuaremos bem se trabalharem conosco. Sem n\u00f3s, falhar\u00e3o\u201d, avisou, dando os termos ap\u00f3s o afago.<\/p>\n<h2 class=\"postParagraph_post-paragraph__juWZN postParagraph_type-tag-h2__TtFkT\">Para especialistas, jogada de Trump revela seu estilo de negociar com oponentes<\/h2>\n<p class=\"postParagraph_post-paragraph__juWZN\">O deputado Eduardo Bolsonaro (PL-SP) e o jornalista Paulo Figueiredo, que h\u00e1 meses cooperam com a Casa Branca na den\u00fancia do ativismo judicial no Brasil, elogiaram o aceno de Trump a Lula. Eles viram na fala do presidente americano e nos seus gestos uma jogada calculada para expor contradi\u00e7\u00f5es de Lula, podendo enfraquecer cr\u00edticas ou suavizar tens\u00f5es, usando a diplomacia para remodelar rela\u00e7\u00f5es bilaterais.<\/p>\n<p class=\"postParagraph_post-paragraph-innerHtml__Q5vwc\">Prova do mal-estar alimentado pelo Pal\u00e1cio do Planalto foi a exclus\u00e3o dos EUA da segunda edi\u00e7\u00e3o do evento \u201cEm Defesa da Democracia e Contra o Extremismo\u201d, articulado pelo Brasil e aliados e marcado para quarta-feira (24), em Nova York. \u00a0<\/p>\n<p class=\"postParagraph_post-paragraph__juWZN\">Para Nat\u00e1lia Fingermann, professora de Rela\u00e7\u00f5es Internacionais da ESPM, a opini\u00e3o p\u00fablica americana j\u00e1 acompanhava de perto o processo contra Jair Bolsonaro por tentativa de golpe, em raz\u00e3o de seus paralelos com o fim do primeiro governo Trump.<\/p>\n<p class=\"postParagraph_post-paragraph__juWZN\">\u201cNo plano internacional, havia expectativa de condena\u00e7\u00e3o de Bolsonaro, com a percep\u00e7\u00e3o de que o epis\u00f3dio serviria de refer\u00eancia para questionar a resposta da Justi\u00e7a dos EUA ao contexto de suposta insurrei\u00e7\u00e3o na gest\u00e3o Trump\u201d, observa.<\/p>\n<p class=\"postParagraph_post-paragraph__juWZN\">A especialista ressalta que as conex\u00f5es entre a direita brasileira e a americana refor\u00e7am a possibilidade de alguma forma de interven\u00e7\u00e3o dos EUA na pol\u00edtica nacional, inclusive no processo eleitoral de 2026. \u201cProva dessa coniv\u00eancia foi a imensa bandeira americana estendida no ato da Avenida Paulista no Sete de Setembro, quando o principal s\u00edmbolo de outro pa\u00eds marcou presen\u00e7a na maior data c\u00edvica do Brasil\u201d, sublinha.<\/p>\n<p class=\"postParagraph_post-paragraph__juWZN\">J\u00e1 Daniel Afonso Silva, professor de Pol\u00edtica Externa da USP, avalia que a energia despendida pela Casa Branca at\u00e9 agora com o caso brasileiro ainda \u00e9 secund\u00e1ria diante das diversas frentes de contencioso bilaterais abertas pela atual administra\u00e7\u00e3o Trump. Mas alerta que o ineditismo do embate e seus potenciais desdobramentos n\u00e3o devem ser subestimados. Exemplo disso, segundo ele, \u00e9 a forma intensa como Trump trata a \u201cca\u00e7a \u00e0s bruxas\u201d contra Bolsonaro, termo usado pelo pr\u00f3prio ex-presidente para definir o cerco policial e judicial que enfrenta.<\/p>\n<p class=\"postParagraph_post-paragraph__juWZN\">Na vis\u00e3o de Silva, Trump se pronuncia sobre o Brasil em linha com outras situa\u00e7\u00f5es internacionais, como forma de reafirmar o peso dos EUA na cena global e buscar a reabilita\u00e7\u00e3o da influ\u00eancia americana anterior \u00e0 crise financeira de 2008. Do lado brasileiro, ele teme que, desde a pris\u00e3o de Lula em 2018, tenha se naturalizado o processo de criminaliza\u00e7\u00e3o de ex-presidentes, em meio a um contexto marcado por crises sucessivas: a recess\u00e3o no segundo governo Dilma e, depois, a pandemia no governo Bolsonaro.<\/p>\n<\/div>\n<p><br \/>\n<br \/>Fonte: <a href=\"https:\/\/www.gazetadopovo.com.br\/republica\/aceno-de-trump-esvazia-estrategia-eleitoral-de-lula-centrada-na-luta-contra-o-inimigo-externo\/\">Revista Oeste<\/a><\/p>\n","protected":false},"excerpt":{"rendered":"<p>O presidente Luiz In\u00e1cio Lula da Silva (PT) usou seu discurso na abertura da 80\u00aa Assembleia Geral da ONU, na manh\u00e3 desta ter\u00e7a-feira (23), em Nova York, para refor\u00e7ar a sua imagem de rival de Donald Trump no plano internacional. Sem mencionar diretamente o l\u00edder americano, marcou diferen\u00e7as nas \u00e1reas geopol\u00edtica, comercial e ambiental, em [&hellip;]<\/p>\n","protected":false},"author":5,"featured_media":45327,"comment_status":"open","ping_status":"open","sticky":false,"template":"","format":"standard","meta":{"_seopress_robots_primary_cat":"","_seopress_titles_title":"","_seopress_titles_desc":"","_seopress_robots_index":"","footnotes":""},"categories":[1],"tags":[],"class_list":["post-45357","post","type-post","status-publish","format-standard","has-post-thumbnail","hentry","category-ultimas-noticias"],"_links":{"self":[{"href":"https:\/\/mussicom.com\/noticias\/wp-json\/wp\/v2\/posts\/45357","targetHints":{"allow":["GET"]}}],"collection":[{"href":"https:\/\/mussicom.com\/noticias\/wp-json\/wp\/v2\/posts"}],"about":[{"href":"https:\/\/mussicom.com\/noticias\/wp-json\/wp\/v2\/types\/post"}],"author":[{"embeddable":true,"href":"https:\/\/mussicom.com\/noticias\/wp-json\/wp\/v2\/users\/5"}],"replies":[{"embeddable":true,"href":"https:\/\/mussicom.com\/noticias\/wp-json\/wp\/v2\/comments?post=45357"}],"version-history":[{"count":0,"href":"https:\/\/mussicom.com\/noticias\/wp-json\/wp\/v2\/posts\/45357\/revisions"}],"wp:featuredmedia":[{"embeddable":true,"href":"https:\/\/mussicom.com\/noticias\/wp-json\/wp\/v2\/media\/45327"}],"wp:attachment":[{"href":"https:\/\/mussicom.com\/noticias\/wp-json\/wp\/v2\/media?parent=45357"}],"wp:term":[{"taxonomy":"category","embeddable":true,"href":"https:\/\/mussicom.com\/noticias\/wp-json\/wp\/v2\/categories?post=45357"},{"taxonomy":"post_tag","embeddable":true,"href":"https:\/\/mussicom.com\/noticias\/wp-json\/wp\/v2\/tags?post=45357"}],"curies":[{"name":"wp","href":"https:\/\/api.w.org\/{rel}","templated":true}]}}