{"id":45297,"date":"2025-09-23T10:28:19","date_gmt":"2025-09-23T13:28:19","guid":{"rendered":"https:\/\/mussicom.com\/caras-tv-lanca-programa-caras-em-hollywood-no-proximo-dia-28\/"},"modified":"2025-09-23T10:28:19","modified_gmt":"2025-09-23T13:28:19","slug":"caras-tv-lanca-programa-caras-em-hollywood-no-proximo-dia-28","status":"publish","type":"post","link":"https:\/\/mussicom.com\/noticias\/caras-tv-lanca-programa-caras-em-hollywood-no-proximo-dia-28\/","title":{"rendered":"CARAS TV lan\u00e7a programa &#8216;CARAS em Hollywood&#8217; no pr\u00f3ximo dia 28"},"content":{"rendered":"<p> <br \/>\n<\/p>\n<div>\n<p>Com o prop\u00f3sito de levar ao p\u00fablico conte\u00fados exclusivos, relevantes e envolventes, CARAS TV lan\u00e7a, no pr\u00f3ximo domingo (28), o programas\u00a0<strong><em>CARAS em Hollywood<\/em><\/strong>, uma produ\u00e7\u00e3o original, que promete conduzir o p\u00fablico por emocionantes jornadas pelo universo do cinema nacional e internacional.<\/p>\n<p>A novidade \u00e9 apresentada por <strong>Leandro Stoliar<\/strong> (ex-Record) e <strong>Livia Raick<\/strong> (ex-SBT), com dire\u00e7\u00e3o de <strong>Rodrigo Mariz<\/strong> (ex-Band) e <strong>H\u00e9lio Sileman<\/strong>, produ\u00e7\u00e3o de <strong>Gabriela Coelho<\/strong> e realiza\u00e7\u00e3o da Frame Produ\u00e7\u00e3o, e combina informa\u00e7\u00e3o, entretenimento e bastidores exclusivos em s\u00e9rie de quadros inovadores e divertidos.<\/p>\n<blockquote>\n<p><em>\u201cO programa tem uma pegada de entretenimento mais conversada, informal, mas queremos trazer tamb\u00e9m o jornalismo que \u00e9 o nosso DNA. Fazemos quest\u00e3o de valorizar o conte\u00fado sobre o mundo do cinema, porque existe um p\u00fablico enorme interessado no tema que \u00e9 carente de informa\u00e7\u00e3o de qualidade nessa \u00e1rea porque n\u00e3o existe um programa do g\u00eanero\u201d<\/em>, afirma Leandro.<\/p>\n<\/blockquote>\n<p>Para Livia, a ideia do <strong><em>CARAS em Hollywood<\/em><\/strong> \u00e9 fazer um programa para reunir a fam\u00edlia, al\u00e9m de valorizar o cinema: <em>\u201cA gente sabe da nossa responsabilidade. O \u00fanico programa voltado exclusivamente para o cinema na TV brasileira. E estamos prontos. Agradecemos muito \u00e0 CARAS TV por acreditar no projeto\u201d<\/em>, celebrou. Confira os quadros do <strong><em>CARAS em Hollywood<\/em><\/strong>:<\/p>\n<ul>\n<li><strong>Cr\u00edticos Z<\/strong> \u2013 an\u00e1lises descontra\u00eddas da gera\u00e7\u00e3o Z com <strong>Renata Moniz<\/strong> e <strong>Pedro Borges<\/strong>;<\/li>\n<li><strong>No Tapete da Klock<\/strong> \u2013 com a correspondente internacional <strong>Cleide Klock<\/strong>, direto do tapete vermelho de Los Angeles, trazendo entrevistas e novidades exclusivas;<\/li>\n<li><strong>\u00c0 Procura de um Astro<\/strong> \u2013 espa\u00e7o para novos talentos mostrarem seu potencial;<\/li>\n<li><strong>Novidades da 7\u00aa Arte<\/strong> \u2013 lan\u00e7amentos da semana em cinema e TV;<\/li>\n<li><strong>Filmes que D\u00e3o \u00c1gua na Boca<\/strong> \u2013 dicas de chefs renomados em filmes com sabor;<\/li>\n<li><strong>O Desafio do Cabelo<\/strong> \u2013 hair designers recriam penteados e cortes ic\u00f4nicos da telona;<\/li>\n<li><strong>Pinga-Fogo<\/strong> \u2013 entrevistas r\u00e1pidas e intensas com personalidades do cinema;<\/li>\n<li><strong>Bastidores do Cinema e Segredos do Set<\/strong> \u2013 reportagens que revelam o que acontece longe dos holofotes;<\/li>\n<li><strong>Cinema Fashion Week<\/strong> \u2013 os segredos por tr\u00e1s dos figurinos mais marcantes da tela grande; e<\/li>\n<li><strong>Cine News<\/strong> \u2013 um jornal com as principais not\u00edcias do cinema do Brasil e do mundo, exibido todo domingo.<\/li>\n<\/ul>\n<p>E, para falar de cinema, nada melhor do que uma deliciosa pipoca para acompanhar. Por isso, a Yoki entra como patrocinadora especial do <strong><em>CARAS em Hollywood<\/em><\/strong>. Al\u00e9m disso, o cen\u00e1rio do programa tem assinatura de Marley Galv\u00e3o e Sidarta Bardou, em parceria com Dunelli, By Kamy, Linea Home e Forma Objeto \u2014 parceiros comerciais fundamentais para a ambienta\u00e7\u00e3o sofisticada e contempor\u00e2nea que o conte\u00fado merece.<\/p>\n<h2><strong>Onde assistir ao\u00a0<em>CARAS em Hollywood<\/em>?<\/strong><\/h2>\n<p><strong><em>CARAS em Hollywood<\/em><\/strong> poder\u00e1 ser assistido gratuitamente na CARAS TV, dispon\u00edvel hoje na plataforma Samsung TV Plus (canal 2130), e tamb\u00e9m no canal oficial da CARAS TV no YouTube (youtube.com\/CarasBR). Em breve, o canal estar\u00e1 presente em outros servi\u00e7os de distribui\u00e7\u00e3o de FAST TV, ampliando ainda mais sua audi\u00eancia e refor\u00e7ando a miss\u00e3o de entregar entretenimento de qualidade sobre celebridades, moda, lifestyle e cultura.<\/p>\n<div class=\"author-box clearfix mb-4\">\n<div class=\"d-flex align-items-center\">\n<div class=\"author-avatar\">\n        &#13;<br \/>\n          \n      <\/div>\n<div class=\"author-info ms-3\">\n<p>Formado em Jornalismo pela Universidade S\u00e3o Judas, em S\u00e3o Paulo, <strong>Henrique Nascimento<\/strong> come\u00e7ou como estagi\u00e1rio na Veja S\u00e3o Paulo e passou por ve\u00edculos como SBT, Exito\u00edna, Yahoo! Brasil e UOL antes de se tornar coordenador do n\u00facleo de cinema da Editora Perfil, que inclui CineBuzz, Rolling Stone Brasil e Contigo.<\/p>\n<\/p><\/div>\n<\/p><\/div>\n<\/p><\/div>\n<ul class=\"terms-list post_tag list-inline\">\n<li class=\"caras-em-hollywood list-inline-item\">\n\t\t\t\t\tCARAS em Hollywood\n\t\t\t\t<\/li>\n<li class=\"caras-tv list-inline-item\">\n\t\t\t\t\tCARAS TV\n\t\t\t\t<\/li>\n<\/ul><\/div>\n<p><br \/>\n<br \/>Fonte: <a href=\"https:\/\/rollingstone.com.br\/cinema\/caras-tv-lanca-programa-caras-em-hollywood-no-proximo-dia-28\/\">rollingstone.com.br<\/a><\/p>\n","protected":false},"excerpt":{"rendered":"<p>Com o prop\u00f3sito de levar ao p\u00fablico conte\u00fados exclusivos, relevantes e envolventes, CARAS TV lan\u00e7a, no pr\u00f3ximo domingo (28), o programas\u00a0CARAS em Hollywood, uma produ\u00e7\u00e3o original, que promete conduzir o p\u00fablico por emocionantes jornadas pelo universo do cinema nacional e internacional. A novidade \u00e9 apresentada por Leandro Stoliar (ex-Record) e Livia Raick (ex-SBT), com dire\u00e7\u00e3o [&hellip;]<\/p>\n","protected":false},"author":5,"featured_media":45298,"comment_status":"open","ping_status":"open","sticky":false,"template":"","format":"standard","meta":{"_seopress_robots_primary_cat":"","_seopress_titles_title":"","_seopress_titles_desc":"","_seopress_robots_index":"","footnotes":""},"categories":[51],"tags":[],"class_list":["post-45297","post","type-post","status-publish","format-standard","has-post-thumbnail","hentry","category-musica"],"_links":{"self":[{"href":"https:\/\/mussicom.com\/noticias\/wp-json\/wp\/v2\/posts\/45297","targetHints":{"allow":["GET"]}}],"collection":[{"href":"https:\/\/mussicom.com\/noticias\/wp-json\/wp\/v2\/posts"}],"about":[{"href":"https:\/\/mussicom.com\/noticias\/wp-json\/wp\/v2\/types\/post"}],"author":[{"embeddable":true,"href":"https:\/\/mussicom.com\/noticias\/wp-json\/wp\/v2\/users\/5"}],"replies":[{"embeddable":true,"href":"https:\/\/mussicom.com\/noticias\/wp-json\/wp\/v2\/comments?post=45297"}],"version-history":[{"count":0,"href":"https:\/\/mussicom.com\/noticias\/wp-json\/wp\/v2\/posts\/45297\/revisions"}],"wp:featuredmedia":[{"embeddable":true,"href":"https:\/\/mussicom.com\/noticias\/wp-json\/wp\/v2\/media\/45298"}],"wp:attachment":[{"href":"https:\/\/mussicom.com\/noticias\/wp-json\/wp\/v2\/media?parent=45297"}],"wp:term":[{"taxonomy":"category","embeddable":true,"href":"https:\/\/mussicom.com\/noticias\/wp-json\/wp\/v2\/categories?post=45297"},{"taxonomy":"post_tag","embeddable":true,"href":"https:\/\/mussicom.com\/noticias\/wp-json\/wp\/v2\/tags?post=45297"}],"curies":[{"name":"wp","href":"https:\/\/api.w.org\/{rel}","templated":true}]}}