{"id":45186,"date":"2025-09-22T20:52:24","date_gmt":"2025-09-22T23:52:24","guid":{"rendered":"https:\/\/mussicom.com\/quem-foi-sancionado-no-brasil\/"},"modified":"2025-09-22T20:52:24","modified_gmt":"2025-09-22T23:52:24","slug":"quem-foi-sancionado-no-brasil","status":"publish","type":"post","link":"https:\/\/mussicom.com\/noticias\/quem-foi-sancionado-no-brasil\/","title":{"rendered":"quem foi sancionado no Brasil?"},"content":{"rendered":"<p> <br \/>\n<\/p>\n<div>\n<p class=\"postParagraph_post-paragraph-innerHtml__Q5vwc\">Os Estados Unidos anunciaram nesta segunda-feira (22) a nova leva de suspens\u00e3o de vistos de autoridades brasileiras e pessoas ligadas a elas. O governo de Donald Trump tamb\u00e9m ampliou o embate com o ministro do Supremo Tribunal Federal (STF) Alexandre de Moraes ao aplicar a Lei Magnitsky contra a esposa do magistrado, a advogada Viviane Barci de Moraes.<\/p>\n<p class=\"postParagraph_post-paragraph-innerHtml__Q5vwc\">A san\u00e7\u00e3o foi estendida ao Instituto de Estudos Jur\u00eddicos Lex, empresa de advocacia da qual Viviane e dois dos tr\u00eas filhos do casal s\u00e3o s\u00f3cios. A medida \u00e9 uma retalia\u00e7\u00e3o pelo julgamento do ex-presidente Jair Bolsonaro (PL). No \u00faltimo dia 15, o secret\u00e1rio de Estado americano, Marco Rubio, prometeu uma \u201cresposta\u201d ap\u00f3s a Primeira Turma condenar o ex-mandat\u00e1rio a mais de 27 anos de pris\u00e3o pela suposta tentativa de golpe de Estado.<\/p>\n<p class=\"postParagraph_post-paragraph-innerHtml__Q5vwc\">Em maio, Rubio anunciou a nova pol\u00edtica dos Estados Unidos para punir autoridades estrangeiras que aplicam censura contra cidad\u00e3os americanos. No dia 18 de julho, o secret\u00e1rio de Estado anunciou a revoga\u00e7\u00e3o do visto de Moraes, seus familiares e \u201caliados\u201d no STF. A restri\u00e7\u00e3o dos EUA foi articulada pelo deputado federal Eduardo Bolsonaro (PL-SP) e pelo jornalista Paulo Figueiredo.<\/p>\n<div class=\"postViewMore_post-view-more-container___5wai\" data-mrf-recirculation=\"Post - Veja tamb\u00e9m\">\n<p class=\"gp-styles-module-size-small-afeYRa gp-styles-module-font-family2-afeYRa gp-styles-module-color-secondary-afeYRa gp-styles-module-weight-bold-afeYRa\">VEJA TAMB\u00c9M:<\/p>\n<ul class=\"postViewMore_post-view-more-list__CU_CE\">\n<li class=\"postViewMore_post-view-more-item__2MzRb\"><span class=\"postViewMore_post-view-more-link-icon___stPC\"><svg xmlns=\"http:\/\/www.w3.org\/2000\/svg\" width=\"16\" height=\"16\" viewbox=\"0 0 16 16\"><rect width=\"16\" height=\"16\" fill=\"none\"\/><g transform=\"translate(3 3)\"><path d=\"M22.5,15l3.4,3.4-3.4,3.4\" transform=\"translate(-15.896 -11.793)\" fill=\"none\" stroke=\"#717171\" stroke-linecap=\"round\" stroke-width=\"1.4\"\/><path d=\"M6,6v4.2a2.452,2.452,0,0,0,2.5,2.4H16\" transform=\"translate(-6 -6)\" fill=\"none\" stroke=\"#717171\" stroke-linecap=\"round\" stroke-width=\"1.4\"\/><\/g><\/svg><\/span><span class=\"postViewMore_post-view-more-link-text__hO_kM\">Moraes diz que san\u00e7\u00e3o dos EUA contra sua esposa \u00e9 ilegal e promete n\u00e3o recuar<\/span><\/li>\n<\/ul>\n<\/div>\n<p class=\"postParagraph_post-paragraph__juWZN\">Os ministros que n\u00e3o tiveram os vistos suspensos foram Andr\u00e9 Mendon\u00e7a e Nunes Marques, ambos indicados ao STF por Bolsonaro, e Luiz Fux, \u00fanico a votar pela absolvi\u00e7\u00e3o do ex-presidente na Primeira Turma.<\/p>\n<p class=\"postParagraph_post-paragraph-innerHtml__Q5vwc\">A suspens\u00e3o de vistos atinge os <strong>familiares dos ministros e membros do governo, assessores e pessoas que j\u00e1 trabalharam com os sancionados<\/strong>. O governo americano n\u00e3o divulgou uma lista oficial dos sancionados, mas Figueiredo \u2013 que mant\u00e9m contato com membros do governo Trump \u2013 confirmou a lista divulgada pela imprensa nesta segunda-feira (22) em uma publica\u00e7\u00e3o nas redes sociais.<\/p>\n<h2 class=\"postParagraph_post-paragraph__juWZN postParagraph_type-tag-h2__TtFkT\">Quem teve o visto revogado pelo governo Trump no STF<\/h2>\n<ul class=\"postList_post-list-container__W0E4y postList_visual-type-unordered-list__M8U7t\">\n<li class=\"postList_post-list-item__34Ck1\">Alexandre de Moraes, ministro do STF, relator da a\u00e7\u00e3o penal contra Bolsonaro por suposta tentativa de golpe de Estado, respons\u00e1vel por decis\u00f5es contra big techs americanas, membro da Primeira Turma e pr\u00f3ximo vice-presidente da Corte;<\/li>\n<li class=\"postList_post-list-item__34Ck1\">Lu\u00eds Roberto Barroso, atual presidente do STF;<\/li>\n<li class=\"postList_post-list-item__34Ck1\">Edson Fachin, pr\u00f3ximo presidente do STF;<\/li>\n<li class=\"postList_post-list-item__34Ck1\">Dias Toffoli, ministro integrante da Segunda Turma;<\/li>\n<li class=\"postList_post-list-item__34Ck1\">Cristiano Zanin, ministro presidente da Primeira Turma;<\/li>\n<li class=\"postList_post-list-item__34Ck1\">Fl\u00e1vio Dino, ministro integrante da Primeira Turma<\/li>\n<li class=\"postList_post-list-item__34Ck1\">C\u00e1rmen L\u00facia, ministra integrante da Primeira Turma;<\/li>\n<li class=\"postList_post-list-item__34Ck1\"><span>Gilmar Mendes, decano da Corte e integrante da Segunda Turma;<\/span><\/li>\n<li class=\"postList_post-list-item__34Ck1\">Jos\u00e9 Levi, ex-advogado-geral da Uni\u00e3o e ex-secret\u00e1rio-geral de Alexandre de Moraes no Tribunal Superior Eleitoral (TSE);<\/li>\n<li class=\"postList_post-list-item__34Ck1\">Benedito Gon\u00e7alves, ex-ministro do Tribunal Superior Eleitoral (TSE) e relator das a\u00e7\u00f5es que tornaram Bolsonaro ineleg\u00edvel;<\/li>\n<li class=\"postList_post-list-item__34Ck1\">Airton Vieira, foi juiz instrutor do gabinete de Moraes no STF entre 2018 e mar\u00e7o de 2025;<\/li>\n<li class=\"postList_post-list-item__34Ck1\">Marco Antonio Martin Vargas, foi juiz auxiliar de Moraes durante o per\u00edodo em que o ministro presidiu o TSE. Atualmente, Vargas \u00e9 desembargador do Tribunal de Justi\u00e7a de S\u00e3o Paulo (TJ-SP);<\/li>\n<li class=\"postList_post-list-item__34Ck1\">Rafael Henrique Janela Tamai Rocha, juiz auxiliar de Moraes no STF;<\/li>\n<li class=\"postList_post-list-item__34Ck1\">Cristina Yukiko Kusahara, chefe de gabinete de Moraes no STF.<\/li>\n<\/ul>\n<p class=\"postParagraph_post-paragraph-innerHtml__Q5vwc\">Marco Vargas e Airton Vieira foram citados na chamada \u201cVaza Toga\u201d, que indica suposto uso extraoficial do TSE por parte de Moraes para produ\u00e7\u00e3o de relat\u00f3rios que teriam sido utilizados para subsidiar o inqu\u00e9rito das fake news, relatado por ele no STF, em casos relacionados ou n\u00e3o \u00e0s elei\u00e7\u00f5es presidenciais. Jos\u00e9 Levi comandou a AGU entre 2020 e 2021, durante o governo Bolsonaro. Ele pediu demiss\u00e3o em mar\u00e7o de 2021 e assumiu a secretaria-geral da presid\u00eancia do TSE no ano seguinte.<\/p>\n<h2 class=\"postParagraph_post-paragraph__juWZN postParagraph_type-tag-h2__TtFkT\">Quem do governo Lula teve o visto revogado pelos EUA<\/h2>\n<ul class=\"postList_post-list-container__W0E4y postList_visual-type-unordered-list__M8U7t\">\n<li class=\"postList_post-list-item__34Ck1\">Alexandre Padilha, ministro da Sa\u00fade. Padilha foi sancionado por ter trabalhado no programa Mais M\u00e9dicos. A esposa do ministro e sua filha de 10 anos tamb\u00e9m foram afetadas pela restri\u00e7\u00e3o;<\/li>\n<li class=\"postList_post-list-item__34Ck1\"><span>Mozart J\u00falio Tabosa Sales, atual secret\u00e1rio de Aten\u00e7\u00e3o Especializada \u00e0 Sa\u00fade do Minist\u00e9rio da Sa\u00fade, \u00e9 bra\u00e7o direito de Padilha e foi um dos criadores do Mais M\u00e9dicos. Foi sancionado por<\/span><\/li>\n<li class=\"postList_post-list-item__34Ck1\">Alberto Kleiman, ex-funcion\u00e1rio do governo brasileiro, atuou na implementa\u00e7\u00e3o do Mais M\u00e9dicos;<\/li>\n<li class=\"postList_post-list-item__34Ck1\"><span>Jorge Messias, ministro da Advocacia-Geral da Uni\u00e3o;<\/span><\/li>\n<li class=\"postList_post-list-item__34Ck1\">Ricardo Lewandowski, ministro aposentado do STF e atual ministro da Justi\u00e7a e Seguran\u00e7a P\u00fablica.<\/li>\n<\/ul>\n<div class=\"postViewMore_post-view-more-container___5wai\" data-mrf-recirculation=\"Post - Veja tamb\u00e9m\">\n<p class=\"gp-styles-module-size-small-afeYRa gp-styles-module-font-family2-afeYRa gp-styles-module-color-secondary-afeYRa gp-styles-module-weight-bold-afeYRa\">VEJA TAMB\u00c9M:<\/p>\n<ul class=\"postViewMore_post-view-more-list__CU_CE\">\n<li class=\"postViewMore_post-view-more-item__2MzRb\"><span class=\"postViewMore_post-view-more-link-icon___stPC\"><svg xmlns=\"http:\/\/www.w3.org\/2000\/svg\" width=\"16\" height=\"16\" viewbox=\"0 0 16 16\"><rect width=\"16\" height=\"16\" fill=\"none\"\/><g transform=\"translate(3 3)\"><path d=\"M22.5,15l3.4,3.4-3.4,3.4\" transform=\"translate(-15.896 -11.793)\" fill=\"none\" stroke=\"#717171\" stroke-linecap=\"round\" stroke-width=\"1.4\"\/><path d=\"M6,6v4.2a2.452,2.452,0,0,0,2.5,2.4H16\" transform=\"translate(-6 -6)\" fill=\"none\" stroke=\"#717171\" stroke-linecap=\"round\" stroke-width=\"1.4\"\/><\/g><\/svg><\/span><span class=\"postViewMore_post-view-more-link-text__hO_kM\">AGU de Lula, Jorge Messias, critica san\u00e7\u00f5es dos EUA e chama medidas de \u201cagress\u00e3o injusta\u201d<\/span><\/li>\n<li class=\"postViewMore_post-view-more-item__2MzRb\"><span class=\"postViewMore_post-view-more-link-icon___stPC\"><svg xmlns=\"http:\/\/www.w3.org\/2000\/svg\" width=\"16\" height=\"16\" viewbox=\"0 0 16 16\"><rect width=\"16\" height=\"16\" fill=\"none\"\/><g transform=\"translate(3 3)\"><path d=\"M22.5,15l3.4,3.4-3.4,3.4\" transform=\"translate(-15.896 -11.793)\" fill=\"none\" stroke=\"#717171\" stroke-linecap=\"round\" stroke-width=\"1.4\"\/><path d=\"M6,6v4.2a2.452,2.452,0,0,0,2.5,2.4H16\" transform=\"translate(-6 -6)\" fill=\"none\" stroke=\"#717171\" stroke-linecap=\"round\" stroke-width=\"1.4\"\/><\/g><\/svg><\/span><span class=\"postViewMore_post-view-more-link-text__hO_kM\">Quem \u00e9 Viviane Barci, esposa de Moraes que virou alvo da Magnitsky<\/span><\/li>\n<\/ul>\n<\/div>\n<h2 class=\"postParagraph_post-paragraph__juWZN postParagraph_type-tag-h2__TtFkT\">Outras autoridades que tiveram vistos cancelados<\/h2>\n<ul class=\"postList_post-list-container__W0E4y postList_visual-type-unordered-list__M8U7t\">\n<li class=\"postList_post-list-item__34Ck1\">Paulo Gonet, procurador-geral da Rep\u00fablica;<\/li>\n<li class=\"postList_post-list-item__34Ck1\">Rodrigo Pacheco, senador e ex-presidente do Senado.<\/li>\n<\/ul>\n<h2 class=\"postParagraph_post-paragraph__juWZN postParagraph_type-tag-h2__TtFkT\">Alvos de Trump com a Lei Magnitsky<\/h2>\n<ul class=\"postList_post-list-container__W0E4y postList_visual-type-unordered-list__M8U7t\">\n<li class=\"postList_post-list-item__34Ck1\">Alexandre de Moraes;<\/li>\n<li class=\"postList_post-list-item__34Ck1\">Viviane Barci de Moraes, advogada e esposa de Moraes.<\/li>\n<\/ul>\n<p class=\"postParagraph_post-paragraph__juWZN\">O Departamento do Tesouro tamb\u00e9m imp\u00f4s san\u00e7\u00f5es ao Instituto de Estudos Jur\u00eddicos Lex, fundado por Moraes em 2000, do qual Viviane e dois dos tr\u00eas filhos do casal s\u00e3o s\u00f3cios.<\/p>\n<\/div>\n<p><br \/>\n<br \/>Fonte: <a href=\"https:\/\/www.gazetadopovo.com.br\/republica\/moraes-x-trump-quem-foi-sancionado-no-brasil\/\">Revista Oeste<\/a><\/p>\n","protected":false},"excerpt":{"rendered":"<p>Os Estados Unidos anunciaram nesta segunda-feira (22) a nova leva de suspens\u00e3o de vistos de autoridades brasileiras e pessoas ligadas a elas. O governo de Donald Trump tamb\u00e9m ampliou o embate com o ministro do Supremo Tribunal Federal (STF) Alexandre de Moraes ao aplicar a Lei Magnitsky contra a esposa do magistrado, a advogada Viviane [&hellip;]<\/p>\n","protected":false},"author":5,"featured_media":45187,"comment_status":"open","ping_status":"open","sticky":false,"template":"","format":"standard","meta":{"_seopress_robots_primary_cat":"","_seopress_titles_title":"","_seopress_titles_desc":"","_seopress_robots_index":"","footnotes":""},"categories":[1],"tags":[],"class_list":["post-45186","post","type-post","status-publish","format-standard","has-post-thumbnail","hentry","category-ultimas-noticias"],"_links":{"self":[{"href":"https:\/\/mussicom.com\/noticias\/wp-json\/wp\/v2\/posts\/45186","targetHints":{"allow":["GET"]}}],"collection":[{"href":"https:\/\/mussicom.com\/noticias\/wp-json\/wp\/v2\/posts"}],"about":[{"href":"https:\/\/mussicom.com\/noticias\/wp-json\/wp\/v2\/types\/post"}],"author":[{"embeddable":true,"href":"https:\/\/mussicom.com\/noticias\/wp-json\/wp\/v2\/users\/5"}],"replies":[{"embeddable":true,"href":"https:\/\/mussicom.com\/noticias\/wp-json\/wp\/v2\/comments?post=45186"}],"version-history":[{"count":0,"href":"https:\/\/mussicom.com\/noticias\/wp-json\/wp\/v2\/posts\/45186\/revisions"}],"wp:featuredmedia":[{"embeddable":true,"href":"https:\/\/mussicom.com\/noticias\/wp-json\/wp\/v2\/media\/45187"}],"wp:attachment":[{"href":"https:\/\/mussicom.com\/noticias\/wp-json\/wp\/v2\/media?parent=45186"}],"wp:term":[{"taxonomy":"category","embeddable":true,"href":"https:\/\/mussicom.com\/noticias\/wp-json\/wp\/v2\/categories?post=45186"},{"taxonomy":"post_tag","embeddable":true,"href":"https:\/\/mussicom.com\/noticias\/wp-json\/wp\/v2\/tags?post=45186"}],"curies":[{"name":"wp","href":"https:\/\/api.w.org\/{rel}","templated":true}]}}