{"id":45157,"date":"2025-09-22T18:05:26","date_gmt":"2025-09-22T21:05:26","guid":{"rendered":"https:\/\/mussicom.com\/prefeitura-retoma-terreno-e-planeja-espaco-multiuso\/"},"modified":"2025-09-22T18:05:26","modified_gmt":"2025-09-22T21:05:26","slug":"prefeitura-retoma-terreno-e-planeja-espaco-multiuso","status":"publish","type":"post","link":"https:\/\/mussicom.com\/noticias\/prefeitura-retoma-terreno-e-planeja-espaco-multiuso\/","title":{"rendered":"Prefeitura retoma terreno e planeja espa\u00e7o multiuso"},"content":{"rendered":"<p> <br \/>\n<\/p>\n<div><\/p>\n<div>A ampla \u00e1rea p\u00fablica de aproximadamente 2.700m\u00b2 no bairro Vera Cruz, em Mongagu\u00e1, defronte \u00e0 Rodovia Padre Manoel da N\u00f3brega<\/div>\n<\/div>\n<p><br \/>\n<br \/>Fonte: <a href=\"https:\/\/jornaldaorla.com.br\/noticias\/prefeitura-retoma-area-de-supermercado-e-planeja-espaco-multiuso\/\">Jornal Da Orla<\/a><\/p>\n","protected":false},"excerpt":{"rendered":"<p>A ampla \u00e1rea p\u00fablica de aproximadamente 2.700m\u00b2 no bairro Vera Cruz, em Mongagu\u00e1, defronte \u00e0 Rodovia Padre Manoel da N\u00f3brega Fonte: Jornal Da Orla<\/p>\n","protected":false},"author":5,"featured_media":45158,"comment_status":"open","ping_status":"open","sticky":false,"template":"","format":"standard","meta":{"_seopress_robots_primary_cat":"","_seopress_titles_title":"","_seopress_titles_desc":"","_seopress_robots_index":"","footnotes":""},"categories":[52],"tags":[],"class_list":["post-45157","post","type-post","status-publish","format-standard","has-post-thumbnail","hentry","category-santoseregiao"],"_links":{"self":[{"href":"https:\/\/mussicom.com\/noticias\/wp-json\/wp\/v2\/posts\/45157","targetHints":{"allow":["GET"]}}],"collection":[{"href":"https:\/\/mussicom.com\/noticias\/wp-json\/wp\/v2\/posts"}],"about":[{"href":"https:\/\/mussicom.com\/noticias\/wp-json\/wp\/v2\/types\/post"}],"author":[{"embeddable":true,"href":"https:\/\/mussicom.com\/noticias\/wp-json\/wp\/v2\/users\/5"}],"replies":[{"embeddable":true,"href":"https:\/\/mussicom.com\/noticias\/wp-json\/wp\/v2\/comments?post=45157"}],"version-history":[{"count":0,"href":"https:\/\/mussicom.com\/noticias\/wp-json\/wp\/v2\/posts\/45157\/revisions"}],"wp:featuredmedia":[{"embeddable":true,"href":"https:\/\/mussicom.com\/noticias\/wp-json\/wp\/v2\/media\/45158"}],"wp:attachment":[{"href":"https:\/\/mussicom.com\/noticias\/wp-json\/wp\/v2\/media?parent=45157"}],"wp:term":[{"taxonomy":"category","embeddable":true,"href":"https:\/\/mussicom.com\/noticias\/wp-json\/wp\/v2\/categories?post=45157"},{"taxonomy":"post_tag","embeddable":true,"href":"https:\/\/mussicom.com\/noticias\/wp-json\/wp\/v2\/tags?post=45157"}],"curies":[{"name":"wp","href":"https:\/\/api.w.org\/{rel}","templated":true}]}}