{"id":45109,"date":"2025-09-22T14:03:27","date_gmt":"2025-09-22T17:03:27","guid":{"rendered":"https:\/\/mussicom.com\/eua-revogam-visto-do-advogado-geral-da-uniao-diz-agencia\/"},"modified":"2025-09-22T14:03:27","modified_gmt":"2025-09-22T17:03:27","slug":"eua-revogam-visto-do-advogado-geral-da-uniao-diz-agencia","status":"publish","type":"post","link":"https:\/\/mussicom.com\/noticias\/eua-revogam-visto-do-advogado-geral-da-uniao-diz-agencia\/","title":{"rendered":"EUA revogam visto do advogado-geral da Uni\u00e3o, diz ag\u00eancia"},"content":{"rendered":"<p> <br \/>\n<\/p>\n<div>\n<p class=\"postParagraph_post-paragraph-innerHtml__Q5vwc\">O Advogado-Geral da Uni\u00e3o (AGU), Jorge Messias, e outras cinco figuras brasileiras que mantiveram ou mant\u00eam v\u00ednculos com o ministro Alexandre de Moraes, do Supremo Tribunal Federal (STF), tiveram seus vistos de entrada nos Estados Unidos revogados, segundo informa\u00e7\u00f5es da ag\u00eancia <em>Reuters<\/em> divulgadas nesta segunda-feira (22).<\/p>\n<p class=\"postParagraph_post-paragraph-innerHtml__Q5vwc\">A informa\u00e7\u00e3o, transmitida anonimamente por um funcion\u00e1rio s\u00eanior da Casa Branca, surge momentos depois do Departamento do Tesouro anunciar san\u00e7\u00f5es contra a esposa de Moraes e um instituto vinculado \u00e0 fam\u00edlia do magistrado.<\/p>\n<p class=\"postParagraph_post-paragraph-innerHtml__Q5vwc\">As figuras atingidas pela medida, segundo a<em> Reuters<\/em>, s\u00e3o o ex-procurador-geral da Rep\u00fablica e ex-secret\u00e1rio-geral de Moraes no Tribunal Superior Eleitoral (TSE), Jos\u00e9 Levi do Amaral; o ex-juiz eleitoral Benedito Gon\u00e7alves; o juiz auxiliar e assessor de Moraes no STF Airton Vieira; o ex-assessor eleitoral Marco Antonio Martin Vargas; e Rafael Henrique Janela Tamai Rocha, outro assessor judicial de alto escal\u00e3o que foi auxiliar de Moraes.<\/p>\n<p class=\"postParagraph_post-paragraph__juWZN\">O secret\u00e1rio do Departamento de Estado americano, Marco Rubio, j\u00e1 havia sinalizado na semana passada que Washington anunciaria novas medidas contra o Brasil nesta semana, em resposta \u00e0 condena\u00e7\u00e3o do ex-presidente Jair Bolsonaro.<\/p>\n<p class=\"postParagraph_post-paragraph__juWZN\">O an\u00fancio surge durante viagem do presidente Luiz In\u00e1cio Lula da Silva (PT) aos Estados Unidos para a Assembleia Geral das Na\u00e7\u00f5es Unidas (ONU).<\/p>\n<h2 class=\"postParagraph_post-paragraph__juWZN postParagraph_type-tag-h2__TtFkT\">AGU critica san\u00e7\u00f5es dos EUA e chama medidas de \u201cagress\u00e3o injusta\u201d<\/h2>\n<p class=\"postParagraph_post-paragraph__juWZN\">O advogado-geral da Uni\u00e3o, Jorge Messias, reagiu nesta segunda-feira (22) \u00e0 decis\u00e3o do governo de Donald Trump de revogar seu visto de entrada nos Estados Unidos, al\u00e9m de impor novas san\u00e7\u00f5es a autoridades e familiares de integrantes do sistema de Justi\u00e7a brasileiro.<\/p>\n<p class=\"postParagraph_post-paragraph-innerHtml__Q5vwc\">Em nota enviada \u00e0 <strong>Gazeta do Povo<\/strong>, Messias classificou a iniciativa como parte de um \u201cdesarrazoado conjunto de a\u00e7\u00f5es unilaterais\u201d e disse que as medidas s\u00e3o \u201ctotalmente incompat\u00edveis com a pac\u00edfica e harmoniosa condu\u00e7\u00e3o de rela\u00e7\u00f5es diplom\u00e1ticas e econ\u00f4micas\u201d que os dois pa\u00edses mant\u00eam h\u00e1 mais de 200 anos.<\/p>\n<p class=\"postParagraph_post-paragraph__juWZN\">O ministro afirmou ainda que recebe \u201csem receios\u201d a decis\u00e3o de Washington, mas ressaltou que considera a san\u00e7\u00e3o uma agress\u00e3o contra o Brasil.<\/p>\n<p class=\"postParagraph_post-paragraph__juWZN\">\u201cReafirmo meu integral compromisso com a independ\u00eancia constitucional do nosso Sistema de Justi\u00e7a e continuarei a desempenhar com vigor e consci\u00eancia as minhas fun\u00e7\u00f5es em nome e em favor do povo brasileiro\u201d, declarou.<\/p>\n<\/div>\n<p><br \/>\n<br \/>Fonte: <a href=\"https:\/\/www.gazetadopovo.com.br\/mundo\/governo-trump-revoga-visto-jorge-messias-advogado-geral-uniao-diz-agencia\/\">Revista Oeste<\/a><\/p>\n","protected":false},"excerpt":{"rendered":"<p>O Advogado-Geral da Uni\u00e3o (AGU), Jorge Messias, e outras cinco figuras brasileiras que mantiveram ou mant\u00eam v\u00ednculos com o ministro Alexandre de Moraes, do Supremo Tribunal Federal (STF), tiveram seus vistos de entrada nos Estados Unidos revogados, segundo informa\u00e7\u00f5es da ag\u00eancia Reuters divulgadas nesta segunda-feira (22). A informa\u00e7\u00e3o, transmitida anonimamente por um funcion\u00e1rio s\u00eanior da [&hellip;]<\/p>\n","protected":false},"author":5,"featured_media":43946,"comment_status":"open","ping_status":"open","sticky":false,"template":"","format":"standard","meta":{"_seopress_robots_primary_cat":"","_seopress_titles_title":"","_seopress_titles_desc":"","_seopress_robots_index":"","footnotes":""},"categories":[48],"tags":[],"class_list":["post-45109","post","type-post","status-publish","format-standard","has-post-thumbnail","hentry","category-internacional"],"_links":{"self":[{"href":"https:\/\/mussicom.com\/noticias\/wp-json\/wp\/v2\/posts\/45109","targetHints":{"allow":["GET"]}}],"collection":[{"href":"https:\/\/mussicom.com\/noticias\/wp-json\/wp\/v2\/posts"}],"about":[{"href":"https:\/\/mussicom.com\/noticias\/wp-json\/wp\/v2\/types\/post"}],"author":[{"embeddable":true,"href":"https:\/\/mussicom.com\/noticias\/wp-json\/wp\/v2\/users\/5"}],"replies":[{"embeddable":true,"href":"https:\/\/mussicom.com\/noticias\/wp-json\/wp\/v2\/comments?post=45109"}],"version-history":[{"count":0,"href":"https:\/\/mussicom.com\/noticias\/wp-json\/wp\/v2\/posts\/45109\/revisions"}],"wp:featuredmedia":[{"embeddable":true,"href":"https:\/\/mussicom.com\/noticias\/wp-json\/wp\/v2\/media\/43946"}],"wp:attachment":[{"href":"https:\/\/mussicom.com\/noticias\/wp-json\/wp\/v2\/media?parent=45109"}],"wp:term":[{"taxonomy":"category","embeddable":true,"href":"https:\/\/mussicom.com\/noticias\/wp-json\/wp\/v2\/categories?post=45109"},{"taxonomy":"post_tag","embeddable":true,"href":"https:\/\/mussicom.com\/noticias\/wp-json\/wp\/v2\/tags?post=45109"}],"curies":[{"name":"wp","href":"https:\/\/api.w.org\/{rel}","templated":true}]}}