{"id":45005,"date":"2025-09-21T13:20:10","date_gmt":"2025-09-21T16:20:10","guid":{"rendered":"https:\/\/mussicom.com\/flavio-bolsonaro-denuncia-perseguicao-a-direita-em-ato-na-italia\/"},"modified":"2025-09-21T13:20:10","modified_gmt":"2025-09-21T16:20:10","slug":"flavio-bolsonaro-denuncia-perseguicao-a-direita-em-ato-na-italia","status":"publish","type":"post","link":"https:\/\/mussicom.com\/noticias\/flavio-bolsonaro-denuncia-perseguicao-a-direita-em-ato-na-italia\/","title":{"rendered":"Fl\u00e1vio Bolsonaro denuncia persegui\u00e7\u00e3o \u00e0 direita em ato na It\u00e1lia"},"content":{"rendered":"<p> <br \/>\n<\/p>\n<div>\n<p class=\"postParagraph_post-paragraph__juWZN\">O senador Fl\u00e1vio Bolsonaro (PL-RJ) disse em um evento na It\u00e1lia, neste domingo (21), que pol\u00edticos brasileiros da direita est\u00e3o sofrendo persegui\u00e7\u00e3o pol\u00edtica no Brasil e em solo italiano. O encontro foi realizado pelo partido Liga, do vice-primeiro-ministro italiano, Matteo Salvini.<\/p>\n<p class=\"postParagraph_post-paragraph__juWZN\">Logo ap\u00f3s come\u00e7ar o discurso com sauda\u00e7\u00f5es em italiano, o senador afirmou, com a ajuda de uma int\u00e9rprete, que &#8220;com a esquerda no poder, o Brasil perdeu a sua soberania\u201d.<\/p>\n<p class=\"postParagraph_post-paragraph__juWZN\">\u201cA China est\u00e1 comprando o Brasil, de minerais a terras boas para planta\u00e7\u00e3o. Mas n\u00f3s da direita vamos lutar para que a nossa bandeira verde amarela nunca se torne a vermelha do comunismo\u201d, disse ele em refer\u00eancia aos la\u00e7os do atual governo com o pa\u00eds asi\u00e1tico.<\/p>\n<p class=\"postParagraph_post-paragraph__juWZN\">Fl\u00e1vio criticou o Judici\u00e1rio brasileiro sem citar nominalmente o Supremo Tribunal Federal (STF) e o ministro Alexandre de Moraes.<\/p>\n<p class=\"postParagraph_post-paragraph__juWZN\">\u201cO Brasil tem um ministro da nossa corte de cassa\u00e7\u00e3o que persegue toda a direita. E ele foi sancionado com a Lei Magnitsky pelo presidente Donald Trump (dos EUA). \u00c9 o mesmo que discutiu com uma fam\u00edlia no aeroporto de Roma e ele mesmo julgou o caso por atentado contra Estado de democr\u00e1tico de direito.&#8221;<\/p>\n<p class=\"postParagraph_post-paragraph__juWZN\">O filho do ex-presidente Jair Bolsonaro tamb\u00e9m afirmou que a persegui\u00e7\u00e3o a pol\u00edticos brasileiros de direita acontece na It\u00e1lia. E fez um apelo para que as autoridades italianas n\u00e3o extraditem Carla Zambelli (PL-SP), que est\u00e1 presa em Roma desde 29 de julho, e Eduardo Tagliaferro, ex-assessor do TSE (Tribunal Superior Eleitoral), que apresentou den\u00fancias contra Moraes.<\/p>\n<p class=\"postParagraph_post-paragraph__juWZN\">\u201cHoje tem pol\u00edticos brasileiros perseguidos at\u00e9 aqui na It\u00e1lia. Carla Zambelli e Eduardo Tagliaferro vieram para It\u00e1lia por acreditar ser um local mais seguro que o Brasil. Pe\u00e7o que a It\u00e1lia n\u00e3o mande Carla de volta para o Brasil porque l\u00e1 ela pode morrer injustamente\u201d.<\/p>\n<p class=\"postParagraph_post-paragraph__juWZN\">Antes de finalizar o discurso, Fl\u00e1vio condenou o r\u00f3tulo de &#8220;extrema direta&#8221; usado por alguns ve\u00edculos de imprensa.<\/p>\n<p class=\"postParagraph_post-paragraph__juWZN\">\u201cParem de nos chamar de extremista pois voc\u00eas est\u00e3o alimentando o \u00f3dio contra n\u00f3s. Defendemos a liberdade, a democracia, a toler\u00e2ncia, o emprego e a liberdade de imprensa. Por influ\u00eancia de voc\u00eas, verdadeiros extremistas acreditaram que estavam fazendo algo bom em nos matar\u201d, disse ele, referindo-se \u00e0s tentativas contra Trump e Bolsonaro e \u00e0 morte de Charlie Kirk.<\/p>\n<p class=\"postParagraph_post-paragraph__juWZN\">Al\u00e9m dele, participaram da viagem \u00e0 It\u00e1lia os senadores Magno Malta (PL-ES), Eduardo Gir\u00e3o (Novo-CE) e Damares Alves (Republicanos-DF).<\/p>\n<div class=\"postViewMore_post-view-more-container___5wai\" data-mrf-recirculation=\"Post - Veja tamb\u00e9m\">\n<p class=\"gp-styles-module-size-small-afeYRa gp-styles-module-font-family2-afeYRa gp-styles-module-color-secondary-afeYRa gp-styles-module-weight-bold-afeYRa\">VEJA TAMB\u00c9M:<\/p>\n<ul class=\"postViewMore_post-view-more-list__CU_CE\">\n<li class=\"postViewMore_post-view-more-item__2MzRb\">\n<div class=\"postViewMore_post-view-more-image__5gUSe\"><picture class=\"imageDefault_image-container__XGd8_\"><\/picture><\/div>\n<p>Fl\u00e1vio Bolsonaro diz que \u201cSTF manda no Congresso Nacional\u201d<\/li>\n<li class=\"postViewMore_post-view-more-item__2MzRb\">\n<div class=\"postViewMore_post-view-more-image__5gUSe\"><picture class=\"imageDefault_image-container__XGd8_\"><img decoding=\"async\" class=\"imageDefault_image-item__lU2Dk\" src=\"https:\/\/media.gazetadopovo.com.br\/2025\/09\/19212358\/zambelli-prisao-380x214.jpg.webp\" alt=\"Senadores dizem temer por seguran\u00e7a de Zambelli ap\u00f3s visita \u00e0 pris\u00e3o na It\u00e1lia\" width=\"72\" height=\"72\"\/><\/picture><\/div>\n<p>Senadores dizem temer por seguran\u00e7a de Zambelli ap\u00f3s visita \u00e0 pris\u00e3o na It\u00e1lia<\/li>\n<\/ul>\n<\/div>\n<\/div>\n<p><br \/>\n<br \/>Fonte: <a href=\"https:\/\/www.gazetadopovo.com.br\/republica\/flavio-bolsonaro-diz-na-italia-que-politicos-brasileiros-da-direita-estao-sendo-perseguidos\/\">Revista Oeste<\/a><\/p>\n","protected":false},"excerpt":{"rendered":"<p>O senador Fl\u00e1vio Bolsonaro (PL-RJ) disse em um evento na It\u00e1lia, neste domingo (21), que pol\u00edticos brasileiros da direita est\u00e3o sofrendo persegui\u00e7\u00e3o pol\u00edtica no Brasil e em solo italiano. O encontro foi realizado pelo partido Liga, do vice-primeiro-ministro italiano, Matteo Salvini. Logo ap\u00f3s come\u00e7ar o discurso com sauda\u00e7\u00f5es em italiano, o senador afirmou, com a [&hellip;]<\/p>\n","protected":false},"author":5,"featured_media":32347,"comment_status":"open","ping_status":"open","sticky":false,"template":"","format":"standard","meta":{"_seopress_robots_primary_cat":"","_seopress_titles_title":"","_seopress_titles_desc":"","_seopress_robots_index":"","footnotes":""},"categories":[1],"tags":[],"class_list":["post-45005","post","type-post","status-publish","format-standard","has-post-thumbnail","hentry","category-ultimas-noticias"],"_links":{"self":[{"href":"https:\/\/mussicom.com\/noticias\/wp-json\/wp\/v2\/posts\/45005","targetHints":{"allow":["GET"]}}],"collection":[{"href":"https:\/\/mussicom.com\/noticias\/wp-json\/wp\/v2\/posts"}],"about":[{"href":"https:\/\/mussicom.com\/noticias\/wp-json\/wp\/v2\/types\/post"}],"author":[{"embeddable":true,"href":"https:\/\/mussicom.com\/noticias\/wp-json\/wp\/v2\/users\/5"}],"replies":[{"embeddable":true,"href":"https:\/\/mussicom.com\/noticias\/wp-json\/wp\/v2\/comments?post=45005"}],"version-history":[{"count":0,"href":"https:\/\/mussicom.com\/noticias\/wp-json\/wp\/v2\/posts\/45005\/revisions"}],"wp:featuredmedia":[{"embeddable":true,"href":"https:\/\/mussicom.com\/noticias\/wp-json\/wp\/v2\/media\/32347"}],"wp:attachment":[{"href":"https:\/\/mussicom.com\/noticias\/wp-json\/wp\/v2\/media?parent=45005"}],"wp:term":[{"taxonomy":"category","embeddable":true,"href":"https:\/\/mussicom.com\/noticias\/wp-json\/wp\/v2\/categories?post=45005"},{"taxonomy":"post_tag","embeddable":true,"href":"https:\/\/mussicom.com\/noticias\/wp-json\/wp\/v2\/tags?post=45005"}],"curies":[{"name":"wp","href":"https:\/\/api.w.org\/{rel}","templated":true}]}}