{"id":44974,"date":"2025-09-21T01:08:16","date_gmt":"2025-09-21T04:08:16","guid":{"rendered":"https:\/\/mussicom.com\/eua-fazem-stf-experimentar-do-proprio-veneno-de-restricoes\/"},"modified":"2025-09-21T01:08:16","modified_gmt":"2025-09-21T04:08:16","slug":"eua-fazem-stf-experimentar-do-proprio-veneno-de-restricoes","status":"publish","type":"post","link":"https:\/\/mussicom.com\/noticias\/eua-fazem-stf-experimentar-do-proprio-veneno-de-restricoes\/","title":{"rendered":"EUA fazem STF experimentar do pr\u00f3prio veneno de restri\u00e7\u00f5es"},"content":{"rendered":"<p> <br \/>\n<\/p>\n<div>\n<p class=\"postParagraph_post-paragraph__juWZN\">Acabou a farra do jet-set jur\u00eddico. Os ministros do STF adoram posar como cidad\u00e3os do mundo e acumular milhas a\u00e9reas para desfilar em palcos internacionais. Mas hoje n\u00e3o podem passar pela fila de imigra\u00e7\u00e3o do destino favorito de muitos deles, os Estados Unidos.<\/p>\n<p class=\"postParagraph_post-paragraph__juWZN\">Desde julho, oito dos onze magistrados perderam o visto americano por decis\u00e3o do governo Trump. O presidente americano deixou claro o motivo: puni\u00e7\u00e3o pelas persegui\u00e7\u00f5es judiciais, viola\u00e7\u00e3o da liberdade de express\u00e3o e \u201cca\u00e7a \u00e0s bruxas\u201d contra pol\u00edticos, empresas e cidad\u00e3os, brasileiros e americanos.<\/p>\n<p class=\"postParagraph_post-paragraph__juWZN\">A julgar pela agenda recheada de eventos nos EUA em anos anteriores, Lu\u00eds Roberto Barroso, atual presidente da Corte, \u00e9 quem mais deve estar sentindo o golpe. O ministro sempre fez quest\u00e3o de aparecer em Harvard, Yale, Stanford e Princeton, falando em ingl\u00eas sobre democracia, tecnologia e desinforma\u00e7\u00e3o. Quis o destino que justamente ele, que comprou um apartamento de frente para o mar em Miami por mais de R$ 22 milh\u00f5es, n\u00e3o possa mais colocar os p\u00e9s em sua varanda com vista para o Atl\u00e2ntico. Sobraram a frustra\u00e7\u00e3o e o condom\u00ednio de R$ 15 mil por m\u00eas para um apartamento vazio.<\/p>\n<h2 class=\"postParagraph_post-paragraph__juWZN postParagraph_type-tag-h2__TtFkT\">Magistrados &#8220;globais&#8221; obrigados a cuidar do pr\u00f3prio jardim<\/h2>\n<p class=\"postParagraph_post-paragraph__juWZN\">Gilmar Mendes, outro ministro que se considera \u201cmagistrado global\u201d e adora circular na Europa, tamb\u00e9m perdeu o glamour de Nova York. C\u00e1rmen L\u00facia, que j\u00e1 discursou na ONU, idem. Sobrou tamb\u00e9m para os parentes. O filho de Barroso, que trabalhava no BTG em Miami, foi aconselhado pelo pai a n\u00e3o voltar aos EUA depois de uma temporada na Europa. Por certo, alguma fonte revelou que ele seria barrado na alf\u00e2ndega.<\/p>\n<p class=\"postParagraph_post-paragraph-innerHtml__Q5vwc\">Reportagem de Fabio Calsavara nesta Gazeta do Povo apontou alguns do principais eventos que ficar\u00e3o esvaziados da presen\u00e7a de magistrados brasileiros.<\/p>\n<p class=\"postParagraph_post-paragraph__juWZN\">Curiosamente, os ministros j\u00e1 debocharam de quem achava que, algum dia, eles poderiam perder os vistos para entrar nos EUA. Em 2024, logo ap\u00f3s a vit\u00f3ria de Trump,  fizeram piada sobre quem seria o primeiro a perder o visto. Sem se darem conta, era uma piada pronta. Barroso, agora, precisa se contentar em \u201ccuidar do pr\u00f3prio jardim\u201d. Uma frase ele mesmo usou para negar ordens extraterritoriais, embora os fatos mostrem que o STF mandou, sim, censurar plataformas nos EUA e at\u00e9 prender cidad\u00e3 americana.<\/p>\n<p class=\"postParagraph_post-paragraph__juWZN\">Aqui se faz, aqui se paga, \u00e9 o ditado popular. A justi\u00e7a da vida faz o STF experimentar um pouco do pr\u00f3prio veneno. Enquanto cidad\u00e3os comuns s\u00e3o censurados e punidos no Brasil por posts em redes sociais, os ministros descobrem o sabor amargo de ter a liberdade restringida por uma pot\u00eancia estrangeira. Aqueles que se julgavam cidad\u00e3os do mundo t\u00eam de se conformar em cuidar do pr\u00f3prio jardim, que, diga-se de passagem, anda repleto de ervas judiciais daninhas.<\/p>\n<\/div>\n<p><br \/>\n<br \/>Fonte: <a href=\"https:\/\/www.gazetadopovo.com.br\/republica\/sem-liberdade-de-ir-e-vir-eua-fazem-stf-experimentar-o-proprio-veneno\/\">Revista Oeste<\/a><\/p>\n","protected":false},"excerpt":{"rendered":"<p>Acabou a farra do jet-set jur\u00eddico. Os ministros do STF adoram posar como cidad\u00e3os do mundo e acumular milhas a\u00e9reas para desfilar em palcos internacionais. Mas hoje n\u00e3o podem passar pela fila de imigra\u00e7\u00e3o do destino favorito de muitos deles, os Estados Unidos. Desde julho, oito dos onze magistrados perderam o visto americano por decis\u00e3o [&hellip;]<\/p>\n","protected":false},"author":5,"featured_media":44975,"comment_status":"open","ping_status":"open","sticky":false,"template":"","format":"standard","meta":{"_seopress_robots_primary_cat":"","_seopress_titles_title":"","_seopress_titles_desc":"","_seopress_robots_index":"","footnotes":""},"categories":[1],"tags":[],"class_list":["post-44974","post","type-post","status-publish","format-standard","has-post-thumbnail","hentry","category-ultimas-noticias"],"_links":{"self":[{"href":"https:\/\/mussicom.com\/noticias\/wp-json\/wp\/v2\/posts\/44974","targetHints":{"allow":["GET"]}}],"collection":[{"href":"https:\/\/mussicom.com\/noticias\/wp-json\/wp\/v2\/posts"}],"about":[{"href":"https:\/\/mussicom.com\/noticias\/wp-json\/wp\/v2\/types\/post"}],"author":[{"embeddable":true,"href":"https:\/\/mussicom.com\/noticias\/wp-json\/wp\/v2\/users\/5"}],"replies":[{"embeddable":true,"href":"https:\/\/mussicom.com\/noticias\/wp-json\/wp\/v2\/comments?post=44974"}],"version-history":[{"count":0,"href":"https:\/\/mussicom.com\/noticias\/wp-json\/wp\/v2\/posts\/44974\/revisions"}],"wp:featuredmedia":[{"embeddable":true,"href":"https:\/\/mussicom.com\/noticias\/wp-json\/wp\/v2\/media\/44975"}],"wp:attachment":[{"href":"https:\/\/mussicom.com\/noticias\/wp-json\/wp\/v2\/media?parent=44974"}],"wp:term":[{"taxonomy":"category","embeddable":true,"href":"https:\/\/mussicom.com\/noticias\/wp-json\/wp\/v2\/categories?post=44974"},{"taxonomy":"post_tag","embeddable":true,"href":"https:\/\/mussicom.com\/noticias\/wp-json\/wp\/v2\/tags?post=44974"}],"curies":[{"name":"wp","href":"https:\/\/api.w.org\/{rel}","templated":true}]}}