{"id":44932,"date":"2025-09-20T16:19:25","date_gmt":"2025-09-20T19:19:25","guid":{"rendered":"https:\/\/mussicom.com\/chico-buarque-caetano-e-gil-participarao-de-ato-contra-pec-das-prerrogativas-no-rj\/"},"modified":"2025-09-20T16:19:25","modified_gmt":"2025-09-20T19:19:25","slug":"chico-buarque-caetano-e-gil-participarao-de-ato-contra-pec-das-prerrogativas-no-rj","status":"publish","type":"post","link":"https:\/\/mussicom.com\/noticias\/chico-buarque-caetano-e-gil-participarao-de-ato-contra-pec-das-prerrogativas-no-rj\/","title":{"rendered":"Chico Buarque, Caetano e Gil participar\u00e3o de ato contra PEC das Prerrogativas no RJ"},"content":{"rendered":"<p> <br \/>\n<\/p>\n<div>\n<p><strong>Chico Buarque<\/strong>, <strong>Caetano Veloso<\/strong>\u00a0e <strong>Gilberto Gil<\/strong> confirmaram presen\u00e7a em ato contra a PEC 3\/21, conhecida como PEC das Prerrogativas ou PEC da Blindagem, domingo, no <strong>Rio de Janeiro<\/strong>.<\/p>\n<p>Os tr\u00eas artistas, que est\u00e3o entre os maiores da MPB, v\u00e3o liderar um trio el\u00e9trico na praia de <strong>Copacabana<\/strong>, no Posto 5, a partir das 14h (via <strong>O Globo<\/strong>).<\/p>\n<p>O ato \u00e9 um protesto contra a PEC 3\/21, que foi aprovada em dois turnos na <strong>C\u00e2mara dos Deputados<\/strong> na \u00faltima ter\u00e7a-feira, 16. Agora a proposta, articulada pelo chamado Centr\u00e3o, segue para vota\u00e7\u00e3o no <strong>Senado<\/strong>.<\/p>\n<p>O texto pro\u00edbe a abertura de a\u00e7\u00f5es criminais contra deputados e senadores sem autoriza\u00e7\u00e3o do pr\u00f3prio Parlamento. A proposta \u00e9 vista como um retrocesso no combate \u00e0 corrup\u00e7\u00e3o.<\/p>\n<figure id=\"attachment_200662\" aria-describedby=\"caption-attachment-200662\" style=\"width: 1920px\" class=\"wp-caption aligncenter\"><figcaption id=\"caption-attachment-200662\" class=\"wp-caption-text\">Caetano Veloso (Foto: Pedro Gomes\/Redferns via Getty Images)<\/figcaption><\/figure>\n<p>De acordo com o <strong>Movimento de Combate \u00e0 Corrup\u00e7\u00e3o Eleitoral<\/strong> (MCCE), a PEC fortalece a impunidade e fragiliza a transpar\u00eancia, sobretudo \u201cao admitir o voto secreto em decis\u00f5es que tratam da responsabiliza\u00e7\u00e3o de parlamentares\u201d.<\/p>\n<figure id=\"attachment_201697\" aria-describedby=\"caption-attachment-201697\" style=\"width: 1920px\" class=\"wp-caption aligncenter\"><img loading=\"lazy\" loading=\"lazy\" decoding=\"async\" class=\"size-full wp-image-201697 img-fluid lazy\" alt=\"Gilberto Gil durante o Lollapalooza Brasil 2024\" width=\"1920\" height=\"1080\" src=\"https:\/\/rollingstone.com.br\/wp-content\/uploads\/2025\/08\/gilberto-gil-gettyimages-2110393107.jpg\"\/><figcaption id=\"caption-attachment-201697\" class=\"wp-caption-text\">Gilberto Gil durante o Lollapalooza Brasil 2024 \u2013 Foto: Buda Mendes\/Getty Images<\/figcaption><\/figure>\n<p>O diretor do MCCE, <strong>Luciano Santos<\/strong>, disse \u00e0 <strong>Ag\u00eancia Brasil<\/strong> que a PEC visa blindar as emendas parlamentares de uma regulamenta\u00e7\u00e3o externa, o que \u00e9 ruim para a transpar\u00eancia com gastos p\u00fablicos.<\/p>\n<blockquote>\n<p><em>\u201cTemos clareza de que se est\u00e1 buscando exatamente uma blindagem por conta dessas investiga\u00e7\u00f5es sobre as emendas. N\u00e3o faz o menor sentido fazer essa blindagem dos pol\u00edticos, especialmente sabendo que existem diversas investiga\u00e7\u00f5es em curso.\u201d<\/em><\/p>\n<\/blockquote>\n<p>Ele acrescenta:<\/p>\n<blockquote>\n<p><em>\u201c\u00c9 de fora que est\u00e1 vindo o controle. \u00c9 o Supremo quem est\u00e1 exigindo que o Congresso e o Executivo possam ter pr\u00e1ticas e medidas para evitar que aconte\u00e7am os desvios nas emendas. N\u00e3o d\u00e1 para fazer uma lei onde a autoriza\u00e7\u00e3o precisa vir do Congresso. A hist\u00f3ria demonstra que isso n\u00e3o d\u00e1 certo.\u201d<\/em><\/p>\n<\/blockquote>\n<p>No Senado, o texto ter\u00e1 de passar pela <strong>Comiss\u00e3o de Constitui\u00e7\u00e3o e Justi\u00e7a<\/strong> (CCJ) e pelo plen\u00e1rio, onde precisar\u00e1 de 49 votos favor\u00e1veis em duas vota\u00e7\u00f5es para ser aprovado.<\/p>\n<p>No entanto, <strong>Otto Alencar<\/strong> (PSD-BA), presidente do colegiado, j\u00e1 adiantou ser contr\u00e1rio \u00e0 PEC. Em entrevista \u00e0 <strong>GloboNews<\/strong> (via <strong>g1<\/strong>), ele afirmou que o texto \u00e9 um \u201cdesrespeito\u201d ao eleitor e que a proposta deveria ser \u201centerrada\u201d.<\/p>\n<p><strong>+++ LEIA MAIS: Gilberto Gil e Chico Buarque notificam ex-baixista do Pixies por pl\u00e1gio<\/strong><br \/><strong>+++ LEIA MAIS: Gilberto Gil sobre morte da filha Preta Gil: \u2018Estamos naturalmente tristes\u2019<\/strong><br \/><strong>+++ LEIA MAIS: Um homem chamado Caetano: relembre a primeira capa do artista na Rolling Stone Brasil<\/strong><\/p>\n<\/p><\/div>\n<p><br \/>\n<br \/>Fonte: <a href=\"https:\/\/rollingstone.com.br\/musica\/chico-buarque-caetano-e-gil-participarao-de-ato-contra-pec-das-prerrogativas-no-rj\/\">rollingstone.com.br<\/a><\/p>\n","protected":false},"excerpt":{"rendered":"<p>Chico Buarque, Caetano Veloso\u00a0e Gilberto Gil confirmaram presen\u00e7a em ato contra a PEC 3\/21, conhecida como PEC das Prerrogativas ou PEC da Blindagem, domingo, no Rio de Janeiro. Os tr\u00eas artistas, que est\u00e3o entre os maiores da MPB, v\u00e3o liderar um trio el\u00e9trico na praia de Copacabana, no Posto 5, a partir das 14h (via [&hellip;]<\/p>\n","protected":false},"author":5,"featured_media":44933,"comment_status":"open","ping_status":"open","sticky":false,"template":"","format":"standard","meta":{"_seopress_robots_primary_cat":"","_seopress_titles_title":"","_seopress_titles_desc":"","_seopress_robots_index":"","footnotes":""},"categories":[51],"tags":[],"class_list":["post-44932","post","type-post","status-publish","format-standard","has-post-thumbnail","hentry","category-musica"],"_links":{"self":[{"href":"https:\/\/mussicom.com\/noticias\/wp-json\/wp\/v2\/posts\/44932","targetHints":{"allow":["GET"]}}],"collection":[{"href":"https:\/\/mussicom.com\/noticias\/wp-json\/wp\/v2\/posts"}],"about":[{"href":"https:\/\/mussicom.com\/noticias\/wp-json\/wp\/v2\/types\/post"}],"author":[{"embeddable":true,"href":"https:\/\/mussicom.com\/noticias\/wp-json\/wp\/v2\/users\/5"}],"replies":[{"embeddable":true,"href":"https:\/\/mussicom.com\/noticias\/wp-json\/wp\/v2\/comments?post=44932"}],"version-history":[{"count":0,"href":"https:\/\/mussicom.com\/noticias\/wp-json\/wp\/v2\/posts\/44932\/revisions"}],"wp:featuredmedia":[{"embeddable":true,"href":"https:\/\/mussicom.com\/noticias\/wp-json\/wp\/v2\/media\/44933"}],"wp:attachment":[{"href":"https:\/\/mussicom.com\/noticias\/wp-json\/wp\/v2\/media?parent=44932"}],"wp:term":[{"taxonomy":"category","embeddable":true,"href":"https:\/\/mussicom.com\/noticias\/wp-json\/wp\/v2\/categories?post=44932"},{"taxonomy":"post_tag","embeddable":true,"href":"https:\/\/mussicom.com\/noticias\/wp-json\/wp\/v2\/tags?post=44932"}],"curies":[{"name":"wp","href":"https:\/\/api.w.org\/{rel}","templated":true}]}}