{"id":44925,"date":"2025-09-20T15:15:18","date_gmt":"2025-09-20T18:15:18","guid":{"rendered":"https:\/\/mussicom.com\/papa-volta-a-definir-familia-como-casamento-entre-um-homem-e-uma-mulher\/"},"modified":"2025-09-20T15:15:18","modified_gmt":"2025-09-20T18:15:18","slug":"papa-volta-a-definir-familia-como-casamento-entre-um-homem-e-uma-mulher","status":"publish","type":"post","link":"https:\/\/mussicom.com\/noticias\/papa-volta-a-definir-familia-como-casamento-entre-um-homem-e-uma-mulher\/","title":{"rendered":"Papa volta a definir \u201cfam\u00edlia\u201d como casamento entre \u201cum homem e uma mulher\u201d"},"content":{"rendered":"<p> <br \/>\n<\/p>\n<div>\n<p class=\"postParagraph_post-paragraph-innerHtml__Q5vwc\">O papa Le\u00e3o XIV voltou a definir a <strong>fam\u00edlia <\/strong><strong>como a uni\u00e3o sagrada entre um homem e uma mulher<\/strong>. Ele j\u00e1 havia falado sobre o tema em um discurso de maio. A declara\u00e7\u00e3o foi dada em sua primeira entrevista completa desde que assumiu o pontificado, publicada nesta quinta-feira (18) em uma nova biografia da jornalista americana Elise Ann Allen.<\/p>\n<p class=\"postParagraph_post-paragraph-innerHtml__Q5vwc\">O pont\u00edfice afirmou que, assim como o seu antecessor, o papa Francisco, concebe a &#8220;fam\u00edlia&#8221; como &#8220;um homem e uma mulher em compromisso solene, aben\u00e7oados pelo sacramento do matrim\u00f4nio&#8221;. As informa\u00e7\u00f5es s\u00e3o do site <em>Crux<\/em>.<\/p>\n<p class=\"postParagraph_post-paragraph__juWZN\">&#8220;A fam\u00edlia \u00e9 pai, m\u00e3e e filhos. Acredito que o papel da fam\u00edlia na sociedade, que por vezes sofreu nas \u00faltimas d\u00e9cadas, precisa ser reconhecido e fortalecido novamente&#8221;, disse ele. Ele reafirmou em alto e bom som que a &#8220;polariza\u00e7\u00e3o&#8221; que divide a sociedade moderna se deve, em parte, ao fato de muitos terem crescido em uma &#8220;din\u00e2mica familiar prec\u00e1ria&#8221;.<\/p>\n<h2 class=\"postParagraph_post-paragraph__juWZN postParagraph_type-tag-h2__TtFkT\">Papa Le\u00e3o XIV e a ordena\u00e7\u00e3o de mulheres<\/h2>\n<p class=\"postParagraph_post-paragraph-innerHtml__Q5vwc\">O papa Le\u00e3o XIV reafirmou uma mensagem de acolhimento da Igreja a todos, inclusive \u00e0 comunidade <strong>LGBTQ+<\/strong>, mas <strong>afastou mudan\u00e7as doutrin\u00e1rias sobre casamento ou ordena\u00e7\u00e3o de mulheres<\/strong>. Ele, no entanto, destacou que pretende ampliar a presen\u00e7a feminina em cargos de lideran\u00e7a.<\/p>\n<p class=\"postParagraph_post-paragraph-innerHtml__Q5vwc\">Na conversa, o pont\u00edfice abordou temas centrais da agenda global e da Igreja, como a guerra a crise humanit\u00e1ria em <strong>Gaza<\/strong>, as rela\u00e7\u00f5es com a <strong>China<\/strong>, o papel das mulheres, o acolhimento \u00e0 comunidade LGBTQ+, os casos de abuso sexual, a situa\u00e7\u00e3o financeira do Vaticano, a reforma da C\u00faria, a intelig\u00eancia artificial e a prolifera\u00e7\u00e3o de fake news. Ele disse que enxerga sua miss\u00e3o como a de \u201cconstruir pontes e evitar a polariza\u00e7\u00e3o\u201d.<\/p>\n<h2 class=\"postParagraph_post-paragraph__juWZN postParagraph_type-tag-h2__TtFkT\">Papa Le\u00e3o XIV fala sobre Gaza e Chinais<\/h2>\n<p class=\"postParagraph_post-paragraph__juWZN\">Sobre Gaza, o papa Le\u00e3o XIV expressou \u201cgrande preocupa\u00e7\u00e3o\u201d com a situa\u00e7\u00e3o dos civis, em especial das crian\u00e7as, e pediu esfor\u00e7os internacionais para garantir ajuda humanit\u00e1ria. Questionado sobre o uso do termo \u201cgenoc\u00eddio\u201d, ele afirmou que a Santa S\u00e9, por enquanto, n\u00e3o far\u00e1 uma declara\u00e7\u00e3o oficial, mas reconheceu que grupos de direitos humanos j\u00e1 levantam essa classifica\u00e7\u00e3o.<\/p>\n<p class=\"postParagraph_post-paragraph__juWZN\">Em rela\u00e7\u00e3o \u00e0 China, Le\u00e3o XIV disse que continuar\u00e1 o di\u00e1logo iniciado por seus antecessores, buscando respeitar a cultura e as dificuldades enfrentadas por cat\u00f3licos locais. J\u00e1 sobre os Estados Unidos, pa\u00eds de origem do pont\u00edfice, ele declarou que n\u00e3o pretende se envolver em disputas partid\u00e1rias, mas destacou a necessidade de di\u00e1logo entre a Igreja americana e a pol\u00edtica nacional.<\/p>\n<h2 class=\"postParagraph_post-paragraph__juWZN postParagraph_type-tag-h2__TtFkT\">Os desafios do Vaticano segundo o Papa Le\u00e3o XIV<\/h2>\n<p class=\"postParagraph_post-paragraph__juWZN\">Ao tratar da crise de abusos sexuais, reconheceu que se trata de uma \u201cferida profunda\u201d e defendeu o respeito absoluto \u00e0s v\u00edtimas, ao mesmo tempo em que lembrou a necessidade de proteger a presun\u00e7\u00e3o de inoc\u00eancia.<\/p>\n<p class=\"postParagraph_post-paragraph__juWZN\">Na \u00e1rea administrativa, destacou avan\u00e7os nos mecanismos de controle financeiro, mas alertou para desafios como o fundo de pens\u00e3o dos funcion\u00e1rios e a depend\u00eancia das receitas dos Museus Vaticanos. Ele tamb\u00e9m prometeu combater a mentalidade de \u201csilos\u201d dentro da C\u00faria, que limita a comunica\u00e7\u00e3o e a governan\u00e7a.<\/p>\n<p class=\"postParagraph_post-paragraph__juWZN\">O pont\u00edfice criticou o uso pol\u00edtico da liturgia tradicional, classificou as fake news como \u201cdestrutivas\u201d e alertou para os riscos da intelig\u00eancia artificial, que, segundo ele, pode ser conduzida por interesses econ\u00f4micos sem o devido respeito \u00e0 dignidade humana.<\/p>\n<p class=\"postParagraph_post-paragraph__juWZN\">Le\u00e3o XIV encerrou dizendo que encara sua miss\u00e3o com serenidade: \u201cEstou aprendendo muito e me sinto desafiado, mas n\u00e3o sobrecarregado\u201d.<\/p>\n<\/div>\n<p><br \/>\n<br \/>Fonte: <a href=\"https:\/\/www.gazetadopovo.com.br\/mundo\/papa-leao-volta-a-definir-familia-como-casamento-entre-um-homem-e-uma-mulher\/\">Revista Oeste<\/a><\/p>\n","protected":false},"excerpt":{"rendered":"<p>O papa Le\u00e3o XIV voltou a definir a fam\u00edlia como a uni\u00e3o sagrada entre um homem e uma mulher. Ele j\u00e1 havia falado sobre o tema em um discurso de maio. A declara\u00e7\u00e3o foi dada em sua primeira entrevista completa desde que assumiu o pontificado, publicada nesta quinta-feira (18) em uma nova biografia da jornalista [&hellip;]<\/p>\n","protected":false},"author":5,"featured_media":44926,"comment_status":"open","ping_status":"open","sticky":false,"template":"","format":"standard","meta":{"_seopress_robots_primary_cat":"","_seopress_titles_title":"","_seopress_titles_desc":"","_seopress_robots_index":"","footnotes":""},"categories":[48],"tags":[],"class_list":["post-44925","post","type-post","status-publish","format-standard","has-post-thumbnail","hentry","category-internacional"],"_links":{"self":[{"href":"https:\/\/mussicom.com\/noticias\/wp-json\/wp\/v2\/posts\/44925","targetHints":{"allow":["GET"]}}],"collection":[{"href":"https:\/\/mussicom.com\/noticias\/wp-json\/wp\/v2\/posts"}],"about":[{"href":"https:\/\/mussicom.com\/noticias\/wp-json\/wp\/v2\/types\/post"}],"author":[{"embeddable":true,"href":"https:\/\/mussicom.com\/noticias\/wp-json\/wp\/v2\/users\/5"}],"replies":[{"embeddable":true,"href":"https:\/\/mussicom.com\/noticias\/wp-json\/wp\/v2\/comments?post=44925"}],"version-history":[{"count":0,"href":"https:\/\/mussicom.com\/noticias\/wp-json\/wp\/v2\/posts\/44925\/revisions"}],"wp:featuredmedia":[{"embeddable":true,"href":"https:\/\/mussicom.com\/noticias\/wp-json\/wp\/v2\/media\/44926"}],"wp:attachment":[{"href":"https:\/\/mussicom.com\/noticias\/wp-json\/wp\/v2\/media?parent=44925"}],"wp:term":[{"taxonomy":"category","embeddable":true,"href":"https:\/\/mussicom.com\/noticias\/wp-json\/wp\/v2\/categories?post=44925"},{"taxonomy":"post_tag","embeddable":true,"href":"https:\/\/mussicom.com\/noticias\/wp-json\/wp\/v2\/tags?post=44925"}],"curies":[{"name":"wp","href":"https:\/\/api.w.org\/{rel}","templated":true}]}}