{"id":44878,"date":"2025-09-20T10:12:30","date_gmt":"2025-09-20T13:12:30","guid":{"rendered":"https:\/\/mussicom.com\/quando-estreia-o-9o-e-penultimo-episodio-de-outlander-blood-of-my-blood\/"},"modified":"2025-09-20T10:12:30","modified_gmt":"2025-09-20T13:12:30","slug":"quando-estreia-o-9o-e-penultimo-episodio-de-outlander-blood-of-my-blood","status":"publish","type":"post","link":"https:\/\/mussicom.com\/noticias\/quando-estreia-o-9o-e-penultimo-episodio-de-outlander-blood-of-my-blood\/","title":{"rendered":"Quando estreia o 9\u00ba e pen\u00faltimo epis\u00f3dio de &#8216;Outlander: Blood of my Blood&#8217;?"},"content":{"rendered":"<p> <br \/>\n<\/p>\n<div>\n<p>A primeira temporada de <em><strong>Outlander: Blood of My Blood<\/strong><\/em>, spin-off do sucesso <em>Outlander<\/em>, est\u00e1 chegando ao fim. Mas quando e que horas estreia o nono e pen\u00faltimo cap\u00edtulo da novidade, que conta a hist\u00f3ria dos pais dos protagonistas <strong>Jamie<\/strong> e <strong>Claire<\/strong>, vividos respectivamente por <strong>Sam Heughan<\/strong> (<em>O Amor Mandou Mensagem<\/em>) e <strong>Caitriona Balfe<\/strong> (<em>Belfast<\/em>) na s\u00e9rie original?<\/p>\n<h2><strong>Qual \u00e9 a hist\u00f3ria de <em>Outlander<\/em>?<\/strong><\/h2>\n<p>\u201c<em>Blood of My Blood se concentrar\u00e1 nas duas hist\u00f3rias de amor paralelas ambientadas em dois per\u00edodos de tempo diferentes, com os pais de Jamie nas Terras Altas da Esc\u00f3cia do in\u00edcio do s\u00e9culo XVIII e os pais de Claire na Inglaterra da Primeira Guerra Mundial<\/em>\u201d, diz a sinopse oficial. Apesar de ser um derivado, a hist\u00f3ria n\u00e3o \u00e9 baseada na obra da autora\u00a0<strong>Diana Gabaldon<\/strong>, mas ela \u00e9 consultora na novidade.<\/p>\n<p>Nos epis\u00f3dios, os pais de Jamie s\u00e3o vividos por <strong>Jamie Roy<\/strong> (<em>Condor<\/em>) e <strong>Harriet Slater<\/strong> (<em>Pennyworth<\/em>) em um arco ambientado nas Highlands, ainda sob forte influ\u00eancia dos cl\u00e3s rivais. Paralelamente, <strong>Jeremy Irvine<\/strong> (<em>Cavalo de Guerra<\/em>) e <strong>Hermione Corfield<\/strong> (<em>Miss\u00e3o: Imposs\u00edvel \u2013 Efeito Fallout<\/em>) vivem os pais de Claire, que se conhecem em meio aos horrores da guerra e, por meio de um elemento m\u00edstico, acabam transportados para 1714, aproximando o passado de Claire ao de Jamie muito antes do casal se encontrar.<\/p>\n<p data-slot-rendered-content=\"true\">Al\u00e9m dos protagonistas, a s\u00e9rie traz personagens conhecidos de <strong><em>Outlander<\/em><\/strong>, mas em vers\u00f5es mais jovens, incluindo como <strong>Rory Alexander<\/strong> como <strong>Murtagh<\/strong>, <strong>S\u00e9amus McLean Ross<\/strong> como <strong>Colum<\/strong>, <strong>Sam Retford<\/strong> como <strong>Dougal<\/strong>, <strong>Conor MacNeill<\/strong> como <strong>Ned Gowan<\/strong> e <strong>Tony Curran<\/strong> como <strong>Simon Fraser<\/strong>.<\/p>\n<h2><strong>Quando estreia o pr\u00f3ximo epis\u00f3dio de <em>Outlander: Blood of My Blood<\/em>?<\/strong><\/h2>\n<p>A primeira temporada do derivado ter\u00e1 10 epis\u00f3dios e contar\u00e1 com <strong>Matthew B. Roberts<\/strong>, de <strong><em>Outlander<\/em><\/strong>, como showrunner e produtor executivo. <em><strong>Outlander: Blood of My Blood<\/strong><\/em> ter\u00e1 estreias semanais, sempre aos s\u00e1bados. O nono e pen\u00faltimo epis\u00f3dio chega ao Disney+ no pr\u00f3ximo dia <strong>27 de setembro, a partir das 0h (hor\u00e1rio de Bras\u00edlia)<\/strong>. Assista ao trailer:<\/p>\n<div class=\"embed-responsive embed-responsive-16by9\">\n<p><iframe title=\"Outlander: Blood Of My Blood | Trailer Oficial Legendado | Disney+\" width=\"800\" height=\"450\" src=\"https:\/\/www.youtube.com\/embed\/D6nUuLnYSec?feature=oembed\" frameborder=\"0\" allow=\"accelerometer; autoplay; clipboard-write; encrypted-media; gyroscope; picture-in-picture; web-share\" referrerpolicy=\"strict-origin-when-cross-origin\" allowfullscreen><\/iframe><\/p>\n<\/div>\n<p><strong>LEIA TAMB\u00c9M:<\/strong> \u2018Toy Story\u2019 celebra 30 anos: a aventura que conquistou gera\u00e7\u00f5es continua contagiante<\/p>\n<\/p><\/div>\n<p><br \/>\n<br \/>Fonte: <a href=\"https:\/\/rollingstone.com.br\/tv\/quando-estreia-o-9o-e-penultimo-episodio-de-outlander-blood-of-my-blood\/\">rollingstone.com.br<\/a><\/p>\n","protected":false},"excerpt":{"rendered":"<p>A primeira temporada de Outlander: Blood of My Blood, spin-off do sucesso Outlander, est\u00e1 chegando ao fim. Mas quando e que horas estreia o nono e pen\u00faltimo cap\u00edtulo da novidade, que conta a hist\u00f3ria dos pais dos protagonistas Jamie e Claire, vividos respectivamente por Sam Heughan (O Amor Mandou Mensagem) e Caitriona Balfe (Belfast) na [&hellip;]<\/p>\n","protected":false},"author":5,"featured_media":44879,"comment_status":"open","ping_status":"open","sticky":false,"template":"","format":"standard","meta":{"_seopress_robots_primary_cat":"","_seopress_titles_title":"","_seopress_titles_desc":"","_seopress_robots_index":"","footnotes":""},"categories":[51],"tags":[],"class_list":["post-44878","post","type-post","status-publish","format-standard","has-post-thumbnail","hentry","category-musica"],"_links":{"self":[{"href":"https:\/\/mussicom.com\/noticias\/wp-json\/wp\/v2\/posts\/44878","targetHints":{"allow":["GET"]}}],"collection":[{"href":"https:\/\/mussicom.com\/noticias\/wp-json\/wp\/v2\/posts"}],"about":[{"href":"https:\/\/mussicom.com\/noticias\/wp-json\/wp\/v2\/types\/post"}],"author":[{"embeddable":true,"href":"https:\/\/mussicom.com\/noticias\/wp-json\/wp\/v2\/users\/5"}],"replies":[{"embeddable":true,"href":"https:\/\/mussicom.com\/noticias\/wp-json\/wp\/v2\/comments?post=44878"}],"version-history":[{"count":0,"href":"https:\/\/mussicom.com\/noticias\/wp-json\/wp\/v2\/posts\/44878\/revisions"}],"wp:featuredmedia":[{"embeddable":true,"href":"https:\/\/mussicom.com\/noticias\/wp-json\/wp\/v2\/media\/44879"}],"wp:attachment":[{"href":"https:\/\/mussicom.com\/noticias\/wp-json\/wp\/v2\/media?parent=44878"}],"wp:term":[{"taxonomy":"category","embeddable":true,"href":"https:\/\/mussicom.com\/noticias\/wp-json\/wp\/v2\/categories?post=44878"},{"taxonomy":"post_tag","embeddable":true,"href":"https:\/\/mussicom.com\/noticias\/wp-json\/wp\/v2\/tags?post=44878"}],"curies":[{"name":"wp","href":"https:\/\/api.w.org\/{rel}","templated":true}]}}