{"id":44848,"date":"2025-09-20T03:44:33","date_gmt":"2025-09-20T06:44:33","guid":{"rendered":"https:\/\/mussicom.com\/padilha-desiste-de-viagem-a-onu-apos-restricoes-dos-eua\/"},"modified":"2025-09-20T03:44:33","modified_gmt":"2025-09-20T06:44:33","slug":"padilha-desiste-de-viagem-a-onu-apos-restricoes-dos-eua","status":"publish","type":"post","link":"https:\/\/mussicom.com\/noticias\/padilha-desiste-de-viagem-a-onu-apos-restricoes-dos-eua\/","title":{"rendered":"Padilha desiste de viagem \u00e0 ONU ap\u00f3s restri\u00e7\u00f5es dos EUA"},"content":{"rendered":"<p> <br \/>\n<\/p>\n<div>\n<p class=\"postParagraph_post-paragraph-innerHtml__Q5vwc\">O ministro da Sa\u00fade, Alexandre Padilha, desistiu nesta sexta-feira (19) de viajar aos Estados Unidos ap\u00f3s o governo de Donald Trump restringir seu deslocamento no pa\u00eds. Padilha classificou a limita\u00e7\u00e3o como \u201cinaceit\u00e1vel\u201d. Ele deveria fazer parte da comitiva do presidente Luiz In\u00e1cio Lula da Silva (PT), que far\u00e1 o discurso de abertura da Assembleia-Geral da Organiza\u00e7\u00e3o das Na\u00e7\u00f5es Unidas (ONU).<\/p>\n<p class=\"postParagraph_post-paragraph-innerHtml__Q5vwc\">&#8220;Inaceit\u00e1vel. Inaceit\u00e1veis as condi\u00e7\u00f5es, porque eu sou o ministro da Sa\u00fade do Brasil. Quando vou para um evento como esse, tenho que ter plena possibilidade de participar do conjunto das atividades para as quais fomos convidados&#8221;, disse o ministro em entrevista \u00e0 <em>GloboNews<\/em> nesta tarde.<\/p>\n<p class=\"postParagraph_post-paragraph__juWZN\">O governo americano liberou o visto de entrada para Padilha nesta quinta-feira (18), mas informou que ele s\u00f3 poderia se deslocar em uma \u00e1rea equivalente a cinco quarteir\u00f5es entre o hotel e a sede da ONU e as representa\u00e7\u00f5es do Brasil ligadas ao \u00f3rg\u00e3o. A limita\u00e7\u00e3o tamb\u00e9m valeria para familiares que o acompanhassem.<\/p>\n<div class=\"postViewMore_post-view-more-container___5wai\" data-mrf-recirculation=\"Post - Veja tamb\u00e9m\">\n<p class=\"gp-styles-module-size-small-afeYRa gp-styles-module-font-family2-afeYRa gp-styles-module-color-secondary-afeYRa gp-styles-module-weight-bold-afeYRa\">VEJA TAMB\u00c9M:<\/p>\n<ul class=\"postViewMore_post-view-more-list__CU_CE\">\n<li class=\"postViewMore_post-view-more-item__2MzRb\"><span class=\"postViewMore_post-view-more-link-icon___stPC\"><svg xmlns=\"http:\/\/www.w3.org\/2000\/svg\" width=\"16\" height=\"16\" viewbox=\"0 0 16 16\"><rect width=\"16\" height=\"16\" fill=\"none\"\/><g transform=\"translate(3 3)\"><path d=\"M22.5,15l3.4,3.4-3.4,3.4\" transform=\"translate(-15.896 -11.793)\" fill=\"none\" stroke=\"#717171\" stroke-linecap=\"round\" stroke-width=\"1.4\"\/><path d=\"M6,6v4.2a2.452,2.452,0,0,0,2.5,2.4H16\" transform=\"translate(-6 -6)\" fill=\"none\" stroke=\"#717171\" stroke-linecap=\"round\" stroke-width=\"1.4\"\/><\/g><\/svg><\/span><span class=\"postViewMore_post-view-more-link-text__hO_kM\">Corregedoria da C\u00e2mara recomenda suspens\u00e3o a tr\u00eas deputados que ocuparam Mesa Diretora<\/span><\/li>\n<\/ul>\n<\/div>\n<p class=\"postParagraph_post-paragraph__juWZN\">O ministro destacou que a restri\u00e7\u00e3o inviabilizaria sua participa\u00e7\u00e3o na confer\u00eancia da Organiza\u00e7\u00e3o Pan-Americana de Sa\u00fade (Opas), no pr\u00f3ximo dia 29, em Washington, e em reuni\u00f5es bilaterais que seriam realizadas fora do trajeto entre o hotel e a ONU.<\/p>\n<p class=\"postParagraph_post-paragraph__juWZN\">\u201cN\u00f3s ter\u00edamos v\u00e1rias reuni\u00f5es bilaterais que \u00e0s vezes ocorrem na embaixada de algum pa\u00eds. Ent\u00e3o, na pr\u00e1tica, impede a participa\u00e7\u00e3o ativa do ministro da Sa\u00fade do Brasil em atividades para as quais fomos convidados para fazer parcerias e investimentos\u201d, enfatizou.<\/p>\n<p class=\"postParagraph_post-paragraph__juWZN\">Padilha destacou que o Brasil \u00e9 o segundo maior pa\u00eds da Opas e o maior sistema nacional de sa\u00fade do \u00f3rg\u00e3o. Ele disse ainda que planejava anunciar no evento em Washington um refor\u00e7o financeiro do Brasil ao fundo estrat\u00e9gico da Opas que pode \u201cbaixar o pre\u00e7o\u201d de vacinas e medicamentos para todo o continente americano.<\/p>\n<h2 class=\"postParagraph_post-paragraph__juWZN postParagraph_type-tag-h2__TtFkT\">Brasil n\u00e3o ser\u00e1 intimidado por &#8220;atitude absurda&#8221; dos EUA, diz Padilha<\/h2>\n<p class=\"postParagraph_post-paragraph__juWZN\">Ele encaminhou uma \u201cnota dura\u201d \u00e0 Opas relatando a situa\u00e7\u00e3o. Questionado se teme repres\u00e1lias do governo Trump, Padilha destacou que n\u00e3o se intimidar\u00e1 por essa \u201catitude absurda\u201d dos EUA.<\/p>\n<p class=\"postParagraph_post-paragraph__juWZN\">\u201cQualquer tentativa de restri\u00e7\u00e3o da atua\u00e7\u00e3o do Brasil n\u00e3o nos intimida e vai fazer com que o Brasil e o Minist\u00e9rio da Sa\u00fade do nosso pa\u00eds continuem defendendo a vacina, os investimentos na ci\u00eancia\u201d, afirmou. O ministro afirmou que se reuniu com ind\u00fastrias dos Estados Unidos da \u00e1rea da sa\u00fade que querem investir no Brasil em raz\u00e3o da pol\u00edtica de Trump contra vacinas.<\/p>\n<p class=\"postParagraph_post-paragraph__juWZN\">\u201cO Brasil, cada vez mais, inclusive por essas atitudes dos EUA, vai se transformando num pa\u00eds que vai atrair investimentos\u201d, apontou. \u201cNossa resposta a essa atitude absurda \u00e9 atrair cada vez mais investimentos para o Brasil para a produ\u00e7\u00e3o de vacinas, medicamentos e tecnologia de sa\u00fade aqui no pa\u00eds\u201d, disse Padilha.<\/p>\n<p class=\"postParagraph_post-paragraph__juWZN\">No m\u00eas passado, o governo americano revogou os vistos da esposa e da filha de Padilha. A medida foi motivada pela atua\u00e7\u00e3o do ministro, que estava com o visto vencido desde 2024, no programa Mais M\u00e9dicos.<\/p>\n<h2 class=\"postParagraph_post-paragraph__juWZN postParagraph_type-tag-h2__TtFkT\">Governo Lula aciona c\u00fapula da ONU <\/h2>\n<p class=\"postParagraph_post-paragraph__juWZN\">Mais cedo, o ministro das Rela\u00e7\u00f5es Exteriores, Mauro Vieira, disse ter acionado o secret\u00e1rio-geral da ONU, Ant\u00f3nio Guterres, e a presid\u00eancia da Assembleia-Geral da organiza\u00e7\u00e3o para que tomem provid\u00eancias sobre as restri\u00e7\u00f5es impostas a Padilha.<\/p>\n<p class=\"postParagraph_post-paragraph__juWZN\">&#8220;Estamos, atrav\u00e9s do secret\u00e1rio-geral da ONU e da presidente da Assembleia-Geral, relatando o ocorrido. S\u00e3o restri\u00e7\u00f5es sem cabimento, injustas e absurdas, e n\u00f3s estamos pedindo a interfer\u00eancia do secret\u00e1rio-geral junto ao pa\u00eds sede&#8221;, afirmou o chanceler.<\/p>\n<\/div>\n<p><br \/>\n<br \/>Fonte: <a href=\"https:\/\/www.gazetadopovo.com.br\/republica\/padilha-desiste-de-viagem-a-onu-apos-restricoes-impostas-pelos-estados-unidos\/\">Revista Oeste<\/a><\/p>\n","protected":false},"excerpt":{"rendered":"<p>O ministro da Sa\u00fade, Alexandre Padilha, desistiu nesta sexta-feira (19) de viajar aos Estados Unidos ap\u00f3s o governo de Donald Trump restringir seu deslocamento no pa\u00eds. Padilha classificou a limita\u00e7\u00e3o como \u201cinaceit\u00e1vel\u201d. Ele deveria fazer parte da comitiva do presidente Luiz In\u00e1cio Lula da Silva (PT), que far\u00e1 o discurso de abertura da Assembleia-Geral da [&hellip;]<\/p>\n","protected":false},"author":5,"featured_media":44849,"comment_status":"open","ping_status":"open","sticky":false,"template":"","format":"standard","meta":{"_seopress_robots_primary_cat":"","_seopress_titles_title":"","_seopress_titles_desc":"","_seopress_robots_index":"","footnotes":""},"categories":[1],"tags":[],"class_list":["post-44848","post","type-post","status-publish","format-standard","has-post-thumbnail","hentry","category-ultimas-noticias"],"_links":{"self":[{"href":"https:\/\/mussicom.com\/noticias\/wp-json\/wp\/v2\/posts\/44848","targetHints":{"allow":["GET"]}}],"collection":[{"href":"https:\/\/mussicom.com\/noticias\/wp-json\/wp\/v2\/posts"}],"about":[{"href":"https:\/\/mussicom.com\/noticias\/wp-json\/wp\/v2\/types\/post"}],"author":[{"embeddable":true,"href":"https:\/\/mussicom.com\/noticias\/wp-json\/wp\/v2\/users\/5"}],"replies":[{"embeddable":true,"href":"https:\/\/mussicom.com\/noticias\/wp-json\/wp\/v2\/comments?post=44848"}],"version-history":[{"count":0,"href":"https:\/\/mussicom.com\/noticias\/wp-json\/wp\/v2\/posts\/44848\/revisions"}],"wp:featuredmedia":[{"embeddable":true,"href":"https:\/\/mussicom.com\/noticias\/wp-json\/wp\/v2\/media\/44849"}],"wp:attachment":[{"href":"https:\/\/mussicom.com\/noticias\/wp-json\/wp\/v2\/media?parent=44848"}],"wp:term":[{"taxonomy":"category","embeddable":true,"href":"https:\/\/mussicom.com\/noticias\/wp-json\/wp\/v2\/categories?post=44848"},{"taxonomy":"post_tag","embeddable":true,"href":"https:\/\/mussicom.com\/noticias\/wp-json\/wp\/v2\/tags?post=44848"}],"curies":[{"name":"wp","href":"https:\/\/api.w.org\/{rel}","templated":true}]}}