{"id":44727,"date":"2025-09-19T13:49:29","date_gmt":"2025-09-19T16:49:29","guid":{"rendered":"https:\/\/mussicom.com\/truque-de-mestre-3-nova-aventura-dos-quatro-cavaleiros-ganha-data-de-estreia\/"},"modified":"2025-09-19T13:49:29","modified_gmt":"2025-09-19T16:49:29","slug":"truque-de-mestre-3-nova-aventura-dos-quatro-cavaleiros-ganha-data-de-estreia","status":"publish","type":"post","link":"https:\/\/mussicom.com\/noticias\/truque-de-mestre-3-nova-aventura-dos-quatro-cavaleiros-ganha-data-de-estreia\/","title":{"rendered":"&#8216;Truque de Mestre 3&#8217;, nova aventura d&#8217;Os Quatro Cavaleiros, ganha data de estreia"},"content":{"rendered":"<p> <br \/>\n<\/p>\n<div>\n<p>A Paris Filmes divulgou, nesta sexta-feira (19), a data de estreia de <strong><em>Truque de Mestre \u2013 O 3\u00ba Ato<\/em><\/strong>, novo cap\u00edtulo da franquia iniciada em 2013, que traz o retorno d\u2019Os Quatro Cavaleiros para uma nova aventura, agora com duas gera\u00e7\u00f5es de m\u00e1gicos se reunindo para trabalhar juntas. Confira a seguir!<\/p>\n<h2><strong>Qual \u00e9 a hist\u00f3ria de <em>Truque de Mestre 3 \u2013 O 3\u00ba Ato<\/em>?<\/strong><\/h2>\n<p>Em <strong><em>Truque de Mestre 3 \u2013 O 3\u00ba Ato<\/em><\/strong>, <strong>J. Daniel Atlas <\/strong>(<strong>Jesse Eisenberg<\/strong>, <em>A Rede Social<\/em>)\u00a0se afasta de seus ex-colegas e decide formar uma nova equipe para roubar um valioso diamante. Por\u00e9m, quando ele acaba se encrencando, Os Quatro Cavaleiros voltam a se reunir.<\/p>\n<p>Al\u00e9m de <strong>Jesse Eisenberg<\/strong>, a novidade conta conta com os retornos de <strong>Woody Harrelson <\/strong>(<em>Jogos Vorazes<\/em>), <strong>Isla Fisher <\/strong>(<em>Os Del\u00edrios de Consumo de Becky Bloom<\/em>) e <strong>Dave Franco <\/strong>(<em>The Afterparty<\/em>), e as adi\u00e7\u00f5es de <strong>Rosamund Pike<\/strong>\u00a0(<em>Saltburn<\/em>), <strong>Ariana Greenblatt <\/strong>(<em>Barbie<\/em>), <strong>Justice Smith\u00a0<\/strong>(<em>Dungeons &amp; Dragons: Honra Entre Rebeldes<\/em>) e <strong>Dominic Sessa\u00a0<\/strong>(<em>Os Rejeitados<\/em>).<\/p>\n<p><iframe title=\"Truque de Mestre - O 3\u00ba Ato - Trailer Oficial 2\" width=\"800\" height=\"450\" src=\"https:\/\/www.youtube.com\/embed\/WFxQdJBquE8?feature=oembed\" frameborder=\"0\" allow=\"accelerometer; autoplay; clipboard-write; encrypted-media; gyroscope; picture-in-picture; web-share\" referrerpolicy=\"strict-origin-when-cross-origin\" allowfullscreen><\/iframe><\/p>\n<h2><strong>Quando estreia <em>Truque de Mestre 3 \u2013 O 3\u00ba Ato<\/em>?<\/strong><\/h2>\n<p>Dirigido por <strong>Ruben Fleischer<\/strong> (Zumbil\u00e2ndia) a partir do roteiro de <strong>Michael Lesslie<\/strong> (<em>Jogos Vorazes: A Cantiga dos P\u00e1ssaros e das Serpentes<\/em>), <strong>Rhett Reese<\/strong> (<em>Deadpool &amp; Wolverine<\/em>) e <strong>Seth Grahame-Smith<\/strong> (Os Fantasmas Ainda se Divertem: Beetlejuice Beetlejuice) <strong><em>Truque de Mestre\u00a0 \u2013 O 3\u00ba Ato<\/em><\/strong> estreia nos cinemas brasileiros a partir de <strong>13 de novembro<\/strong>. Confira o an\u00fancio:<\/p>\n<blockquote class=\"instagram-media\" style=\"background: #FFF; border: 0; border-radius: 3px; box-shadow: 0 0 1px 0 rgba(0,0,0,0.5),0 1px 10px 0 rgba(0,0,0,0.15); margin: 1px; max-width: 540px; min-width: 326px; padding: 0; width: calc(100% - 2px);\" data-instgrm-captioned=\"\" data-instgrm-permalink=\"https:\/\/www.instagram.com\/p\/DOycElDETS7\/?utm_source=ig_embed&amp;utm_campaign=loading\" data-instgrm-version=\"14\"><\/blockquote>\n<p><strong>LEIA TAMB\u00c9M:<\/strong> Duas gera\u00e7\u00f5es de m\u00e1gicos precisam trabalhar juntas no novo trailer de <em>Truque de Mestre 3<\/em><\/p>\n<p>\u00a0<\/p>\n<div class=\"author-box clearfix mb-4\">\n<div class=\"d-flex align-items-center\">\n<div class=\"author-avatar\">\n        &#13;<br \/>\n          \n      <\/div>\n<div class=\"author-info ms-3\">\n<p>Formado em Jornalismo pela Universidade S\u00e3o Judas, em S\u00e3o Paulo, <strong>Henrique Nascimento<\/strong> come\u00e7ou como estagi\u00e1rio na Veja S\u00e3o Paulo e passou por ve\u00edculos como SBT, Exito\u00edna, Yahoo! Brasil e UOL antes de se tornar coordenador do n\u00facleo de cinema da Editora Perfil, que inclui CineBuzz, Rolling Stone Brasil e Contigo.<\/p>\n<\/p><\/div>\n<\/p><\/div>\n<\/p><\/div>\n<\/p><\/div>\n<p><script async src=\"\/\/www.instagram.com\/embed.js\"><\/script><br \/>\n<br \/><br \/>\n<br \/>Fonte: <a href=\"https:\/\/rollingstone.com.br\/cinema\/truque-de-mestre-3-nova-aventura-dos-quatro-cavaleiros-ganha-data-de-estreia\/\">rollingstone.com.br<\/a><\/p>\n","protected":false},"excerpt":{"rendered":"<p>A Paris Filmes divulgou, nesta sexta-feira (19), a data de estreia de Truque de Mestre \u2013 O 3\u00ba Ato, novo cap\u00edtulo da franquia iniciada em 2013, que traz o retorno d\u2019Os Quatro Cavaleiros para uma nova aventura, agora com duas gera\u00e7\u00f5es de m\u00e1gicos se reunindo para trabalhar juntas. Confira a seguir! Qual \u00e9 a hist\u00f3ria [&hellip;]<\/p>\n","protected":false},"author":5,"featured_media":44728,"comment_status":"open","ping_status":"open","sticky":false,"template":"","format":"standard","meta":{"_seopress_robots_primary_cat":"","_seopress_titles_title":"","_seopress_titles_desc":"","_seopress_robots_index":"","footnotes":""},"categories":[51],"tags":[],"class_list":["post-44727","post","type-post","status-publish","format-standard","has-post-thumbnail","hentry","category-musica"],"_links":{"self":[{"href":"https:\/\/mussicom.com\/noticias\/wp-json\/wp\/v2\/posts\/44727","targetHints":{"allow":["GET"]}}],"collection":[{"href":"https:\/\/mussicom.com\/noticias\/wp-json\/wp\/v2\/posts"}],"about":[{"href":"https:\/\/mussicom.com\/noticias\/wp-json\/wp\/v2\/types\/post"}],"author":[{"embeddable":true,"href":"https:\/\/mussicom.com\/noticias\/wp-json\/wp\/v2\/users\/5"}],"replies":[{"embeddable":true,"href":"https:\/\/mussicom.com\/noticias\/wp-json\/wp\/v2\/comments?post=44727"}],"version-history":[{"count":0,"href":"https:\/\/mussicom.com\/noticias\/wp-json\/wp\/v2\/posts\/44727\/revisions"}],"wp:featuredmedia":[{"embeddable":true,"href":"https:\/\/mussicom.com\/noticias\/wp-json\/wp\/v2\/media\/44728"}],"wp:attachment":[{"href":"https:\/\/mussicom.com\/noticias\/wp-json\/wp\/v2\/media?parent=44727"}],"wp:term":[{"taxonomy":"category","embeddable":true,"href":"https:\/\/mussicom.com\/noticias\/wp-json\/wp\/v2\/categories?post=44727"},{"taxonomy":"post_tag","embeddable":true,"href":"https:\/\/mussicom.com\/noticias\/wp-json\/wp\/v2\/tags?post=44727"}],"curies":[{"name":"wp","href":"https:\/\/api.w.org\/{rel}","templated":true}]}}