{"id":44713,"date":"2025-09-19T12:45:17","date_gmt":"2025-09-19T15:45:17","guid":{"rendered":"https:\/\/mussicom.com\/terceiro-pais-da-otan-acusa-russia-de-invadir-espaco-aereo\/"},"modified":"2025-09-19T12:45:17","modified_gmt":"2025-09-19T15:45:17","slug":"terceiro-pais-da-otan-acusa-russia-de-invadir-espaco-aereo","status":"publish","type":"post","link":"https:\/\/mussicom.com\/noticias\/terceiro-pais-da-otan-acusa-russia-de-invadir-espaco-aereo\/","title":{"rendered":"Terceiro pa\u00eds da Otan acusa R\u00fassia de invadir espa\u00e7o a\u00e9reo"},"content":{"rendered":"<p> <br \/>\n<\/p>\n<div>\n<p class=\"postParagraph_post-paragraph__juWZN\">O governo da Est\u00f4nia acusou nesta sexta-feira (19) a R\u00fassia de permanecer por cerca de 12 minutos em seu espa\u00e7o a\u00e9reo com tr\u00eas jatos de combate do modelo MiG-31.<\/p>\n<p class=\"postParagraph_post-paragraph__juWZN\">Essa \u00e9 a mais recente de tr\u00eas den\u00fancias feitas por pa\u00edses membros da Organiza\u00e7\u00e3o do Tratado do Atl\u00e2ntico Norte (Otan) nos \u00faltimos dias.<\/p>\n<p class=\"postParagraph_post-paragraph__juWZN\">Os minist\u00e9rios da Defesa e das Rela\u00e7\u00f5es Exteriores do pa\u00eds b\u00e1ltico informaram que os ca\u00e7as violaram o territ\u00f3rio sobre uma ilha estoniana do Golfo da Finl\u00e2ndia, o que obrigou avi\u00f5es da patrulha a\u00e9rea da Otan a intervir.<\/p>\n<p class=\"postParagraph_post-paragraph__juWZN\">As aeronaves n\u00e3o tinham planos de voo e seus transponders estavam desligados, de acordo com a pasta de Defesa da Est\u00f4nia, que acrescentou que, no momento da viola\u00e7\u00e3o do espa\u00e7o a\u00e9reo, os avi\u00f5es tamb\u00e9m n\u00e3o mantinham comunica\u00e7\u00e3o por r\u00e1dio bidirecional com os servi\u00e7os de tr\u00e1fego a\u00e9reo da Est\u00f4nia.<\/p>\n<p class=\"postParagraph_post-paragraph__juWZN\">Por isso, ca\u00e7as F-35 da For\u00e7a A\u00e9rea italiana, atualmente mobilizados na base a\u00e9rea estoniana de \u00c4mari como parte da Miss\u00e3o de Policiamento A\u00e9reo do B\u00e1ltico da Otan, &#8220;responderam ao incidente&#8221;, esclareceu o Minist\u00e9rio da Defesa.<\/p>\n<p class=\"postParagraph_post-paragraph__juWZN\">O Minist\u00e9rio das Rela\u00e7\u00f5es Exteriores informou em comunicado que convocou nesta sexta-feira o encarregado de neg\u00f3cios da embaixada da R\u00fassia na Est\u00f4nia e lhe entregou uma nota de protesto pela viola\u00e7\u00e3o do espa\u00e7o a\u00e9reo.<\/p>\n<h2 class=\"postParagraph_post-paragraph__juWZN postParagraph_type-tag-h2__TtFkT\">Outros dois incidentes neste m\u00eas <\/h2>\n<p class=\"postParagraph_post-paragraph__juWZN\">A Pol\u00f4nia foi o primeiro pa\u00eds a acusar Moscou de viola\u00e7\u00f5es em seu espa\u00e7o a\u00e9reo, entre os dias 9 e 10 de setembro. Na ocasi\u00e3o, a Otan chegou a se mobilizar para abater os drones russos com o envio de ca\u00e7as F-16 e F-35 da Pol\u00f4nia e de aliados para intercept\u00e1-los.<\/p>\n<p class=\"postParagraph_post-paragraph__juWZN\">Foi a primeira vez na hist\u00f3ria moderna da Pol\u00f4nia em que armas foram usadas em seu espa\u00e7o a\u00e9reo e tamb\u00e9m a primeira ocasi\u00e3o em que um pa\u00eds da Otan derrubou uma aeronave russa.<\/p>\n<p class=\"postParagraph_post-paragraph__juWZN\">No final de semana, a Rom\u00eania, outro pa\u00eds da Otan lim\u00edtrofe com a Ucr\u00e2nia, denunciou a entrada em seu espa\u00e7o a\u00e9reo de um drone russo.<\/p>\n<p class=\"postParagraph_post-paragraph__juWZN\">Nesta sexta-feira, a R\u00fassia pediu provas de sua suposta incurs\u00e3o deliberada com drones no espa\u00e7o a\u00e9reo da Pol\u00f4nia.<\/p>\n<p class=\"postParagraph_post-paragraph__juWZN\">&#8220;A situa\u00e7\u00e3o se repete uma e outra vez como uma fotocopiadora. As circunst\u00e2ncias do ocorrido ainda n\u00e3o est\u00e3o claras, a investiga\u00e7\u00e3o necess\u00e1ria n\u00e3o foi conclu\u00edda, provas convincentes n\u00e3o foram coletadas e o culpado j\u00e1 foi designado. E este \u00e9, \u00e9 claro, a Federa\u00e7\u00e3o Russa&#8221;, declarou a porta-voz do Minist\u00e9rio das Rela\u00e7\u00f5es Exteriores russo, Mar\u00eda Zakharova, em comunicado, no qual classificou como &#8220;gratuitas&#8221; as acusa\u00e7\u00f5es feitas pelos pa\u00edses europeus.<\/p>\n<\/div>\n<p><br \/>\n<br \/>Fonte: <a href=\"https:\/\/www.gazetadopovo.com.br\/mundo\/terceiro-pais-otan-acusa-russia-invadir-espaco-aereo\/\">Revista Oeste<\/a><\/p>\n","protected":false},"excerpt":{"rendered":"<p>O governo da Est\u00f4nia acusou nesta sexta-feira (19) a R\u00fassia de permanecer por cerca de 12 minutos em seu espa\u00e7o a\u00e9reo com tr\u00eas jatos de combate do modelo MiG-31. Essa \u00e9 a mais recente de tr\u00eas den\u00fancias feitas por pa\u00edses membros da Organiza\u00e7\u00e3o do Tratado do Atl\u00e2ntico Norte (Otan) nos \u00faltimos dias. Os minist\u00e9rios da [&hellip;]<\/p>\n","protected":false},"author":5,"featured_media":44714,"comment_status":"open","ping_status":"open","sticky":false,"template":"","format":"standard","meta":{"_seopress_robots_primary_cat":"","_seopress_titles_title":"","_seopress_titles_desc":"","_seopress_robots_index":"","footnotes":""},"categories":[48],"tags":[],"class_list":["post-44713","post","type-post","status-publish","format-standard","has-post-thumbnail","hentry","category-internacional"],"_links":{"self":[{"href":"https:\/\/mussicom.com\/noticias\/wp-json\/wp\/v2\/posts\/44713","targetHints":{"allow":["GET"]}}],"collection":[{"href":"https:\/\/mussicom.com\/noticias\/wp-json\/wp\/v2\/posts"}],"about":[{"href":"https:\/\/mussicom.com\/noticias\/wp-json\/wp\/v2\/types\/post"}],"author":[{"embeddable":true,"href":"https:\/\/mussicom.com\/noticias\/wp-json\/wp\/v2\/users\/5"}],"replies":[{"embeddable":true,"href":"https:\/\/mussicom.com\/noticias\/wp-json\/wp\/v2\/comments?post=44713"}],"version-history":[{"count":0,"href":"https:\/\/mussicom.com\/noticias\/wp-json\/wp\/v2\/posts\/44713\/revisions"}],"wp:featuredmedia":[{"embeddable":true,"href":"https:\/\/mussicom.com\/noticias\/wp-json\/wp\/v2\/media\/44714"}],"wp:attachment":[{"href":"https:\/\/mussicom.com\/noticias\/wp-json\/wp\/v2\/media?parent=44713"}],"wp:term":[{"taxonomy":"category","embeddable":true,"href":"https:\/\/mussicom.com\/noticias\/wp-json\/wp\/v2\/categories?post=44713"},{"taxonomy":"post_tag","embeddable":true,"href":"https:\/\/mussicom.com\/noticias\/wp-json\/wp\/v2\/tags?post=44713"}],"curies":[{"name":"wp","href":"https:\/\/api.w.org\/{rel}","templated":true}]}}