{"id":44589,"date":"2025-09-18T22:21:20","date_gmt":"2025-09-19T01:21:20","guid":{"rendered":"https:\/\/mussicom.com\/sorgo-mineiro-atinge-89-da-area-colhida\/"},"modified":"2025-09-18T22:21:20","modified_gmt":"2025-09-19T01:21:20","slug":"sorgo-mineiro-atinge-89-da-area-colhida","status":"publish","type":"post","link":"https:\/\/mussicom.com\/noticias\/sorgo-mineiro-atinge-89-da-area-colhida\/","title":{"rendered":"Sorgo mineiro atinge 89% da \u00e1rea colhida"},"content":{"rendered":"<p> <br \/>\n<\/p>\n<div>\n<div class=\"row\">\n<div class=\"col-lg col-infos mt-0 mt-lg-0\">\n<div class=\"section-sub-title\">\n<p itemprop=\"description\">&#13;<br \/>\n                                Temperaturas amenas reduzem pragas no sorgo mineiro&#13;\n                            <\/p>\n<\/p><\/div>\n<div class=\"container\">\n<div class=\"row\">\n<div class=\"col-lg p-0\">\n<div>\n<div class=\"block-news-main-infos mt-3 text-start\">\n<p>                                            <strong class=\"fn\" itemprop=\"author\" style=\"color: rgb(112, 112, 112); \">&#13;<br \/>\n                                                Agrolink&#13;<br \/>\n&#13;<br \/>\n                                                    &#8211; Seane Lennon&#13;<br \/>\n&#13;<br \/>\n                                            <\/strong><br \/>\n                                        <\/p>\n<p>                                            <abbr><time datetime=\"2025 - 09 - 18T18:34\" itemprop=\"datePublished dateModified\"> Publicado em 18\/09\/2025 \u00e0s 18:34h.<\/time><\/abbr>\n                                    <\/div>\n<\/p><\/div>\n<\/p><\/div>\n<div class=\"col-lg p-0 text-lg-end\">\n<div>\n<div id=\"mdEnviarPagina\" class=\"modal fade\" role=\"dialog\">\n<div class=\"modal-dialog\">\n<div class=\"modal-content\">\n<div class=\"modal-body\">\n<p><strong>Estimado usu\u00e1rio.<\/strong><br \/>Preencha o formul\u00e1rio abaixo para remeter a p\u00e1gina.<\/p>\n<\/p><\/div>\n<\/p><\/div>\n<\/p><\/div>\n<\/div><\/div>\n<\/p><\/div>\n<\/p><\/div>\n<\/p><\/div>\n<\/p><\/div>\n<\/p><\/div>\n<div class=\"row justify-content-md-center mt-3\">\n<div class=\"col-lg-auto col-image block-news-main-image\">\n<p>                                <br \/>\n                                                <span class=\"publicity-photo d-block mt-1\">Foto: Pixabay<\/span><\/p><\/div>\n<\/p><\/div>\n<div class=\"section-description section-description-noticias mt-3\">\n<p style=\"text-align:justify\">De acordo com dados do 12\u00ba Levantamento da Safra de Gr\u00e3os do ciclo 2024\/25 da Companhia Nacional de Abastecimento (Conab), \u201cem Minas Gerais, a colheita do sorgo vem sendo priorizada no momento em detrimento \u00e0 do milho, uma vez que a umidade do gr\u00e3o est\u00e1 muito baixa e a matura\u00e7\u00e3o est\u00e1 bem avan\u00e7ada\u201d&#13;\n<\/p>\n<p style=\"text-align:justify\">O levantamento aponta que \u201cos produtores correm o risco de parte dos gr\u00e3os come\u00e7arem a cair e aumentarem as perdas\u201d. S<\/p>\n<p style=\"text-align:justify\">egundo a Conab, \u201cno ciclo passado j\u00e1 t\u00ednhamos atingido 93% da \u00e1rea colhida, enquanto nesta safra atingimos 89% no mesmo per\u00edodo\u201d. O \u00f3rg\u00e3o explicou que \u201ceste atraso justifica-se em raz\u00e3o do veranico que postergou a semeadura\u201d.<\/p>\n<p style=\"text-align:justify\">A Conab informou que \u201cas melhores condi\u00e7\u00f5es de umidade do solo permitiram um excelente desenvolvimento para as lavouras, contribuindo para forma\u00e7\u00e3o e enchimento dos gr\u00e3os\u201d.<\/p>\n<p style=\"text-align:justify\">Segundo o levantamento, \u201csoma-se a isso, as temperaturas mais amenas, que foram de fundamental import\u00e2ncia para diminuir a press\u00e3o das pragas, principalmente o pulg\u00e3o\u201d.<\/p>\n<p style=\"text-align:justify\">A companhia concluiu que \u201cdeste modo, encerramos o \u00faltimo levantamento desta safra, com uma m\u00e9dia de 4.170 kg\/ha para o estado\u201d.<\/p>\n<\/p><\/div>\n<\/p><\/div>\n<p><script data-cfasync=\"false\">\n    !function (f, b, e, v, n, t, s) {\n        if (f.fbq) return; n = f.fbq = function () {\n            n.callMethod ?\n                n.callMethod.apply(n, arguments) : n.queue.push(arguments)\n        };\n        if (!f._fbq) f._fbq = n; n.push = n; n.loaded = !0; n.version = '2.0';\n        n.queue = []; t = b.createElement(e); t.async = !0;\n        t.src = v; s = b.getElementsByTagName(e)[0];\n        s.parentNode.insertBefore(t, s)\n    }(window, document, 'script',\n        'https:\/\/connect.facebook.net\/en_US\/fbevents.js');\n    fbq('init', '522546078623747');\n    fbq('track', 'PageView');\n<\/script><br \/>\n<br \/><br \/>\n<br \/>Fonte: <a href=\"https:\/\/www.agrolink.com.br\/noticias\/sorgo-mineiro-atinge-89--da-area-colhida_506133.html\">AGROLINK<\/a><\/p>\n","protected":false},"excerpt":{"rendered":"<p>&#13; Temperaturas amenas reduzem pragas no sorgo mineiro&#13; &#13; Agrolink&#13; &#13; &#8211; Seane Lennon&#13; &#13; Publicado em 18\/09\/2025 \u00e0s 18:34h. Estimado usu\u00e1rio.Preencha o formul\u00e1rio abaixo para remeter a p\u00e1gina. Foto: Pixabay De acordo com dados do 12\u00ba Levantamento da Safra de Gr\u00e3os do ciclo 2024\/25 da Companhia Nacional de Abastecimento (Conab), \u201cem Minas Gerais, a [&hellip;]<\/p>\n","protected":false},"author":5,"featured_media":44590,"comment_status":"open","ping_status":"open","sticky":false,"template":"","format":"standard","meta":{"_seopress_robots_primary_cat":"","_seopress_titles_title":"","_seopress_titles_desc":"","_seopress_robots_index":"","footnotes":""},"categories":[53],"tags":[],"class_list":["post-44589","post","type-post","status-publish","format-standard","has-post-thumbnail","hentry","category-agronegocio"],"_links":{"self":[{"href":"https:\/\/mussicom.com\/noticias\/wp-json\/wp\/v2\/posts\/44589","targetHints":{"allow":["GET"]}}],"collection":[{"href":"https:\/\/mussicom.com\/noticias\/wp-json\/wp\/v2\/posts"}],"about":[{"href":"https:\/\/mussicom.com\/noticias\/wp-json\/wp\/v2\/types\/post"}],"author":[{"embeddable":true,"href":"https:\/\/mussicom.com\/noticias\/wp-json\/wp\/v2\/users\/5"}],"replies":[{"embeddable":true,"href":"https:\/\/mussicom.com\/noticias\/wp-json\/wp\/v2\/comments?post=44589"}],"version-history":[{"count":0,"href":"https:\/\/mussicom.com\/noticias\/wp-json\/wp\/v2\/posts\/44589\/revisions"}],"wp:featuredmedia":[{"embeddable":true,"href":"https:\/\/mussicom.com\/noticias\/wp-json\/wp\/v2\/media\/44590"}],"wp:attachment":[{"href":"https:\/\/mussicom.com\/noticias\/wp-json\/wp\/v2\/media?parent=44589"}],"wp:term":[{"taxonomy":"category","embeddable":true,"href":"https:\/\/mussicom.com\/noticias\/wp-json\/wp\/v2\/categories?post=44589"},{"taxonomy":"post_tag","embeddable":true,"href":"https:\/\/mussicom.com\/noticias\/wp-json\/wp\/v2\/tags?post=44589"}],"curies":[{"name":"wp","href":"https:\/\/api.w.org\/{rel}","templated":true}]}}