{"id":44541,"date":"2025-09-18T18:10:21","date_gmt":"2025-09-18T21:10:21","guid":{"rendered":"https:\/\/mussicom.com\/uniao-brasil-da-24-horas-para-filiados-deixarem-cargos-no-governo\/"},"modified":"2025-09-18T18:10:21","modified_gmt":"2025-09-18T21:10:21","slug":"uniao-brasil-da-24-horas-para-filiados-deixarem-cargos-no-governo","status":"publish","type":"post","link":"https:\/\/mussicom.com\/noticias\/uniao-brasil-da-24-horas-para-filiados-deixarem-cargos-no-governo\/","title":{"rendered":"Uni\u00e3o Brasil d\u00e1 24 horas para filiados deixarem cargos no governo"},"content":{"rendered":"<p> <br \/>\n<\/p>\n<div>\n<p class=\"postParagraph_post-paragraph__juWZN\">O Uni\u00e3o Brasil determinou nesta quinta-feira (18) que seus filiados t\u00eam 24 horas para deixar cargos que ocupam no governo do presidente Luiz In\u00e1cio Lula da Silva (PT). Os integrantes que se recusarem a cumprir a medida poder\u00e3o ser expulsos do partido, sob \u201cpena de pr\u00e1tica de ato de infidelidade partid\u00e1ria\u201d.<\/p>\n<p class=\"postParagraph_post-paragraph-innerHtml__Q5vwc\">Atualmente, a legenda comanda o Minist\u00e9rio do Turismo, chefiado por Celso Sabino (Uni\u00e3o-PA), al\u00e9m de ocupar diversos cargos na administra\u00e7\u00e3o p\u00fablica. Os ministros da Integra\u00e7\u00e3o e do Desenvolvimento Regional, Waldez G\u00f3es (PDT), e das Comunica\u00e7\u00f5es, Frederico Siqueira, s\u00e3o considerados indica\u00e7\u00f5es da cota pessoal do presidente do Senado, Davi Alcolumbre (Uni\u00e3o-AP).\u00a0<\/p>\n<p class=\"postParagraph_post-paragraph-innerHtml__Q5vwc\">O desembarque j\u00e1 era esperado, mas ocorreu agora, segundo nota oficial do pr\u00f3prio partido, ap\u00f3s a publica\u00e7\u00e3o de reportagens do <em>Instituto Conhecimento Liberta (ICL)<\/em> e do portal <em>UOL<\/em> sobre a suposta liga\u00e7\u00e3o do presidente do Uni\u00e3o, Antonio Rueda, a uma empresa de avi\u00f5es que seriam utilizados pelo Primeiro Comando da Capital (PCC). Rueda nega a acusa\u00e7\u00e3o.\u00a0<\/p>\n<div class=\"postViewMore_post-view-more-container___5wai\" data-mrf-recirculation=\"Post - Veja tamb\u00e9m\">\n<p class=\"gp-styles-module-size-small-afeYRa gp-styles-module-font-family2-afeYRa gp-styles-module-color-secondary-afeYRa gp-styles-module-weight-bold-afeYRa\">VEJA TAMB\u00c9M:<\/p>\n<ul class=\"postViewMore_post-view-more-list__CU_CE\">\n<li class=\"postViewMore_post-view-more-item__2MzRb\"><span class=\"postViewMore_post-view-more-link-icon___stPC\"><svg xmlns=\"http:\/\/www.w3.org\/2000\/svg\" width=\"16\" height=\"16\" viewbox=\"0 0 16 16\"><rect width=\"16\" height=\"16\" fill=\"none\"\/><g transform=\"translate(3 3)\"><path d=\"M22.5,15l3.4,3.4-3.4,3.4\" transform=\"translate(-15.896 -11.793)\" fill=\"none\" stroke=\"#717171\" stroke-linecap=\"round\" stroke-width=\"1.4\"\/><path d=\"M6,6v4.2a2.452,2.452,0,0,0,2.5,2.4H16\" transform=\"translate(-6 -6)\" fill=\"none\" stroke=\"#717171\" stroke-linecap=\"round\" stroke-width=\"1.4\"\/><\/g><\/svg><\/span><span class=\"postViewMore_post-view-more-link-text__hO_kM\">Dino abre inqu\u00e9rito contra Bolsonaro e aliados para investigar conclus\u00f5es da CPI da Covid<\/span><\/li>\n<\/ul>\n<\/div>\n<p class=\"postParagraph_post-paragraph-innerHtml__Q5vwc\">O comunicado destaca que as not\u00edcias s\u00e3o \u201cinfundadas, prematuras e superficiais\u201d e \u201ctentam atingir a honra e a imagem do nosso principal dirigente\u201d. O partido aponta ainda que \u201ccausa profunda estranheza\u201d que as reportagens tenham sido publicadas \u201cpoucos dias ap\u00f3s a determina\u00e7\u00e3o oficial de afastamento de filiados do Uni\u00e3o Brasil de cargos ocupados no Governo Federal\u201d.\u00a0<\/p>\n<p class=\"postParagraph_post-paragraph__juWZN\">\u201cTal \u2018coincid\u00eancia\u2019 refor\u00e7a a percep\u00e7\u00e3o de uso pol\u00edtico da estrutura estatal visando desgastar a imagem da nossa principal lideran\u00e7a e, por consequ\u00eancia, enfraquecer a independ\u00eancia de um partido que adotou posi\u00e7\u00e3o contr\u00e1ria ao atual governo\u201d, acusa o Uni\u00e3o Brasil.<\/p>\n<p class=\"postParagraph_post-paragraph-innerHtml__Q5vwc\">Em agosto, o Uni\u00e3o Brasil e o PP formalizaram a Federa\u00e7\u00e3o Uni\u00e3o Progressista, que determinou o desembarque do governo Lula (PT). O PP \u00e9 o partido do ministro do Esporte, Andr\u00e9 Fufuca.<\/p>\n<h2 class=\"postParagraph_post-paragraph-innerHtml__Q5vwc postParagraph_type-tag-h2__TtFkT\">Veja a \u00edntegra da nota do Uni\u00e3o Brasil\u00a0<\/h2>\n<p class=\"postParagraph_post-paragraph-innerHtml__Q5vwc\"><em>\u201cO Uni\u00e3o Brasil, por meio de sua Executiva Nacional e de suas Lideran\u00e7as na C\u00e2mara dos Deputados e no Senado Federal, manifesta irrestrita solidariedade ao Presidente Antonio Rueda, diante de not\u00edcias infundadas, prematuras e superficiais que tentam atingir a honra e a imagem do nosso principal dirigente.<\/em><\/p>\n<p class=\"postParagraph_post-paragraph-innerHtml__Q5vwc\"><em>Causa profunda estranheza que essas inverdades venham a p\u00fablico justamente poucos dias ap\u00f3s a determina\u00e7\u00e3o oficial de afastamento de filiados do Uni\u00e3o Brasil de cargos ocupados no Governo Federal &#8211; movimento leg\u00edtimo, democr\u00e1tico e amplamente debatido nas inst\u00e2ncias partid\u00e1rias.<\/em><\/p>\n<p class=\"postParagraph_post-paragraph-innerHtml__Q5vwc\"><em>Tal \u2018coincid\u00eancia\u2019 refor\u00e7a a percep\u00e7\u00e3o de uso pol\u00edtico da estrutura estatal visando desgastar a imagem da nossa principal lideran\u00e7a e, por consequ\u00eancia, enfraquecer a independ\u00eancia de um partido que adotou posi\u00e7\u00e3o contr\u00e1ria ao atual governo.<\/em><\/p>\n<p class=\"postParagraph_post-paragraph-innerHtml__Q5vwc\"><em>Esse posicionamento, ali\u00e1s, foi hoje unanimemente refor\u00e7ado pela aprova\u00e7\u00e3o da resolu\u00e7\u00e3o que determina aos filiados do Uni\u00e3o Brasil o desligamento, em at\u00e9 24 (vinte e quatro) horas, dos cargos p\u00fablicos de livre nomea\u00e7\u00e3o na Administra\u00e7\u00e3o P\u00fablica Federal Direta ou Indireta, sob pena de pr\u00e1tica de ato de infidelidade partid\u00e1ria.<\/em><\/p>\n<p class=\"postParagraph_post-paragraph-innerHtml__Q5vwc\"><em>O Uni\u00e3o Brasil seguir\u00e1 atuando em sintonia com os anseios da sociedade brasileira e jamais se intimidar\u00e1 diante de tentativas de ataque a seus dirigentes.\u201d<\/em><\/p>\n<\/div>\n<p><br \/>\n<br \/>Fonte: <a href=\"https:\/\/www.gazetadopovo.com.br\/republica\/uniao-brasil-da-24-horas-para-filiados-deixarem-cargos-no-governo\/\">Revista Oeste<\/a><\/p>\n","protected":false},"excerpt":{"rendered":"<p>O Uni\u00e3o Brasil determinou nesta quinta-feira (18) que seus filiados t\u00eam 24 horas para deixar cargos que ocupam no governo do presidente Luiz In\u00e1cio Lula da Silva (PT). Os integrantes que se recusarem a cumprir a medida poder\u00e3o ser expulsos do partido, sob \u201cpena de pr\u00e1tica de ato de infidelidade partid\u00e1ria\u201d. Atualmente, a legenda comanda [&hellip;]<\/p>\n","protected":false},"author":5,"featured_media":41552,"comment_status":"open","ping_status":"open","sticky":false,"template":"","format":"standard","meta":{"_seopress_robots_primary_cat":"","_seopress_titles_title":"","_seopress_titles_desc":"","_seopress_robots_index":"","footnotes":""},"categories":[1],"tags":[],"class_list":["post-44541","post","type-post","status-publish","format-standard","has-post-thumbnail","hentry","category-ultimas-noticias"],"_links":{"self":[{"href":"https:\/\/mussicom.com\/noticias\/wp-json\/wp\/v2\/posts\/44541","targetHints":{"allow":["GET"]}}],"collection":[{"href":"https:\/\/mussicom.com\/noticias\/wp-json\/wp\/v2\/posts"}],"about":[{"href":"https:\/\/mussicom.com\/noticias\/wp-json\/wp\/v2\/types\/post"}],"author":[{"embeddable":true,"href":"https:\/\/mussicom.com\/noticias\/wp-json\/wp\/v2\/users\/5"}],"replies":[{"embeddable":true,"href":"https:\/\/mussicom.com\/noticias\/wp-json\/wp\/v2\/comments?post=44541"}],"version-history":[{"count":0,"href":"https:\/\/mussicom.com\/noticias\/wp-json\/wp\/v2\/posts\/44541\/revisions"}],"wp:featuredmedia":[{"embeddable":true,"href":"https:\/\/mussicom.com\/noticias\/wp-json\/wp\/v2\/media\/41552"}],"wp:attachment":[{"href":"https:\/\/mussicom.com\/noticias\/wp-json\/wp\/v2\/media?parent=44541"}],"wp:term":[{"taxonomy":"category","embeddable":true,"href":"https:\/\/mussicom.com\/noticias\/wp-json\/wp\/v2\/categories?post=44541"},{"taxonomy":"post_tag","embeddable":true,"href":"https:\/\/mussicom.com\/noticias\/wp-json\/wp\/v2\/tags?post=44541"}],"curies":[{"name":"wp","href":"https:\/\/api.w.org\/{rel}","templated":true}]}}