{"id":44513,"date":"2025-09-18T15:52:25","date_gmt":"2025-09-18T18:52:25","guid":{"rendered":"https:\/\/mussicom.com\/vitimas-do-zika-podem-ser-indenizadas-ainda-em-setembro-diz-ministro\/"},"modified":"2025-09-18T15:52:25","modified_gmt":"2025-09-18T18:52:25","slug":"vitimas-do-zika-podem-ser-indenizadas-ainda-em-setembro-diz-ministro","status":"publish","type":"post","link":"https:\/\/mussicom.com\/noticias\/vitimas-do-zika-podem-ser-indenizadas-ainda-em-setembro-diz-ministro\/","title":{"rendered":"V\u00edtimas do Zika podem ser indenizadas ainda em setembro, diz ministro"},"content":{"rendered":"<p> <br \/>\n<\/p>\n<div>\n<p><strong>O governo federal espera come\u00e7ar a pagar ainda este m\u00eas as primeiras indeniza\u00e7\u00f5es\u00a0\u00e0s fam\u00edlias de crian\u00e7as com defici\u00eancia\u00a0permanente\u00a0causada\u00a0pela s\u00edndrome cong\u00eanita associada ao v\u00edrus Zika<\/strong>.<img decoding=\"async\" src=\"https:\/\/agenciabrasil.ebc.com.br\/ebc.gif?id=1659349&amp;o=node\" style=\"width:1px; height:1px; display:inline;\"\/><\/p>\n<p>Segundo o ministro da Previd\u00eancia Social, Wolney Queiroz,<strong> cerca de 1,6 mil crian\u00e7as de todo o Brasil t\u00eam direito \u00e0 indeniza\u00e7\u00e3o por dano moral de R$ 50 mil<\/strong> \u2013 valor que ser\u00e1 corrigido pelo \u00cdndice Nacional de Pre\u00e7os ao Consumidor (INPC),\u00a0calculado entre 2 de julho deste ano e a efetiva data do pagamento da indeniza\u00e7\u00e3o.<\/p>\n<p><strong>As crian\u00e7as receber\u00e3o\u00a0tamb\u00e9m\u00a0uma pens\u00e3o especial, mensal e vital\u00edcia, equivalente ao teto dos benef\u00edcios pagos pela Previd\u00eancia Social \u2013 hoje, equivalente a R$ 8.157,40. De acordo com Queiroz, a expectativa \u00e9 que o Instituto Nacional do Seguro Social (INSS) comece a pagar as pens\u00f5es em outubro<\/strong>.<\/p>\n<p>\u201cPara isso, as m\u00e3es est\u00e3o se mobilizando a fim de cumprir os requisitos, que s\u00e3o simples\u201d, afirmou o ministro a jornalistas da Empresa Brasil de Comunica\u00e7\u00e3o (EBC),<strong> onde foi entrevistado no programa Bom Dia, Ministro, da Empresa Brasil de Comunica\u00e7\u00e3o.<\/strong><\/p>\n<blockquote>\n<p>\u201cPedi\u00a0pressa a todos setor do minist\u00e9rio para que a gente consiga fazer isso de forma breve,\u00a0para poder ver a vida mudar para melhor das crian\u00e7as e das m\u00e3es.&#8221;<\/p>\n<\/blockquote>\n<p>Os requisitos citados pelo ministro constam da Lei n\u00ba 15.156, de 1\u00ba de julho deste ano, e da Portaria Conjunta MPS\/INSS n\u00ba 69, publicada no <em>Di\u00e1rio Oficial da Uni\u00e3o<\/em> do \u00faltimo dia 8.<\/p>\n<p>De acordo com o texto da portaria, <strong>a indeniza\u00e7\u00e3o e a pens\u00e3o ser\u00e3o pagas apenas a pessoas nascidas no Brasil, com defici\u00eancia permanente decorrente da s\u00edndrome cong\u00eanita associada \u00e0 infec\u00e7\u00e3o pelo v\u00edrus Zika.<\/strong><\/p>\n<p>A comprova\u00e7\u00e3o da condi\u00e7\u00e3o de sa\u00fade ser\u00e1 feita por meio de laudo de junta m\u00e9dica, que ser\u00e1 analisado e homologado pela Per\u00edcia M\u00e9dica Federal. Os <strong>requerimentos dos direitos devem ser entregues ao INSS<\/strong>, juntamente com os documentos de identifica\u00e7\u00e3o, incluindo Cadastro de Pessoa F\u00edsica (CPF), do requerente e do seu representante legal, bem como uma c\u00f3pia do laudo emitido pela junta m\u00e9dica.<\/p>\n<blockquote>\n<p>\u201cEssa \u00e9 uma vit\u00f3ria das m\u00e3es, que h\u00e1 dez anos v\u00eam lutando para criar seus filhos e, ainda assim, se mobilizaram e conseguiram aprovar esta lei no Congresso Nacional, em Bras\u00edlia. Todas elas j\u00e1 participam de uma associa\u00e7\u00e3o, s\u00e3o muito organizadas, e se comunicam [entre si]. Quando fui a Recife [estado que concentra cerca de 1\/3 de todos os casos registrados no pa\u00eds] para tirar d\u00favidas e ouv\u00ed-las, elas sugeriram algumas mudan\u00e7as na portaria que a gente ainda vai fazer porque o objetivo do governo federal \u00e9 acolher e garantir que todos [que t\u00eam direito] recebam, mas h\u00e1 alguns crit\u00e9rios [legais] obrigat\u00f3rios que precisam ser cumpridos\u201d, afirmou\u00a0o ministro.<\/p>\n<\/blockquote>\n<p><strong>Entre 2015 e 2016, o Brasil enfrentou um surto de Zika, uma virose transmitida por meio da picada do mosquito\u00a0Aedes aegytpi\u00a0e que despertou a aten\u00e7\u00e3o da comunidade cient\u00edfica e da popula\u00e7\u00e3o em geral ao ser associada ao aumento de casos de microcefalia e outros quadros neurol\u00f3gicos graves, especialmente em estados do Nordeste, como Pernambuco e Para\u00edba<\/strong>.\u00a0<\/p>\n<p>Em fevereiro de 2016, a Organiza\u00e7\u00e3o Mundial da Sa\u00fade (OMS) chegou a classificar a epidemia como uma Emerg\u00eancia de Sa\u00fade P\u00fablico de Import\u00e2ncia Internacional. Passado algum tempo, o n\u00famero de casos e o espa\u00e7o dedicado ao tema pela m\u00eddia come\u00e7aram a diminuir, embora as crian\u00e7as afetadas pela s\u00edndrome cong\u00eanita e suas fam\u00edlias continuem enfrentando uma dura rotina de cuidados especiais.<\/p>\n<p>      <!-- Relacionada --><\/p>\n<p>            <!-- Relacionada -->\n    <\/div>\n<p><br \/>\n<br \/>Fonte: <a href=\"https:\/\/agenciabrasil.ebc.com.br\/saude\/noticia\/2025-09\/vitimas-da-zika-podem-ser-indenizadas-ainda-em-setembro-diz-ministro\">Ag\u00eancia Brasil<\/a><\/p>\n","protected":false},"excerpt":{"rendered":"<p>O governo federal espera come\u00e7ar a pagar ainda este m\u00eas as primeiras indeniza\u00e7\u00f5es\u00a0\u00e0s fam\u00edlias de crian\u00e7as com defici\u00eancia\u00a0permanente\u00a0causada\u00a0pela s\u00edndrome cong\u00eanita associada ao v\u00edrus Zika. Segundo o ministro da Previd\u00eancia Social, Wolney Queiroz, cerca de 1,6 mil crian\u00e7as de todo o Brasil t\u00eam direito \u00e0 indeniza\u00e7\u00e3o por dano moral de R$ 50 mil \u2013 valor que [&hellip;]<\/p>\n","protected":false},"author":5,"featured_media":44514,"comment_status":"open","ping_status":"open","sticky":false,"template":"","format":"standard","meta":{"_seopress_robots_primary_cat":"","_seopress_titles_title":"","_seopress_titles_desc":"","_seopress_robots_index":"","footnotes":""},"categories":[46],"tags":[],"class_list":["post-44513","post","type-post","status-publish","format-standard","has-post-thumbnail","hentry","category-saude"],"_links":{"self":[{"href":"https:\/\/mussicom.com\/noticias\/wp-json\/wp\/v2\/posts\/44513","targetHints":{"allow":["GET"]}}],"collection":[{"href":"https:\/\/mussicom.com\/noticias\/wp-json\/wp\/v2\/posts"}],"about":[{"href":"https:\/\/mussicom.com\/noticias\/wp-json\/wp\/v2\/types\/post"}],"author":[{"embeddable":true,"href":"https:\/\/mussicom.com\/noticias\/wp-json\/wp\/v2\/users\/5"}],"replies":[{"embeddable":true,"href":"https:\/\/mussicom.com\/noticias\/wp-json\/wp\/v2\/comments?post=44513"}],"version-history":[{"count":0,"href":"https:\/\/mussicom.com\/noticias\/wp-json\/wp\/v2\/posts\/44513\/revisions"}],"wp:featuredmedia":[{"embeddable":true,"href":"https:\/\/mussicom.com\/noticias\/wp-json\/wp\/v2\/media\/44514"}],"wp:attachment":[{"href":"https:\/\/mussicom.com\/noticias\/wp-json\/wp\/v2\/media?parent=44513"}],"wp:term":[{"taxonomy":"category","embeddable":true,"href":"https:\/\/mussicom.com\/noticias\/wp-json\/wp\/v2\/categories?post=44513"},{"taxonomy":"post_tag","embeddable":true,"href":"https:\/\/mussicom.com\/noticias\/wp-json\/wp\/v2\/tags?post=44513"}],"curies":[{"name":"wp","href":"https:\/\/api.w.org\/{rel}","templated":true}]}}