{"id":44505,"date":"2025-09-18T15:18:20","date_gmt":"2025-09-18T18:18:20","guid":{"rendered":"https:\/\/mussicom.com\/ceara-sanciona-lei-que-zera-ultraprocessados-na-merenda-ate-2027\/"},"modified":"2025-09-18T15:18:20","modified_gmt":"2025-09-18T18:18:20","slug":"ceara-sanciona-lei-que-zera-ultraprocessados-na-merenda-ate-2027","status":"publish","type":"post","link":"https:\/\/mussicom.com\/noticias\/ceara-sanciona-lei-que-zera-ultraprocessados-na-merenda-ate-2027\/","title":{"rendered":"Cear\u00e1 sanciona lei que zera ultraprocessados na merenda at\u00e9 2027"},"content":{"rendered":"<p> <br \/>\n<\/p>\n<div>\n<p><strong>O governador do Cear\u00e1, Eumano de Freitas, sancionou nesta quinta-feira (18), a lei que pro\u00edbe alimentos ultraprocessados na merenda escolar do estado. A regra passa a valer para todas as escolas p\u00fablicas e tamb\u00e9m para as particulares.\u00a0<\/strong><img decoding=\"async\" src=\"https:\/\/agenciabrasil.ebc.com.br\/ebc.gif?id=1659346&amp;o=node\" style=\"width:1px; height:1px; display:inline;\"\/><\/p>\n<p>Segundo a lei, a retirada dos alimentos ultraprocessados dos card\u00e1pios escolares vai ser gradual. Em 2026, esse tipo de alimento ficar\u00e1 restrito a 10% de tudo o que \u00e9 servido aos estudantes. E, em 2027, a meta \u00e9 zerar a presen\u00e7a de ultraprocessados na alimenta\u00e7\u00e3o dos alunos.\u00a0<\/p>\n<p>A lei foi sancionada na abertura da 2\u00aa C\u00fapula da Coaliza\u00e7\u00e3o Global para Alimenta\u00e7\u00e3o Escolar, realizada em Fortaleza (CE). O encontro re\u00fane representantes de mais de 80 pa\u00edses e, na abertura, contou com a presen\u00e7a do vice-presidente Geraldo Alckmin.\u00a0<\/p>\n<p>Como em um ato simb\u00f3lico, o ministro da Educa\u00e7\u00e3o Camilo Santana e a Diretora executiva do Programa Mundial de Alimentos, Cindy McCain, presentes na C\u00fapula, tamb\u00e9m assinaram a legisla\u00e7\u00e3o. Alckmin elogiou a medida, mas n\u00e3o sinalizou se o governo federal estuda adotar uma medida semelhante para o restante do pa\u00eds.\u00a0<\/p>\n<h2>Limites<\/h2>\n<p>Em fevereiro deste ano, o governo federal reduziu de 20% para 15% o limite de alimentos processados e ultraprocessados que poder\u00e3o compor o card\u00e1pio das escolas p\u00fablicas brasileiras em 2025, por meio do Programa Nacional de Alimenta\u00e7\u00e3o Escolar (PNAE). O objetivo\u00a0\u00e9 oferecer alimenta\u00e7\u00e3o mais saud\u00e1vel aos estudantes, priorizando alimentos mais nutritivos, produ\u00e7\u00e3o local e maior diversidade de cultura alimentar das regi\u00f5es do pa\u00eds.<\/p>\n<p>A determina\u00e7\u00e3o consta em uma resolu\u00e7\u00e3o do Fundo Nacional de Desenvolvimento da Educa\u00e7\u00e3o (FNDE), autarquia vinculada ao Minist\u00e9rio da Educa\u00e7\u00e3o (MEC), que \u00e9 respons\u00e1vel pelo PNAE e pelo repasse de recursos destinados a estados e munic\u00edpios para a merenda escolar. Em 2026, o limite de ultraprocessados na merenda ser\u00e1 reduzido para at\u00e9 10%.\u00a0\u00a0<\/p>\n<p>O programa atende 40 milh\u00f5es de crian\u00e7as e jovens em 150 mil escolas dos 5.570 munic\u00edpios do Brasil. S\u00e3o 50 milh\u00f5es de refei\u00e7\u00f5es di\u00e1rias e cerca de 10 bilh\u00f5es por ano, com custo anual de cerca de R$ 5,5 bilh\u00f5es.\u00a0<\/p>\n<p>* A rep\u00f3rter viajou a convite do Minist\u00e9rio da Educa\u00e7\u00e3o.\u00a0<\/p>\n<p>      <!-- Relacionada --><\/p>\n<p>            <!-- Relacionada -->\n    <\/div>\n<p><br \/>\n<br \/>Fonte: <a href=\"https:\/\/agenciabrasil.ebc.com.br\/educacao\/noticia\/2025-09\/ceara-sanciona-lei-que-zera-ultraprocessados-na-merenda-ate-2027\">Ag\u00eancia Brasil<\/a><\/p>\n","protected":false},"excerpt":{"rendered":"<p>O governador do Cear\u00e1, Eumano de Freitas, sancionou nesta quinta-feira (18), a lei que pro\u00edbe alimentos ultraprocessados na merenda escolar do estado. A regra passa a valer para todas as escolas p\u00fablicas e tamb\u00e9m para as particulares.\u00a0 Segundo a lei, a retirada dos alimentos ultraprocessados dos card\u00e1pios escolares vai ser gradual. Em 2026, esse tipo [&hellip;]<\/p>\n","protected":false},"author":5,"featured_media":44506,"comment_status":"open","ping_status":"open","sticky":false,"template":"","format":"standard","meta":{"_seopress_robots_primary_cat":"","_seopress_titles_title":"","_seopress_titles_desc":"","_seopress_robots_index":"","footnotes":""},"categories":[44],"tags":[],"class_list":["post-44505","post","type-post","status-publish","format-standard","has-post-thumbnail","hentry","category-educacao"],"_links":{"self":[{"href":"https:\/\/mussicom.com\/noticias\/wp-json\/wp\/v2\/posts\/44505","targetHints":{"allow":["GET"]}}],"collection":[{"href":"https:\/\/mussicom.com\/noticias\/wp-json\/wp\/v2\/posts"}],"about":[{"href":"https:\/\/mussicom.com\/noticias\/wp-json\/wp\/v2\/types\/post"}],"author":[{"embeddable":true,"href":"https:\/\/mussicom.com\/noticias\/wp-json\/wp\/v2\/users\/5"}],"replies":[{"embeddable":true,"href":"https:\/\/mussicom.com\/noticias\/wp-json\/wp\/v2\/comments?post=44505"}],"version-history":[{"count":0,"href":"https:\/\/mussicom.com\/noticias\/wp-json\/wp\/v2\/posts\/44505\/revisions"}],"wp:featuredmedia":[{"embeddable":true,"href":"https:\/\/mussicom.com\/noticias\/wp-json\/wp\/v2\/media\/44506"}],"wp:attachment":[{"href":"https:\/\/mussicom.com\/noticias\/wp-json\/wp\/v2\/media?parent=44505"}],"wp:term":[{"taxonomy":"category","embeddable":true,"href":"https:\/\/mussicom.com\/noticias\/wp-json\/wp\/v2\/categories?post=44505"},{"taxonomy":"post_tag","embeddable":true,"href":"https:\/\/mussicom.com\/noticias\/wp-json\/wp\/v2\/tags?post=44505"}],"curies":[{"name":"wp","href":"https:\/\/api.w.org\/{rel}","templated":true}]}}