{"id":44483,"date":"2025-09-18T13:22:29","date_gmt":"2025-09-18T16:22:29","guid":{"rendered":"https:\/\/mussicom.com\/homem-de-confianca-de-putin-que-criticou-a-guerra-renuncia\/"},"modified":"2025-09-18T13:22:29","modified_gmt":"2025-09-18T16:22:29","slug":"homem-de-confianca-de-putin-que-criticou-a-guerra-renuncia","status":"publish","type":"post","link":"https:\/\/mussicom.com\/noticias\/homem-de-confianca-de-putin-que-criticou-a-guerra-renuncia\/","title":{"rendered":"Homem de confian\u00e7a de Putin que criticou a guerra renuncia"},"content":{"rendered":"<p> <br \/>\n<\/p>\n<div>\n<p class=\"postParagraph_post-paragraph__juWZN\">O Kremlin confirmou nesta quinta-feira (18) a ren\u00fancia &#8220;por vontade pr\u00f3pria&#8221; do vice-chefe do Gabinete Executivo Presidencial da R\u00fassia, Dmitry Kozak, o primeiro funcion\u00e1rio de alto escal\u00e3o que deixa o cargo por oposi\u00e7\u00e3o \u00e0 guerra na Ucr\u00e2nia. Um dos colaboradores mais pr\u00f3ximos de Putin por v\u00e1rios anos, Kozak teria tentado demov\u00ea-lo da  a\u00e7\u00e3o militar na Ucr\u00e2nia, inclusive pedindo ajuda a interlocutores ocidentais.<\/p>\n<p class=\"postParagraph_post-paragraph__juWZN\">&#8220;Posso confirmar que, efetivamente, Dmitry Kozak apresentou sua ren\u00fancia&#8221;, disse o porta-voz da presid\u00eancia russa, Dmitry Peskov, em sua coletiva de imprensa di\u00e1ria.<\/p>\n<p class=\"postParagraph_post-paragraph__juWZN\">Ao ser questionado sobre os motivos dessa decis\u00e3o, Peskov assinalou que Kozak o fez &#8220;por vontade pr\u00f3pria&#8221;, sem dar mais detalhes.<\/p>\n<p class=\"postParagraph_post-paragraph__juWZN\">Segundo o porta-voz, no entanto, o ditador Vladimir Putin n\u00e3o assinou algum decreto sobre o tema. &#8220;N\u00e3o publicamos o decreto, n\u00e3o h\u00e1 decreto&#8221;, disse Peskov.<\/p>\n<h2 class=\"postParagraph_post-paragraph__juWZN postParagraph_type-tag-h2__TtFkT\">Cr\u00edticas \u00e0 guerra<\/h2>\n<p class=\"postParagraph_post-paragraph__juWZN\">Trata-se do primeiro caso de ren\u00fancia de uma figura pr\u00f3xima ao ditador russo por cr\u00edticas \u00e0 guerra, atitude perseguida em todos os escal\u00f5es da sociedade desde fevereiro de 2022, quando a R\u00fassia invadiu a Ucr\u00e2nia.<\/p>\n<p class=\"postParagraph_post-paragraph-innerHtml__Q5vwc\">O jornal <em>Vedomosti <\/em>antecipou na quarta-feira que Kozak, de 66 anos, assumir\u00e1 o cargo de representante plenipotenci\u00e1rio no distrito federal noroeste do presidente, embora outros meios falem que poderia ocupar algum cargo no mundo dos neg\u00f3cios.<\/p>\n<p class=\"postParagraph_post-paragraph-innerHtml__Q5vwc\">Segundo informou em meados de agosto o jornal americano <em>The New York Times<\/em>, Kozak tentou convencer Putin a deter a campanha militar na Ucr\u00e2nia.<\/p>\n<p class=\"postParagraph_post-paragraph__juWZN\">Kozak, durante muitos anos um dos mais pr\u00f3ximos colaboradores do presidente, inclusive teria apresentado um plano para o cessar das a\u00e7\u00f5es militares e tamb\u00e9m prop\u00f4s reformar o sistema judicial e refor\u00e7ar o controle sobre as for\u00e7as de seguran\u00e7a.<\/p>\n<p class=\"postParagraph_post-paragraph__juWZN\">Aparentemente, o vice-chefe da administra\u00e7\u00e3o presidencial tinha advertido Putin em 2022 sobre as consequ\u00eancias da guerra e, uma vez iniciados os combates, voltou a propor uma tr\u00e9gua, o que foi rejeitado pelo ditador.<\/p>\n<p class=\"postParagraph_post-paragraph__juWZN\">Kozak tamb\u00e9m teria pedido a seus interlocutores ocidentais argumentos com os quais convencer o chefe do Kremlin a deter os combates, de acordo com o jornal americano, o que desatou todo tipo de cr\u00edticas entre os propagandistas russos.<\/p>\n<p class=\"postParagraph_post-paragraph__juWZN\">Nascido na Ucr\u00e2nia, Kozak estudou direito em Leningrado, de onde se uniria \u00e0 equipe de Putin em Moscou em 1999.<\/p>\n<p class=\"postParagraph_post-paragraph__juWZN\">Desde ent\u00e3o, exerceu cargos como chefe de campanha de Putin nas elei\u00e7\u00f5es presidenciais de 2004 e como vice-primeiro-ministro entre 2008 e 2020, ap\u00f3s o que passou a trabalhar no Kremlin.<\/p>\n<\/div>\n<p><br \/>\n<br \/>Fonte: <a href=\"https:\/\/www.gazetadopovo.com.br\/mundo\/russia-confirma-renuncia-de-homem-de-confianca-de-putin-que-criticou-a-guerra-na-ucrania\/\">Revista Oeste<\/a><\/p>\n","protected":false},"excerpt":{"rendered":"<p>O Kremlin confirmou nesta quinta-feira (18) a ren\u00fancia &#8220;por vontade pr\u00f3pria&#8221; do vice-chefe do Gabinete Executivo Presidencial da R\u00fassia, Dmitry Kozak, o primeiro funcion\u00e1rio de alto escal\u00e3o que deixa o cargo por oposi\u00e7\u00e3o \u00e0 guerra na Ucr\u00e2nia. Um dos colaboradores mais pr\u00f3ximos de Putin por v\u00e1rios anos, Kozak teria tentado demov\u00ea-lo da a\u00e7\u00e3o militar na [&hellip;]<\/p>\n","protected":false},"author":5,"featured_media":44484,"comment_status":"open","ping_status":"open","sticky":false,"template":"","format":"standard","meta":{"_seopress_robots_primary_cat":"","_seopress_titles_title":"","_seopress_titles_desc":"","_seopress_robots_index":"","footnotes":""},"categories":[48],"tags":[],"class_list":["post-44483","post","type-post","status-publish","format-standard","has-post-thumbnail","hentry","category-internacional"],"_links":{"self":[{"href":"https:\/\/mussicom.com\/noticias\/wp-json\/wp\/v2\/posts\/44483","targetHints":{"allow":["GET"]}}],"collection":[{"href":"https:\/\/mussicom.com\/noticias\/wp-json\/wp\/v2\/posts"}],"about":[{"href":"https:\/\/mussicom.com\/noticias\/wp-json\/wp\/v2\/types\/post"}],"author":[{"embeddable":true,"href":"https:\/\/mussicom.com\/noticias\/wp-json\/wp\/v2\/users\/5"}],"replies":[{"embeddable":true,"href":"https:\/\/mussicom.com\/noticias\/wp-json\/wp\/v2\/comments?post=44483"}],"version-history":[{"count":0,"href":"https:\/\/mussicom.com\/noticias\/wp-json\/wp\/v2\/posts\/44483\/revisions"}],"wp:featuredmedia":[{"embeddable":true,"href":"https:\/\/mussicom.com\/noticias\/wp-json\/wp\/v2\/media\/44484"}],"wp:attachment":[{"href":"https:\/\/mussicom.com\/noticias\/wp-json\/wp\/v2\/media?parent=44483"}],"wp:term":[{"taxonomy":"category","embeddable":true,"href":"https:\/\/mussicom.com\/noticias\/wp-json\/wp\/v2\/categories?post=44483"},{"taxonomy":"post_tag","embeddable":true,"href":"https:\/\/mussicom.com\/noticias\/wp-json\/wp\/v2\/tags?post=44483"}],"curies":[{"name":"wp","href":"https:\/\/api.w.org\/{rel}","templated":true}]}}