{"id":44480,"date":"2025-09-18T13:12:21","date_gmt":"2025-09-18T16:12:21","guid":{"rendered":"https:\/\/mussicom.com\/corte-de-juros-nos-eua-surpreende-mercado\/"},"modified":"2025-09-18T13:12:21","modified_gmt":"2025-09-18T16:12:21","slug":"corte-de-juros-nos-eua-surpreende-mercado","status":"publish","type":"post","link":"https:\/\/mussicom.com\/noticias\/corte-de-juros-nos-eua-surpreende-mercado\/","title":{"rendered":"Corte de juros nos EUA surpreende mercado"},"content":{"rendered":"<p> <br \/>\n<\/p>\n<div>\n<div class=\"row\">\n<div class=\"col-lg col-infos mt-0 mt-lg-0\">\n<div class=\"section-sub-title\">\n<p itemprop=\"description\">&#13;<br \/>\n                                &#8220;O Fed adotou uma postura preventiva&#8221;&#13;\n                            <\/p>\n<\/p><\/div>\n<div class=\"container\">\n<div class=\"row\">\n<div class=\"col-lg p-0\">\n<div>\n<div class=\"block-news-main-infos mt-3 text-start\">\n<p>                                            <strong class=\"fn\" itemprop=\"author\" style=\"color: rgb(112, 112, 112); \">&#13;<br \/>\n                                                Agrolink&#13;<br \/>\n&#13;<br \/>\n                                                    &#8211; Leonardo Gottems&#13;<br \/>\n&#13;<br \/>\n                                            <\/strong><br \/>\n                                        <\/p>\n<p>                                            <abbr><time datetime=\"2025 - 09 - 18T02:00\" itemprop=\"datePublished dateModified\"> Publicado em 18\/09\/2025 \u00e0s 02:00h.<\/time><\/abbr>\n                                    <\/div>\n<\/p><\/div>\n<\/p><\/div>\n<div class=\"col-lg p-0 text-lg-end\">\n<div>\n<div id=\"mdEnviarPagina\" class=\"modal fade\" role=\"dialog\">\n<div class=\"modal-dialog\">\n<div class=\"modal-content\">\n<div class=\"modal-body\">\n<p><strong>Estimado usu\u00e1rio.<\/strong><br \/>Preencha o formul\u00e1rio abaixo para remeter a p\u00e1gina.<\/p>\n<\/p><\/div>\n<\/p><\/div>\n<\/p><\/div>\n<\/div><\/div>\n<\/p><\/div>\n<\/p><\/div>\n<\/p><\/div>\n<\/p><\/div>\n<\/p><\/div>\n<div class=\"row justify-content-md-center mt-3\">\n<div class=\"col-lg-auto col-image block-news-main-image\">\n<p>                                <br \/>\n                                                <span class=\"d-block mt-1\">&#8220;O Fed adotou uma postura preventiva&#8221; &#8211; Foto: Canva<\/span><\/p><\/div>\n<\/p><\/div>\n<div class=\"section-description section-description-noticias mt-3\">\n<p>O Federal Reserve anunciou uma redu\u00e7\u00e3o da taxa de juros na reuni\u00e3o de setembro, encerrando um ciclo de manuten\u00e7\u00e3o que durou nove meses. Segundo Roberto Simioni, economista-chefe da Blue3 Investimentos, a decis\u00e3o reflete uma resposta estrat\u00e9gica \u00e0s condi\u00e7\u00f5es atuais da economia norte-americana e aos riscos prospectivos.&#13;\n<\/p>\n<p>A desacelera\u00e7\u00e3o da atividade econ\u00f4mica, evidenciada por uma gera\u00e7\u00e3o de empregos abaixo do esperado e aumento da taxa de desemprego, indica menor press\u00e3o inflacion\u00e1ria futura. N\u00facleos do CPI e do PCE mostram trajet\u00f3ria de desacelera\u00e7\u00e3o, aproximando-se da meta de 2%, refor\u00e7ando a l\u00f3gica de um corte para equilibrar o n\u00edvel de atividade, conforme a Regra de Taylor.<\/p>\n<p>\u201cEm sua decis\u00e3o o Fed pode optar por um corte como forma de evitar que a taxa real de juros se torne excessivamente restritiva , ao considerar a infla\u00e7\u00e3o de bens dur\u00e1veis e energia j\u00e1 mostra sinais de retra\u00e7\u00e3o, e mesmo os servi\u00e7os, tradicionalmente mais r\u00edgidos, come\u00e7am a perder for\u00e7a diante da menor demanda agregada\u201d, comenta.&#13;\n<\/p>\n<p>Do ponto de vista te\u00f3rico, a decis\u00e3o \u00e9 coerente com a \u201cpol\u00edtica monet\u00e1ria preemptiva\u201d, adotada para mitigar choques adversos antes que se concretizem plenamente, combinando dados atuais e riscos futuros para orientar a condu\u00e7\u00e3o da economia.<\/p>\n<p>\u201cDo ponto de vista te\u00f3rico, a decis\u00e3o tamb\u00e9m pode ser interpretada sob a \u00f3tica da fun\u00e7\u00e3o de rea\u00e7\u00e3o do banco central, que incorpora n\u00e3o apenas os dados correntes, mas tamb\u00e9m os riscos futuros. A decis\u00e3o de corte de juros pelo Federal Reserve se justifica por uma combina\u00e7\u00e3o da desacelera\u00e7\u00e3o da atividade, converg\u00eancia da infla\u00e7\u00e3o \u00e0 meta, aumento do desemprego, necessidade de preservar expectativas e atua\u00e7\u00e3o preventiva diante de riscos futuros. O Fed adotou uma postura preventiva, reduzindo os juros como forma de mitigar choques adversos antes que se materializem plenamente\u201d, conclui.<\/p>\n<\/p><\/div>\n<\/p><\/div>\n<p><script data-cfasync=\"false\">\n    !function (f, b, e, v, n, t, s) {\n        if (f.fbq) return; n = f.fbq = function () {\n            n.callMethod ?\n                n.callMethod.apply(n, arguments) : n.queue.push(arguments)\n        };\n        if (!f._fbq) f._fbq = n; n.push = n; n.loaded = !0; n.version = '2.0';\n        n.queue = []; t = b.createElement(e); t.async = !0;\n        t.src = v; s = b.getElementsByTagName(e)[0];\n        s.parentNode.insertBefore(t, s)\n    }(window, document, 'script',\n        'https:\/\/connect.facebook.net\/en_US\/fbevents.js');\n    fbq('init', '522546078623747');\n    fbq('track', 'PageView');\n<\/script><br \/>\n<br \/><br \/>\n<br \/>Fonte: <a href=\"https:\/\/www.agrolink.com.br\/noticias\/corte-de-juros-nos-eua-surpreende-mercado_506103.html\">AGROLINK<\/a><\/p>\n","protected":false},"excerpt":{"rendered":"<p>&#13; &#8220;O Fed adotou uma postura preventiva&#8221;&#13; &#13; Agrolink&#13; &#13; &#8211; Leonardo Gottems&#13; &#13; Publicado em 18\/09\/2025 \u00e0s 02:00h. Estimado usu\u00e1rio.Preencha o formul\u00e1rio abaixo para remeter a p\u00e1gina. &#8220;O Fed adotou uma postura preventiva&#8221; &#8211; Foto: Canva O Federal Reserve anunciou uma redu\u00e7\u00e3o da taxa de juros na reuni\u00e3o de setembro, encerrando um ciclo de [&hellip;]<\/p>\n","protected":false},"author":5,"featured_media":31740,"comment_status":"open","ping_status":"open","sticky":false,"template":"","format":"standard","meta":{"_seopress_robots_primary_cat":"","_seopress_titles_title":"","_seopress_titles_desc":"","_seopress_robots_index":"","footnotes":""},"categories":[53],"tags":[],"class_list":["post-44480","post","type-post","status-publish","format-standard","has-post-thumbnail","hentry","category-agronegocio"],"_links":{"self":[{"href":"https:\/\/mussicom.com\/noticias\/wp-json\/wp\/v2\/posts\/44480","targetHints":{"allow":["GET"]}}],"collection":[{"href":"https:\/\/mussicom.com\/noticias\/wp-json\/wp\/v2\/posts"}],"about":[{"href":"https:\/\/mussicom.com\/noticias\/wp-json\/wp\/v2\/types\/post"}],"author":[{"embeddable":true,"href":"https:\/\/mussicom.com\/noticias\/wp-json\/wp\/v2\/users\/5"}],"replies":[{"embeddable":true,"href":"https:\/\/mussicom.com\/noticias\/wp-json\/wp\/v2\/comments?post=44480"}],"version-history":[{"count":0,"href":"https:\/\/mussicom.com\/noticias\/wp-json\/wp\/v2\/posts\/44480\/revisions"}],"wp:featuredmedia":[{"embeddable":true,"href":"https:\/\/mussicom.com\/noticias\/wp-json\/wp\/v2\/media\/31740"}],"wp:attachment":[{"href":"https:\/\/mussicom.com\/noticias\/wp-json\/wp\/v2\/media?parent=44480"}],"wp:term":[{"taxonomy":"category","embeddable":true,"href":"https:\/\/mussicom.com\/noticias\/wp-json\/wp\/v2\/categories?post=44480"},{"taxonomy":"post_tag","embeddable":true,"href":"https:\/\/mussicom.com\/noticias\/wp-json\/wp\/v2\/tags?post=44480"}],"curies":[{"name":"wp","href":"https:\/\/api.w.org\/{rel}","templated":true}]}}