{"id":44435,"date":"2025-09-18T08:59:21","date_gmt":"2025-09-18T11:59:21","guid":{"rendered":"https:\/\/mussicom.com\/alcolumbre-encaminha-pec-da-imunidade-a-ccj-do-senado\/"},"modified":"2025-09-18T08:59:21","modified_gmt":"2025-09-18T11:59:21","slug":"alcolumbre-encaminha-pec-da-imunidade-a-ccj-do-senado","status":"publish","type":"post","link":"https:\/\/mussicom.com\/noticias\/alcolumbre-encaminha-pec-da-imunidade-a-ccj-do-senado\/","title":{"rendered":"Alcolumbre encaminha PEC da Imunidade \u00e0 CCJ do Senado"},"content":{"rendered":"<p> <br \/>\n<\/p>\n<div>\n<p class=\"postParagraph_post-paragraph__juWZN\">O presidente do Senado, Davi Alcolumbre (Uni\u00e3o-AP), encaminhou a Proposta de Emenda \u00e0 Constitui\u00e7\u00e3o (PEC) 3\/21, chamada PEC da Imunidade ou PEC da Blindagem, para an\u00e1lise da Comiss\u00e3o de Constitui\u00e7\u00e3o e Justi\u00e7a (CCJ).<\/p>\n<p class=\"postParagraph_post-paragraph-innerHtml__Q5vwc\">A decis\u00e3o de Alcolumbre, tomada na noite de \u00a0quarta-feira (17), atende ao rito regimental, contrariando parte dos l\u00edderes do Centr\u00e3o na C\u00e2mara, que defendiam o envio direto ao plen\u00e1rio para acelerar a aprova\u00e7\u00e3o da medida. A PEC havia sido aprovada em dois turnos pela C\u00e2mara dos Deputados antes de chegar ao Senado.<\/p>\n<p class=\"postParagraph_post-paragraph__juWZN\">Com a escolha pelo tr\u00e2mite inicial na CCJ, a proposta ter\u00e1 um processo mais lento. Mesmo que o parecer do colegiado seja negativo, o texto pode ainda ser submetido \u00e0 vota\u00e7\u00e3o no plen\u00e1rio do Senado, conforme o regimento. Para ser aprovada, a PEC precisa do apoio de dois ter\u00e7os dos senadores em dois turnos de vota\u00e7\u00e3o. Se receber aval do plen\u00e1rio, ser\u00e1 promulgada pelo Congresso Nacional.<\/p>\n<p class=\"postParagraph_post-paragraph__juWZN\">A PEC da Imunidade prev\u00ea altera\u00e7\u00f5es nas regras de foro privilegiado, tornando mais dif\u00edceis as pris\u00f5es e o in\u00edcio ou continuidade de a\u00e7\u00f5es criminais contra parlamentares. Segundo a proposta, deputados e senadores s\u00f3 poder\u00e3o ser presos em flagrante por crimes classificados como inafian\u00e7\u00e1veis \u2014 racismo, tortura, terrorismo ou tr\u00e1fico de drogas.<\/p>\n<p class=\"postParagraph_post-paragraph__juWZN\">Para permitir o andamento de processos penais, a PEC estabelece que \u00a0o Legislativo deve autorizar, por vota\u00e7\u00e3o secreta, o in\u00edcio ou prosseguimento da a\u00e7\u00e3o. Caso um parlamentar seja preso \u00e0 Casa que decidir\u00e1, por maioria absoluta, se a pris\u00e3o ser\u00e1 mantida. Se negado, a deten\u00e7\u00e3o ser\u00e1 suspensa durante o mandato.<\/p>\n<h2 class=\"postParagraph_post-paragraph__juWZN postParagraph_type-tag-h2__TtFkT\">Presidente da CCJ j\u00e1 se manifestou contra a PEC da Imunidade<\/h2>\n<p class=\"postParagraph_post-paragraph__juWZN\">O senador Otto Alencar (PSD-BA), presidente da CCJ, manifestou oposi\u00e7\u00e3o \u00e0 medida e afirmou que pretende trabalhar contra sua aprova\u00e7\u00e3o no Senado. \u201cVai passar primeiro pela CCJ. Vou primeiro designar um relator, que vai estabelecer um calend\u00e1rio. Eu, pessoalmente, sou contra essa PEC da Blindagem e acho que n\u00e3o passa no plen\u00e1rio\u201d, comentou Alencar. O senador acredita que o texto n\u00e3o alcan\u00e7ar\u00e1 os 49 votos necess\u00e1rios para avan\u00e7ar no plen\u00e1rio.<\/p>\n<p class=\"postParagraph_post-paragraph__juWZN\">Durante reuni\u00e3o da Comiss\u00e3o de Direitos Humanos (CDH) do Senado, a senadora Damares Alves (Republicanos-DF) tamb\u00e9m se manifestou contra a PEC. &#8220;Ser\u00e1 recepcionada pela sociedade com muito horror&#8221;, opinou. \u201cEssa comiss\u00e3o vai ter que fazer parte dessa discuss\u00e3o de forma proativa, porque\u00a0o princ\u00edpio da igualdade est\u00e1 sendo ferido\u201d, disse.<\/p>\n<\/div>\n<p><br \/>\n<br \/>Fonte: <a href=\"https:\/\/www.gazetadopovo.com.br\/republica\/pec-da-imunidade-senado-ccj\/\">Revista Oeste<\/a><\/p>\n","protected":false},"excerpt":{"rendered":"<p>O presidente do Senado, Davi Alcolumbre (Uni\u00e3o-AP), encaminhou a Proposta de Emenda \u00e0 Constitui\u00e7\u00e3o (PEC) 3\/21, chamada PEC da Imunidade ou PEC da Blindagem, para an\u00e1lise da Comiss\u00e3o de Constitui\u00e7\u00e3o e Justi\u00e7a (CCJ). A decis\u00e3o de Alcolumbre, tomada na noite de \u00a0quarta-feira (17), atende ao rito regimental, contrariando parte dos l\u00edderes do Centr\u00e3o na C\u00e2mara, [&hellip;]<\/p>\n","protected":false},"author":5,"featured_media":44436,"comment_status":"open","ping_status":"open","sticky":false,"template":"","format":"standard","meta":{"_seopress_robots_primary_cat":"","_seopress_titles_title":"","_seopress_titles_desc":"","_seopress_robots_index":"","footnotes":""},"categories":[1],"tags":[],"class_list":["post-44435","post","type-post","status-publish","format-standard","has-post-thumbnail","hentry","category-ultimas-noticias"],"_links":{"self":[{"href":"https:\/\/mussicom.com\/noticias\/wp-json\/wp\/v2\/posts\/44435","targetHints":{"allow":["GET"]}}],"collection":[{"href":"https:\/\/mussicom.com\/noticias\/wp-json\/wp\/v2\/posts"}],"about":[{"href":"https:\/\/mussicom.com\/noticias\/wp-json\/wp\/v2\/types\/post"}],"author":[{"embeddable":true,"href":"https:\/\/mussicom.com\/noticias\/wp-json\/wp\/v2\/users\/5"}],"replies":[{"embeddable":true,"href":"https:\/\/mussicom.com\/noticias\/wp-json\/wp\/v2\/comments?post=44435"}],"version-history":[{"count":0,"href":"https:\/\/mussicom.com\/noticias\/wp-json\/wp\/v2\/posts\/44435\/revisions"}],"wp:featuredmedia":[{"embeddable":true,"href":"https:\/\/mussicom.com\/noticias\/wp-json\/wp\/v2\/media\/44436"}],"wp:attachment":[{"href":"https:\/\/mussicom.com\/noticias\/wp-json\/wp\/v2\/media?parent=44435"}],"wp:term":[{"taxonomy":"category","embeddable":true,"href":"https:\/\/mussicom.com\/noticias\/wp-json\/wp\/v2\/categories?post=44435"},{"taxonomy":"post_tag","embeddable":true,"href":"https:\/\/mussicom.com\/noticias\/wp-json\/wp\/v2\/tags?post=44435"}],"curies":[{"name":"wp","href":"https:\/\/api.w.org\/{rel}","templated":true}]}}