{"id":44418,"date":"2025-09-18T06:57:31","date_gmt":"2025-09-18T09:57:31","guid":{"rendered":"https:\/\/mussicom.com\/anistia-de-verdade-e-anistia-tambem-para-bolsonaro-diz-vereador\/"},"modified":"2025-09-18T06:57:31","modified_gmt":"2025-09-18T09:57:31","slug":"anistia-de-verdade-e-anistia-tambem-para-bolsonaro-diz-vereador","status":"publish","type":"post","link":"https:\/\/mussicom.com\/noticias\/anistia-de-verdade-e-anistia-tambem-para-bolsonaro-diz-vereador\/","title":{"rendered":"Anistia de verdade \u00e9 anistia tamb\u00e9m para Bolsonaro, diz vereador"},"content":{"rendered":"<p> <br \/>\n<\/p>\n<div>\n<p class=\"postParagraph_post-paragraph-innerHtml__Q5vwc\">No programa \u00daltima An\u00e1lise desta ter\u00e7a-feira (16), os comentaristas analisaram a iminente vota\u00e7\u00e3o do regime de urg\u00eancia para um projeto de anistia na C\u00e2mara dos Deputados. De um lado, h\u00e1 inten\u00e7\u00e3o do governo Lula e do STF de implantar uma anistia &#8220;light&#8221;, ou seja, com redu\u00e7\u00e3o de penas para os envolvidos no 8\/1, mas n\u00e3o incluindo o ex-presidente Jair Bolsonaro e seus aliados diretos. Por outro, a oposi\u00e7\u00e3o vai lutar por uma anistia ampla, geral e irrestrita.<\/p>\n<p class=\"postParagraph_post-paragraph__juWZN\">A cientista pol\u00edtica J\u00falia Lucy diz que um processo de anistia sem Bolsonaro \u00e9 &#8220;absolutamente injusto&#8221;. Para ela, &#8220;o objetivo de tudo que foi feito at\u00e9 agora foi manter o ex-presidente fora do jogo eleitoral. Inclusive, ele tem sofrido at\u00e9 fisicamente e acaba de ser internado, por causa desta trama mentirosa e de um golpe que sequer foi tentado&#8221;.<\/p>\n<p class=\"postParagraph_post-paragraph__juWZN\">O vereador Guilherme Kilter afirma que n\u00e3o \u00e9 poss\u00edvel aceitar uma anistia que n\u00e3o contemple a todos pois, ele explica, n\u00e3o seria sequer uma anistia de verdade. &#8220;Esta hist\u00f3ria me lembra aquela do ex-primeiro ministro da Inglaterra, Winston Churchill, que disse que &#8216;entre a guerra e a desonra, voc\u00eas escolheram a desonra e ter\u00e3o a guerra&#8217;. Aceitar a anistia &#8216;light&#8217; \u00e9 escolher a desonra&#8221;, afirma o vereador.<\/p>\n<p class=\"postParagraph_post-paragraph__juWZN\">A bancada da oposi\u00e7\u00e3o, liderada pelo PL de Jair Bolsonaro, recebeu a promessa do presidente da C\u00e2mara, Hugo Motta (Republicanos-PB), de que o pedido de urg\u00eancia para o projeto de lei que anistia os presos de 8\/1 seja votado hoje (17) e agora pressiona para que o compromisso seja mantido.<\/p>\n<h2 class=\"postParagraph_post-paragraph__juWZN postParagraph_type-tag-h2__TtFkT\">Persegui\u00e7\u00e3o a Bolsonaro continua<\/h2>\n<p class=\"postParagraph_post-paragraph-innerHtml__Q5vwc\">A condi\u00e7\u00e3o delicada de sa\u00fade do ex-presidente Jair Bolsonaro (PL) o levou, mais uma vez, a buscar atendimento m\u00e9dico de emerg\u00eancia em Bras\u00edlia nesta ter\u00e7a-feira (17).\u00a0Bolsonaro j\u00e1 havia estado no hospital no domingo\u00a0(14) para um procedimento de retirada de les\u00f5es na pele.<\/p>\n<p class=\"postParagraph_post-paragraph__juWZN\">&#8220;Bolsonaro n\u00e3o \u00e9 qualquer preso. N\u00e3o \u00e9 qualquer pessoa condenada. Ele \u00e9 algu\u00e9m ref\u00e9m de tortura. O pr\u00f3prio Bolsonaro que disse isso, ainda antes de ser condenado&#8221;, afirma Kilter. Ele explica que o ex-presidente \u00e9 um perseguido pol\u00edtico e que o STF o usa, desde ent\u00e3o, como um verdadeiro trof\u00e9u.<\/p>\n<p class=\"postParagraph_post-paragraph-innerHtml__Q5vwc\">O programa \u00daltima An\u00e1lise faz parte do conte\u00fado jornal\u00edstico ao vivo da Gazeta do Povo, no YouTube. O hor\u00e1rio de exibi\u00e7\u00e3o \u00e9 das 19h \u00e0s 20h30, de segunda a sexta-feira. A proposta \u00e9 discutir de forma racional, aprofundada e respeitosa alguns dos temas desafiadores para os rumos do pa\u00eds.<\/p>\n<p><iframe title=\"Lula, Hugo Motta e STF inventam anistia fake, que n\u00e3o repara injusti\u00e7as | \u00daLTIMA AN\u00c1LISE\" width=\"800\" height=\"450\" src=\"https:\/\/www.youtube.com\/embed\/tdHjjzna0fE?feature=oembed\" frameborder=\"0\" allow=\"accelerometer; autoplay; clipboard-write; encrypted-media; gyroscope; picture-in-picture; web-share\" referrerpolicy=\"strict-origin-when-cross-origin\" allowfullscreen><\/iframe><\/p>\n<\/div>\n<p><br \/>\n<br \/>Fonte: <a href=\"https:\/\/www.gazetadopovo.com.br\/republica\/anistia-de-verdade-anistia-tambem-para-bolsonaro-vereador\/\">Revista Oeste<\/a><\/p>\n","protected":false},"excerpt":{"rendered":"<p>No programa \u00daltima An\u00e1lise desta ter\u00e7a-feira (16), os comentaristas analisaram a iminente vota\u00e7\u00e3o do regime de urg\u00eancia para um projeto de anistia na C\u00e2mara dos Deputados. De um lado, h\u00e1 inten\u00e7\u00e3o do governo Lula e do STF de implantar uma anistia &#8220;light&#8221;, ou seja, com redu\u00e7\u00e3o de penas para os envolvidos no 8\/1, mas n\u00e3o [&hellip;]<\/p>\n","protected":false},"author":5,"featured_media":44419,"comment_status":"open","ping_status":"open","sticky":false,"template":"","format":"standard","meta":{"_seopress_robots_primary_cat":"","_seopress_titles_title":"","_seopress_titles_desc":"","_seopress_robots_index":"","footnotes":""},"categories":[1],"tags":[],"class_list":["post-44418","post","type-post","status-publish","format-standard","has-post-thumbnail","hentry","category-ultimas-noticias"],"_links":{"self":[{"href":"https:\/\/mussicom.com\/noticias\/wp-json\/wp\/v2\/posts\/44418","targetHints":{"allow":["GET"]}}],"collection":[{"href":"https:\/\/mussicom.com\/noticias\/wp-json\/wp\/v2\/posts"}],"about":[{"href":"https:\/\/mussicom.com\/noticias\/wp-json\/wp\/v2\/types\/post"}],"author":[{"embeddable":true,"href":"https:\/\/mussicom.com\/noticias\/wp-json\/wp\/v2\/users\/5"}],"replies":[{"embeddable":true,"href":"https:\/\/mussicom.com\/noticias\/wp-json\/wp\/v2\/comments?post=44418"}],"version-history":[{"count":0,"href":"https:\/\/mussicom.com\/noticias\/wp-json\/wp\/v2\/posts\/44418\/revisions"}],"wp:featuredmedia":[{"embeddable":true,"href":"https:\/\/mussicom.com\/noticias\/wp-json\/wp\/v2\/media\/44419"}],"wp:attachment":[{"href":"https:\/\/mussicom.com\/noticias\/wp-json\/wp\/v2\/media?parent=44418"}],"wp:term":[{"taxonomy":"category","embeddable":true,"href":"https:\/\/mussicom.com\/noticias\/wp-json\/wp\/v2\/categories?post=44418"},{"taxonomy":"post_tag","embeddable":true,"href":"https:\/\/mussicom.com\/noticias\/wp-json\/wp\/v2\/tags?post=44418"}],"curies":[{"name":"wp","href":"https:\/\/api.w.org\/{rel}","templated":true}]}}