{"id":44329,"date":"2025-09-17T21:09:14","date_gmt":"2025-09-18T00:09:14","guid":{"rendered":"https:\/\/mussicom.com\/lil-nas-x-recebe-tratamento-medico-apos-incidente-com-policia\/"},"modified":"2025-09-17T21:09:14","modified_gmt":"2025-09-18T00:09:14","slug":"lil-nas-x-recebe-tratamento-medico-apos-incidente-com-policia","status":"publish","type":"post","link":"https:\/\/mussicom.com\/noticias\/lil-nas-x-recebe-tratamento-medico-apos-incidente-com-policia\/","title":{"rendered":"Lil Nas X recebe tratamento m\u00e9dico ap\u00f3s incidente com pol\u00edcia"},"content":{"rendered":"<p> <br \/>\n<\/p>\n<div>\n<p class=\"whitespace-normal break-words\"><strong>Montero Lamar Hill<\/strong>, conhecido artisticamente como <strong>Lil Nas X<\/strong>, encontra-se em tratamento m\u00e9dico hospitalar ap\u00f3s ser preso no m\u00eas passado por supostas agress\u00f5es a policiais em Los Angeles. A informa\u00e7\u00e3o foi confirmada por seus advogados durante audi\u00eancia judicial realizada na segunda-feira (15).<\/p>\n<p class=\"whitespace-normal break-words\">O cantor de 26 anos se declarou inocente de tr\u00eas acusa\u00e7\u00f5es de agress\u00e3o com les\u00f5es corporais contra agentes policiais e uma acusa\u00e7\u00e3o criminal de resistir a oficial p\u00fablico. Os incidentes teriam ocorrido no dia 21 de agosto, quando <strong>Hill<\/strong> foi encontrado caminhando sem roupas por uma rua de Studio City, bairro de Los Angeles.<\/p>\n<p class=\"whitespace-normal break-words\">A ju\u00edza <strong>Shellie Samuels<\/strong>, do condado de Los Angeles, autorizou que o m\u00fasico permane\u00e7a fora do estado californiano durante o per\u00edodo de tratamento. \u201cO r\u00e9u pode continuar fora do estado enquanto estiver em tratamento\u201d, declarou a magistrada, segundo informa\u00e7\u00f5es da <em><strong>Rolling Stone<\/strong><\/em>.<\/p>\n<p class=\"whitespace-normal break-words\"><strong>Drew Findling<\/strong>, advogado de <strong>Hill<\/strong>, confirmou que a equipe jur\u00eddica est\u00e1 \u201clidando com essas quest\u00f5es\u201d e descreveu a situa\u00e7\u00e3o como \u201cum obst\u00e1culo que ele vai superar\u201d. O defensor enfatizou que as decis\u00f5es est\u00e3o sendo tomadas considerando o bem-estar pessoal e profissional do artista.<\/p>\n<p class=\"whitespace-normal break-words\">\u201cEle est\u00e1 cercado por uma fam\u00edlia incr\u00edvel e uma equipe de pessoas que se importam com ele e o amam\u201d, afirmou <strong>Findling<\/strong> em declara\u00e7\u00e3o \u00e0 imprensa.<\/p>\n<p class=\"whitespace-normal break-words\">Segundo o escrit\u00f3rio do promotor distrital de Los Angeles, <strong>Hill<\/strong> teria agredido tr\u00eas oficiais que tentavam det\u00ea-lo durante a madrugada do incidente. O caso gerou repercuss\u00e3o nas redes sociais, onde o pr\u00f3prio artista se pronunciou dias depois.<\/p>\n<p class=\"whitespace-normal break-words\">\u201cSua garota vai ficar bem, pessoal. Isso foi aterrorizante. Os \u00faltimos quatro dias foram aterrorizantes, mas sua garota vai ficar bem\u201d, disse <strong>Hill<\/strong> em v\u00eddeo publicado em suas redes sociais ap\u00f3s a ocorr\u00eancia.<\/p>\n<p class=\"whitespace-normal break-words\"><strong>Lil Nas X<\/strong> alcan\u00e7ou fama mundial em 2018 com <strong>\u201cOld Town Road\u201d<\/strong>, que permaneceu no topo das paradas americanas por 19 semanas consecutivas, estabelecendo novo recorde. O sucesso rendeu ao artista dois pr\u00eamios <strong>Grammy<\/strong> e consolidou sua posi\u00e7\u00e3o no cen\u00e1rio musical americano.<\/p>\n<p class=\"whitespace-normal break-words\">As acusa\u00e7\u00f5es podem resultar em pena de at\u00e9 cinco anos de pris\u00e3o caso haja condena\u00e7\u00e3o. O pr\u00f3ximo passo do processo judicial ainda n\u00e3o foi divulgado pelas autoridades competentes.<\/p>\n<p><strong>+++ LEIA MAIS: Pai de Lil Nas X culpa \u2018press\u00e3o\u2019 da fama pelo recente colapso e pris\u00e3o do filho<br \/>+++ LEIA MAIS: Lil Nas X \u00e9 hospitalizado ap\u00f3s ficar com rosto paralisado<br \/><\/strong><\/p>\n<div class=\"author-box clearfix mb-4\">\n<div class=\"d-flex align-items-center\">\n<div class=\"author-avatar\">\n        &#13;<br \/>\n          \n      <\/div>\n<div class=\"author-info ms-3\">\n<p>Nascida na Argentina mas radicada no Brasil h\u00e1 mais de 15 anos, Daniela achou na m\u00fasica sua linguagem universal. Formada em radialismo pela UNESP, virou pesquisadora criativa e firmou seu p\u00e9 no jornalismo musical no portal Popload. Gateira, durante a semana procura a sua pr\u00f3xima banda favorita e aos finais de semana sempre acha um bom show para assistir.<\/p>\n<\/p><\/div>\n<\/p><\/div>\n<\/p><\/div>\n<\/p><\/div>\n<p><br \/>\n<br \/>Fonte: <a href=\"https:\/\/rollingstone.com.br\/musica\/lil-nas-x-recebe-tratamento-medico-apos-incidente-com-policia\/\">rollingstone.com.br<\/a><\/p>\n","protected":false},"excerpt":{"rendered":"<p>Montero Lamar Hill, conhecido artisticamente como Lil Nas X, encontra-se em tratamento m\u00e9dico hospitalar ap\u00f3s ser preso no m\u00eas passado por supostas agress\u00f5es a policiais em Los Angeles. A informa\u00e7\u00e3o foi confirmada por seus advogados durante audi\u00eancia judicial realizada na segunda-feira (15). O cantor de 26 anos se declarou inocente de tr\u00eas acusa\u00e7\u00f5es de agress\u00e3o [&hellip;]<\/p>\n","protected":false},"author":5,"featured_media":44330,"comment_status":"open","ping_status":"open","sticky":false,"template":"","format":"standard","meta":{"_seopress_robots_primary_cat":"","_seopress_titles_title":"","_seopress_titles_desc":"","_seopress_robots_index":"","footnotes":""},"categories":[51],"tags":[],"class_list":["post-44329","post","type-post","status-publish","format-standard","has-post-thumbnail","hentry","category-musica"],"_links":{"self":[{"href":"https:\/\/mussicom.com\/noticias\/wp-json\/wp\/v2\/posts\/44329","targetHints":{"allow":["GET"]}}],"collection":[{"href":"https:\/\/mussicom.com\/noticias\/wp-json\/wp\/v2\/posts"}],"about":[{"href":"https:\/\/mussicom.com\/noticias\/wp-json\/wp\/v2\/types\/post"}],"author":[{"embeddable":true,"href":"https:\/\/mussicom.com\/noticias\/wp-json\/wp\/v2\/users\/5"}],"replies":[{"embeddable":true,"href":"https:\/\/mussicom.com\/noticias\/wp-json\/wp\/v2\/comments?post=44329"}],"version-history":[{"count":0,"href":"https:\/\/mussicom.com\/noticias\/wp-json\/wp\/v2\/posts\/44329\/revisions"}],"wp:featuredmedia":[{"embeddable":true,"href":"https:\/\/mussicom.com\/noticias\/wp-json\/wp\/v2\/media\/44330"}],"wp:attachment":[{"href":"https:\/\/mussicom.com\/noticias\/wp-json\/wp\/v2\/media?parent=44329"}],"wp:term":[{"taxonomy":"category","embeddable":true,"href":"https:\/\/mussicom.com\/noticias\/wp-json\/wp\/v2\/categories?post=44329"},{"taxonomy":"post_tag","embeddable":true,"href":"https:\/\/mussicom.com\/noticias\/wp-json\/wp\/v2\/tags?post=44329"}],"curies":[{"name":"wp","href":"https:\/\/api.w.org\/{rel}","templated":true}]}}