{"id":44285,"date":"2025-09-17T17:05:27","date_gmt":"2025-09-17T20:05:27","guid":{"rendered":"https:\/\/mussicom.com\/que-horas-estreia-the-paper-serie-derivada-de-the-office-no-brasil\/"},"modified":"2025-09-17T17:05:27","modified_gmt":"2025-09-17T20:05:27","slug":"que-horas-estreia-the-paper-serie-derivada-de-the-office-no-brasil","status":"publish","type":"post","link":"https:\/\/mussicom.com\/noticias\/que-horas-estreia-the-paper-serie-derivada-de-the-office-no-brasil\/","title":{"rendered":"Que horas estreia &#8216;The Paper&#8217;, s\u00e9rie derivada de &#8216;The Office&#8217;, no Brasil?"},"content":{"rendered":"<p> <br \/>\n<\/p>\n<div>\n<p>Lan\u00e7ada no in\u00edcio do m\u00eas nos Estados Unidos, <strong><em>The Paper<\/em><\/strong>,\u00a0<em>spin-off\u00a0<\/em>de <strong><em>The Office<\/em><\/strong> (2005-2013), estreia nesta quinta-feira, dia 18 de setembro, nas plataformas digitais brasileiras. Mas que horas e onde assistir \u00e0 novidade, que mostra a rotina de funcion\u00e1rios em um novo escrit\u00f3rio?<\/p>\n<h2><strong>Qual \u00e9 a hist\u00f3ria <em>The Paper<\/em>, <em>spin-off<\/em> de\u00a0<em>The Office<\/em>?<\/strong><\/h2>\n<p>Em\u00a0<strong><em>The Office<\/em><\/strong>, os funcion\u00e1rios da empresa de papel\u00a0Dunder-Mifflin, situada em Scranton, na Pensilv\u00e2nia, precisam lidar com um ambiente de trabalho ca\u00f3tico criado pelo chefe da equipe,\u00a0<strong>Michael Scott\u00a0<\/strong>(<strong>Steve Carell<\/strong>, <em>The Morning Show<\/em>).<\/p>\n<p>Por\u00e9m, em\u00a0<strong><em>The Paper<\/em><\/strong>, o novo escrit\u00f3rio, na verdade, \u00e9 uma reda\u00e7\u00e3o jornal\u00edstica. <em>\u201cA equipe de document\u00e1rio, que imortalizou a filial de Dunder Mifflin, em Scranton, est\u00e1 em busca de um novo assunto quando descobre um jornal hist\u00f3rico do meio-oeste moribundo e uma editora tentando reviv\u00ea-lo com rep\u00f3rteres volunt\u00e1rios\u201d<\/em>, diz a sinopse oficial.<\/p>\n<h2><strong>Quem est\u00e1 no elenco de\u00a0<em>The Paper<\/em>?<\/strong><\/h2>\n<p>Apesar de situada no mesmo universo de\u00a0<strong><em>The Office<\/em><\/strong>,\u00a0<strong><em>The Paper<\/em><\/strong>, por enquanto, conta com o retorno de apenas um personagem da s\u00e9rie original: <strong>Oscar Martinez<\/strong>, vivido pelo ator <strong>Oscar Nu\u00f1ez<\/strong>. Aparentemente, ele ser\u00e1 um dos funcion\u00e1rios na novidade, como indicou a primeira imagem divulgada da s\u00e9rie. Confira:<\/p>\n<blockquote class=\"twitter-tweet\">\n<p dir=\"ltr\" lang=\"en\">First look at the <a href=\"https:\/\/twitter.com\/hashtag\/TheOffice?src=hash&amp;ref_src=twsrc%5Etfw\">#TheOffice<\/a> follow-up series \u2014 \u2018The Paper\u2019 \ud83d\uddde\ufe0f<\/p>\n<p>Premiering September 2025 on Peacock <a href=\"https:\/\/t.co\/ta5CVL3JHn\">pic.twitter.com\/ta5CVL3JHn<\/a><\/p>\n<p>\u2014 Culture Crave \ud83c\udf7f (@CultureCrave) <a href=\"https:\/\/twitter.com\/CultureCrave\/status\/1921966503961800718?ref_src=twsrc%5Etfw\">May 12, 2025<\/a><\/p>\n<\/blockquote>\n<p>O elenco de\u00a0<strong><em>The Paper<\/em><\/strong> ainda conta com <strong>Domhnall Gleeson<\/strong> (<em>Harry Potter<\/em>), <strong>Sabrina Impacciatore<\/strong> (<em>The White Lotus<\/em>), <strong>Melvin Gregg<\/strong> (<em>American Vandal<\/em>), <strong>Chelsea Frei<\/strong> (<em>A Lista da Minha Vida<\/em>), <strong>Ramona Young<\/strong> (<em>Eu Nunca\u2026<\/em>) e <strong>Gbemisola Ikumelo<\/strong> (<em>Uma Equipe Muito Especial<\/em>), entre outros.<\/p>\n<h2><strong>Que horas estreia <em>The Paper<\/em>?<\/strong><\/h2>\n<p>Apenas duas semanas ap\u00f3s estrear nos Estados Unidos, <strong><em>The Paper<\/em><\/strong> chega <strong>ao cat\u00e1logo da HBO Max<\/strong> <strong>nesta quinta-feira, dia 18 de setembro, a partir das 4h da manh\u00e3<\/strong> (pelo hor\u00e1rio de Bras\u00edlia). Assista ao trailer a seguir:<\/p>\n<blockquote class=\"twitter-tweet\">\n<p dir=\"ltr\" lang=\"pt\">Se Scranton tinha papel, aqui tem not\u00edcia (e muito caos)! \ud83d\udcf0<\/p>\n<p>Do mesmo universo de The Office, vem a\u00ed <a href=\"https:\/\/twitter.com\/hashtag\/ThePaper?src=hash&amp;ref_src=twsrc%5Etfw\">#ThePaper<\/a>. Estreia dia 18 de setembro na HBO Max. <a href=\"https:\/\/t.co\/fS2TGo6Gbm\">pic.twitter.com\/fS2TGo6Gbm<\/a><\/p>\n<p>\u2014 HBO Max Brasil (@StreamMaxBR) <a href=\"https:\/\/twitter.com\/StreamMaxBR\/status\/1967604659599626697?ref_src=twsrc%5Etfw\">September 15, 2025<\/a><\/p>\n<\/blockquote>\n<p><strong>LEIA TAMB\u00c9M:<\/strong> Steve Carell estar\u00e1 em nova s\u00e9rie do universo de <em>The Office<\/em>? Ator responde<\/p>\n<\/p><\/div>\n<p><script async src=\"\/\/platform.twitter.com\/widgets.js\" charset=\"utf-8\"><\/script><br \/>\n<br \/><br \/>\n<br \/>Fonte: <a href=\"https:\/\/rollingstone.com.br\/tv\/que-horas-estreia-the-paper-serie-derivada-de-the-office-no-brasil\/\">rollingstone.com.br<\/a><\/p>\n","protected":false},"excerpt":{"rendered":"<p>Lan\u00e7ada no in\u00edcio do m\u00eas nos Estados Unidos, The Paper,\u00a0spin-off\u00a0de The Office (2005-2013), estreia nesta quinta-feira, dia 18 de setembro, nas plataformas digitais brasileiras. Mas que horas e onde assistir \u00e0 novidade, que mostra a rotina de funcion\u00e1rios em um novo escrit\u00f3rio? Qual \u00e9 a hist\u00f3ria The Paper, spin-off de\u00a0The Office? Em\u00a0The Office, os funcion\u00e1rios [&hellip;]<\/p>\n","protected":false},"author":5,"featured_media":44286,"comment_status":"open","ping_status":"open","sticky":false,"template":"","format":"standard","meta":{"_seopress_robots_primary_cat":"","_seopress_titles_title":"","_seopress_titles_desc":"","_seopress_robots_index":"","footnotes":""},"categories":[51],"tags":[],"class_list":["post-44285","post","type-post","status-publish","format-standard","has-post-thumbnail","hentry","category-musica"],"_links":{"self":[{"href":"https:\/\/mussicom.com\/noticias\/wp-json\/wp\/v2\/posts\/44285","targetHints":{"allow":["GET"]}}],"collection":[{"href":"https:\/\/mussicom.com\/noticias\/wp-json\/wp\/v2\/posts"}],"about":[{"href":"https:\/\/mussicom.com\/noticias\/wp-json\/wp\/v2\/types\/post"}],"author":[{"embeddable":true,"href":"https:\/\/mussicom.com\/noticias\/wp-json\/wp\/v2\/users\/5"}],"replies":[{"embeddable":true,"href":"https:\/\/mussicom.com\/noticias\/wp-json\/wp\/v2\/comments?post=44285"}],"version-history":[{"count":0,"href":"https:\/\/mussicom.com\/noticias\/wp-json\/wp\/v2\/posts\/44285\/revisions"}],"wp:featuredmedia":[{"embeddable":true,"href":"https:\/\/mussicom.com\/noticias\/wp-json\/wp\/v2\/media\/44286"}],"wp:attachment":[{"href":"https:\/\/mussicom.com\/noticias\/wp-json\/wp\/v2\/media?parent=44285"}],"wp:term":[{"taxonomy":"category","embeddable":true,"href":"https:\/\/mussicom.com\/noticias\/wp-json\/wp\/v2\/categories?post=44285"},{"taxonomy":"post_tag","embeddable":true,"href":"https:\/\/mussicom.com\/noticias\/wp-json\/wp\/v2\/tags?post=44285"}],"curies":[{"name":"wp","href":"https:\/\/api.w.org\/{rel}","templated":true}]}}