{"id":44273,"date":"2025-09-17T15:58:16","date_gmt":"2025-09-17T18:58:16","guid":{"rendered":"https:\/\/mussicom.com\/familia-diz-que-exames-comprovaram-que-navalny-foi-envenenado\/"},"modified":"2025-09-17T15:58:16","modified_gmt":"2025-09-17T18:58:16","slug":"familia-diz-que-exames-comprovaram-que-navalny-foi-envenenado","status":"publish","type":"post","link":"https:\/\/mussicom.com\/noticias\/familia-diz-que-exames-comprovaram-que-navalny-foi-envenenado\/","title":{"rendered":"Fam\u00edlia diz que exames comprovaram que Navalny foi envenenado"},"content":{"rendered":"<p> <br \/>\n<\/p>\n<div>\n<p class=\"postParagraph_post-paragraph__juWZN\">An\u00e1lises cl\u00ednicas de v\u00e1rios laborat\u00f3rios estrangeiros demonstram que o falecido l\u00edder opositor russo Alexei Navalny foi envenenado durante sua reclus\u00e3o em uma pris\u00e3o na R\u00fassia, segundo denunciou nesta quarta-feira (17) no X sua vi\u00fava, Yulia Navalnaya.<\/p>\n<p class=\"postParagraph_post-paragraph__juWZN\">\u201cConseguimos transferir o material biol\u00f3gico de Navalny para o exterior. Laborat\u00f3rios em dois pa\u00edses diferentes realizaram exames. Estes laborat\u00f3rios conclu\u00edram independentemente um do outro que Alexei foi envenenado\u201d, escreveu Navalnaya, residente na Alemanha.<\/p>\n<p class=\"postParagraph_post-paragraph__juWZN\">A vi\u00fava do opositor, que acusou o ditador russo, Vladimir Putin, de ordenar o assassinato de seu marido, enfatizou que \u201cestes resultados s\u00e3o de import\u00e2ncia p\u00fablica e devem ser publicados\u201d. \u201cTodos n\u00f3s merecemos saber a verdade\u201d, destacou.<\/p>\n<p class=\"postParagraph_post-paragraph__juWZN\">Navalnaya tamb\u00e9m publicou um v\u00eddeo de quase cinco minutos no qual denunciou: \u201cMeu marido, Alexei Navalny, foi envenenado. Estas n\u00e3o s\u00e3o palavras vazias e tenho todos os motivos para diz\u00ea-lo\u201d.<\/p>\n<p class=\"postParagraph_post-paragraph__juWZN\">\u201cEle morreu em uma col\u00f4nia penal al\u00e9m do C\u00edrculo Polar \u00c1rtico, para a qual foi transferido dois meses antes de sua morte, claramente, de prop\u00f3sito. Durante os tr\u00eas anos que passou atr\u00e1s das grades, sua sa\u00fade piorou e piorou. Eles n\u00e3o queriam apenas mat\u00e1-lo. Tentaram destru\u00ed-lo. Atormentaram-no com fome, frio e isolamento total\u201d, declarou.<\/p>\n<p class=\"postParagraph_post-paragraph__juWZN\">A vi\u00fava relatou que \u201cem 16 de fevereiro de 2024, por volta das 12h10, Alexei foi levado para sua caminhada programada. Ele fazia essas caminhadas praticamente na pr\u00f3pria cela (&#8230;). Pouco depois do in\u00edcio da caminhada, Alexei bateu na porta e disse que estava se sentindo mal. Quando a porta foi aberta, ele estava agachado no ch\u00e3o e repetia que estava se sentindo mal. Eles nem sequer o levaram para a unidade m\u00e9dica, mas de volta para a cela de castigo\u201d.<\/p>\n<p class=\"postParagraph_post-paragraph__juWZN\">\u201cA ambul\u00e2ncia foi chamada mais de 40 minutos depois que Alexei come\u00e7ou a se sentir mal. Nesse momento, ele j\u00e1 estava inconsciente e a equipe m\u00e9dica tentou reanim\u00e1-lo sem sucesso. \u00c0s 14h23, o monitor card\u00edaco parou de mostrar atividade\u201d, acrescentou.<\/p>\n<p class=\"postParagraph_post-paragraph__juWZN\">A esse respeito, o porta-voz do Kremlin, Dmitry Peskov, se recusou a comentar nesta quarta-feira as acusa\u00e7\u00f5es durante sua entrevista coletiva di\u00e1ria por telefone.<\/p>\n<p class=\"postParagraph_post-paragraph__juWZN\">O Tribunal Urbano da cidade de Salekhard, no \u00c1rtico russo, rejeitou na ter\u00e7a-feira um pedido da m\u00e3e do falecido opositor russo, que exigia a abertura de um processo criminal pelo assassinato de seu filho na pris\u00e3o.<\/p>\n<p class=\"postParagraph_post-paragraph__juWZN\">\u201cO Tribunal Urbano de Salekhard encerrou hoje o processo, ao declarar que a recusa em abrir um processo \u2018n\u00e3o afeta seus direitos e interesses\u2019\u201d, escreveu a vi\u00fava do ativista no Telegram ao informar sobre o pedido de sua sogra, Lyudmila Navalnaya.<\/p>\n<p class=\"postParagraph_post-paragraph__juWZN\">Segundo a vi\u00fava de Navalny, &#8220;desde 17 de fevereiro de 2024, exigimos a abertura de um processo criminal pelo assassinato de Alexei\u201d. \u201cO Comit\u00ea de Instru\u00e7\u00e3o nos negou v\u00e1rias vezes, e a m\u00e3e de Alexei recorreu das recusas na Justi\u00e7a\u201d, mas o tribunal rejeitou o caso, acrescentou.<\/p>\n<p class=\"postParagraph_post-paragraph__juWZN\">Navalny morreu em 16 de fevereiro de 2024 de forma repentina na pris\u00e3o \u00e1rtica na qual cumpria uma pena de quase 30 anos de pris\u00e3o por diversas acusa\u00e7\u00f5es feitas pela ditadura russa.<\/p>\n<p class=\"postParagraph_post-paragraph__juWZN\">Embora as autoridades russas aleguem que o l\u00edder opositor faleceu devido a uma arritmia, a fam\u00edlia, seus correligion\u00e1rios e as chancelarias ocidentais classificaram sua morte como um assassinato.<\/p>\n<p class=\"postParagraph_post-paragraph__juWZN\">Putin afirmou posteriormente que havia dado o aval para a libera\u00e7\u00e3o de Navalny em uma troca de prisioneiros, mas os aliados do opositor asseguram o contr\u00e1rio, que ele morreu porque o chefe do Kremlin impediu sua troca por outro preso russo que cumpria pena em uma pris\u00e3o ocidental.<\/p>\n<\/div>\n<p><br \/>\n<br \/>Fonte: <a href=\"https:\/\/www.gazetadopovo.com.br\/mundo\/familia-diz-que-exames-comprovaram-que-navalny-foi-envenenado\/\">Revista Oeste<\/a><\/p>\n","protected":false},"excerpt":{"rendered":"<p>An\u00e1lises cl\u00ednicas de v\u00e1rios laborat\u00f3rios estrangeiros demonstram que o falecido l\u00edder opositor russo Alexei Navalny foi envenenado durante sua reclus\u00e3o em uma pris\u00e3o na R\u00fassia, segundo denunciou nesta quarta-feira (17) no X sua vi\u00fava, Yulia Navalnaya. \u201cConseguimos transferir o material biol\u00f3gico de Navalny para o exterior. Laborat\u00f3rios em dois pa\u00edses diferentes realizaram exames. Estes laborat\u00f3rios [&hellip;]<\/p>\n","protected":false},"author":5,"featured_media":44274,"comment_status":"open","ping_status":"open","sticky":false,"template":"","format":"standard","meta":{"_seopress_robots_primary_cat":"","_seopress_titles_title":"","_seopress_titles_desc":"","_seopress_robots_index":"","footnotes":""},"categories":[48],"tags":[],"class_list":["post-44273","post","type-post","status-publish","format-standard","has-post-thumbnail","hentry","category-internacional"],"_links":{"self":[{"href":"https:\/\/mussicom.com\/noticias\/wp-json\/wp\/v2\/posts\/44273","targetHints":{"allow":["GET"]}}],"collection":[{"href":"https:\/\/mussicom.com\/noticias\/wp-json\/wp\/v2\/posts"}],"about":[{"href":"https:\/\/mussicom.com\/noticias\/wp-json\/wp\/v2\/types\/post"}],"author":[{"embeddable":true,"href":"https:\/\/mussicom.com\/noticias\/wp-json\/wp\/v2\/users\/5"}],"replies":[{"embeddable":true,"href":"https:\/\/mussicom.com\/noticias\/wp-json\/wp\/v2\/comments?post=44273"}],"version-history":[{"count":0,"href":"https:\/\/mussicom.com\/noticias\/wp-json\/wp\/v2\/posts\/44273\/revisions"}],"wp:featuredmedia":[{"embeddable":true,"href":"https:\/\/mussicom.com\/noticias\/wp-json\/wp\/v2\/media\/44274"}],"wp:attachment":[{"href":"https:\/\/mussicom.com\/noticias\/wp-json\/wp\/v2\/media?parent=44273"}],"wp:term":[{"taxonomy":"category","embeddable":true,"href":"https:\/\/mussicom.com\/noticias\/wp-json\/wp\/v2\/categories?post=44273"},{"taxonomy":"post_tag","embeddable":true,"href":"https:\/\/mussicom.com\/noticias\/wp-json\/wp\/v2\/tags?post=44273"}],"curies":[{"name":"wp","href":"https:\/\/api.w.org\/{rel}","templated":true}]}}