{"id":44234,"date":"2025-09-17T11:54:26","date_gmt":"2025-09-17T14:54:26","guid":{"rendered":"https:\/\/mussicom.com\/vice-secretario-de-estado-diz-que-moraes-gerou-crise-com-os-eua\/"},"modified":"2025-09-17T11:54:26","modified_gmt":"2025-09-17T14:54:26","slug":"vice-secretario-de-estado-diz-que-moraes-gerou-crise-com-os-eua","status":"publish","type":"post","link":"https:\/\/mussicom.com\/noticias\/vice-secretario-de-estado-diz-que-moraes-gerou-crise-com-os-eua\/","title":{"rendered":"Vice-secret\u00e1rio de Estado diz que Moraes gerou crise com os EUA"},"content":{"rendered":"<p> <br \/>\n<\/p>\n<div>\n<p class=\"postParagraph_post-paragraph__juWZN\">O vice-secret\u00e1rio do Departamento de Estado americano, Christopher Landau, voltou a se manifestar criticamente sobre o Brasil nesta quarta-feira (17), pedindo que o governo de Luiz In\u00e1cio Lula da Silva (PT) &#8220;controle&#8221; o magistrado Alexandre de Moraes, do Supremo Tribunal Federal (STF).<\/p>\n<p class=\"postParagraph_post-paragraph__juWZN\">&#8220;Os Estados Unidos continuam esperando que o Brasil controle seu descontrolado juiz Moraes, da Suprema Corte, antes que ele destrua completamente o relacionamento que nossos grandes pa\u00edses desfrutam h\u00e1 mais de dois s\u00e9culos&#8221;, escreveu Landau nas redes sociais.<\/p>\n<p class=\"postParagraph_post-paragraph__juWZN\">Segundo o vice-secret\u00e1rio de Estado americano, em vez de o Brasil resolver a crise, o pa\u00eds est\u00e1 &#8220;permitindo que esse violador de direitos humanos sancionado [se referindo a Moraes] intensifique seu abuso no \u00e2mbito judicial para seguir uma agenda descaradamente pol\u00edtica&#8221;.<\/p>\n<p class=\"postParagraph_post-paragraph__juWZN\">Landau voltou a defender a posi\u00e7\u00e3o do governo de Donald Trump de que seu pa\u00eds n\u00e3o permitir\u00e1 que o ministro Alexandre de Moraes &#8220;estenda seu regime de censura&#8221; para os Estados Unidos.<\/p>\n<p class=\"postParagraph_post-paragraph-innerHtml__Q5vwc\">Na segunda-feira (15), o secret\u00e1rio de Estado americano, Marco Rubio, informou que novas medidas contra o Brasil ser\u00e3o anunciadas na pr\u00f3xima semana. A declara\u00e7\u00e3o foi feita ap\u00f3s a condena\u00e7\u00e3o do ex-presidente Jair Bolsonaro no STF.<\/p>\n<\/div>\n<p><br \/>\n<br \/>Fonte: <a href=\"https:\/\/www.gazetadopovo.com.br\/mundo\/vice-secretario-estado-eua-pressiona-brasil-controle-descontrolado-juiz-moraes\/\">Revista Oeste<\/a><\/p>\n","protected":false},"excerpt":{"rendered":"<p>O vice-secret\u00e1rio do Departamento de Estado americano, Christopher Landau, voltou a se manifestar criticamente sobre o Brasil nesta quarta-feira (17), pedindo que o governo de Luiz In\u00e1cio Lula da Silva (PT) &#8220;controle&#8221; o magistrado Alexandre de Moraes, do Supremo Tribunal Federal (STF). &#8220;Os Estados Unidos continuam esperando que o Brasil controle seu descontrolado juiz Moraes, [&hellip;]<\/p>\n","protected":false},"author":5,"featured_media":43285,"comment_status":"open","ping_status":"open","sticky":false,"template":"","format":"standard","meta":{"_seopress_robots_primary_cat":"","_seopress_titles_title":"","_seopress_titles_desc":"","_seopress_robots_index":"","footnotes":""},"categories":[48],"tags":[],"class_list":["post-44234","post","type-post","status-publish","format-standard","has-post-thumbnail","hentry","category-internacional"],"_links":{"self":[{"href":"https:\/\/mussicom.com\/noticias\/wp-json\/wp\/v2\/posts\/44234","targetHints":{"allow":["GET"]}}],"collection":[{"href":"https:\/\/mussicom.com\/noticias\/wp-json\/wp\/v2\/posts"}],"about":[{"href":"https:\/\/mussicom.com\/noticias\/wp-json\/wp\/v2\/types\/post"}],"author":[{"embeddable":true,"href":"https:\/\/mussicom.com\/noticias\/wp-json\/wp\/v2\/users\/5"}],"replies":[{"embeddable":true,"href":"https:\/\/mussicom.com\/noticias\/wp-json\/wp\/v2\/comments?post=44234"}],"version-history":[{"count":0,"href":"https:\/\/mussicom.com\/noticias\/wp-json\/wp\/v2\/posts\/44234\/revisions"}],"wp:featuredmedia":[{"embeddable":true,"href":"https:\/\/mussicom.com\/noticias\/wp-json\/wp\/v2\/media\/43285"}],"wp:attachment":[{"href":"https:\/\/mussicom.com\/noticias\/wp-json\/wp\/v2\/media?parent=44234"}],"wp:term":[{"taxonomy":"category","embeddable":true,"href":"https:\/\/mussicom.com\/noticias\/wp-json\/wp\/v2\/categories?post=44234"},{"taxonomy":"post_tag","embeddable":true,"href":"https:\/\/mussicom.com\/noticias\/wp-json\/wp\/v2\/tags?post=44234"}],"curies":[{"name":"wp","href":"https:\/\/api.w.org\/{rel}","templated":true}]}}