{"id":44162,"date":"2025-09-17T03:37:22","date_gmt":"2025-09-17T06:37:22","guid":{"rendered":"https:\/\/mussicom.com\/brasil-e-camaroes-firmam-acordo-pelo-cacau-sustentavel\/"},"modified":"2025-09-17T03:37:22","modified_gmt":"2025-09-17T06:37:22","slug":"brasil-e-camaroes-firmam-acordo-pelo-cacau-sustentavel","status":"publish","type":"post","link":"https:\/\/mussicom.com\/noticias\/brasil-e-camaroes-firmam-acordo-pelo-cacau-sustentavel\/","title":{"rendered":"Brasil e Camar\u00f5es firmam acordo pelo cacau sustent\u00e1vel"},"content":{"rendered":"<p> <br \/>\n<\/p>\n<div>\n<p style=\"text-align:justify\">Com o objetivo de apoiar produtores brasileiros e camaroneses na promo\u00e7\u00e3o de um setor cacaueiro mais produtivo e sustent\u00e1vel, os Minist\u00e9rios da Agricultura e Pecu\u00e1ria (Mapa) do Brasil e da Agricultura de Camar\u00f5es firmaram, no dia 8 de setembro, em Bras\u00edlia, Memorando de Entendimento. Entre as metas estabelecidas no acordo bilateral est\u00e3o o interc\u00e2mbio de experi\u00eancias, inova\u00e7\u00f5es e tecnologias, a promo\u00e7\u00e3o do cooperativismo e o incentivo \u00e0 transforma\u00e7\u00e3o dos modelos de gest\u00e3o e comercializa\u00e7\u00e3o no setor.&#13;\n<\/p>\n<p style=\"text-align:justify\">As a\u00e7\u00f5es e o interc\u00e2mbio de experi\u00eancias previstos no ACT ser\u00e3o coordenados pela Comiss\u00e3o Executiva do Plano da Lavoura Cacaueira (Ceplac), do Mapa, e pela Sociedade de Desenvolvimento do Cacau (SODECACO), de Camar\u00f5es.<\/p>\n<p style=\"text-align:justify\">De acordo com o secret\u00e1rio de Inova\u00e7\u00e3o, Desenvolvimento Sustent\u00e1vel e Cooperativismo do Mapa, Pedro Neto, a assinatura representa uma etapa importante em todo o processo. \u201cNosso desafio agora \u00e9 fazer acontecer. \u00c9 compartilhar tecnologia, pr\u00e1ticas inovadoras e sustent\u00e1veis n\u00e3o apenas do ponto de vista clim\u00e1tico, mas tamb\u00e9m ambiental e econ\u00f4mico\u201d, destacou o secret\u00e1rio.<\/p>\n<p style=\"text-align:justify\">\u201cTemos, no Brasil, um plano de desenvolvimento para a cadeia produtiva do cacau que envolve uma produ\u00e7\u00e3o organizada, representa\u00e7\u00f5es consolidadas de produtores e ind\u00fastrias, al\u00e9m de uma governan\u00e7a com articula\u00e7\u00e3o internacional. Isso tem nos estimulado a nos reinventar e a buscar novos modelos de gest\u00e3o\u201d, completou Neto.&#13;\n<\/p>\n<p style=\"text-align:justify\">O embaixador de Camar\u00f5es, Martin Mbeng, expressou grande satisfa\u00e7\u00e3o com a parceria, destacando os in\u00fameros benef\u00edcios que ela poder\u00e1 proporcionar a ambos os pa\u00edses, reconhecidos internacionalmente como importantes produtores de cacau.<\/p>\n<p style=\"text-align:justify\">Estiveram presentes ao ato o diretor da Ceplac, Thiago Guedes, o coordenador de Coopera\u00e7\u00e3o Internacional da Secretaria de Com\u00e9rcio e Rela\u00e7\u00f5es Internacionais do Mapa, Lucas Fiuza de Moraes, o ministro-conselheiro da Embaixada de Camar\u00f5es, Martial Tchenzette, e o primeiro-secret\u00e1rio da Embaixada de Camar\u00f5es, Didier Mendomo.<\/p>\n<p style=\"text-align:justify\">\u00a0<\/p>\n<\/p><\/div>\n<p><script data-cfasync=\"false\">\n    !function (f, b, e, v, n, t, s) {\n        if (f.fbq) return; n = f.fbq = function () {\n            n.callMethod ?\n                n.callMethod.apply(n, arguments) : n.queue.push(arguments)\n        };\n        if (!f._fbq) f._fbq = n; n.push = n; n.loaded = !0; n.version = '2.0';\n        n.queue = []; t = b.createElement(e); t.async = !0;\n        t.src = v; s = b.getElementsByTagName(e)[0];\n        s.parentNode.insertBefore(t, s)\n    }(window, document, 'script',\n        'https:\/\/connect.facebook.net\/en_US\/fbevents.js');\n    fbq('init', '522546078623747');\n    fbq('track', 'PageView');\n<\/script><br \/>\n<br \/><br \/>\n<br \/>Fonte: <a href=\"https:\/\/www.agrolink.com.br\/noticias\/brasil-e-camaroes-assinam-acordo-bilateral-para-fomentar-avancos-e-sustentabilidade-na-producao-cacaueira_506011.html\">AGROLINK<\/a><\/p>\n","protected":false},"excerpt":{"rendered":"<p>Com o objetivo de apoiar produtores brasileiros e camaroneses na promo\u00e7\u00e3o de um setor cacaueiro mais produtivo e sustent\u00e1vel, os Minist\u00e9rios da Agricultura e Pecu\u00e1ria (Mapa) do Brasil e da Agricultura de Camar\u00f5es firmaram, no dia 8 de setembro, em Bras\u00edlia, Memorando de Entendimento. Entre as metas estabelecidas no acordo bilateral est\u00e3o o interc\u00e2mbio de [&hellip;]<\/p>\n","protected":false},"author":5,"featured_media":44163,"comment_status":"open","ping_status":"open","sticky":false,"template":"","format":"standard","meta":{"_seopress_robots_primary_cat":"","_seopress_titles_title":"","_seopress_titles_desc":"","_seopress_robots_index":"","footnotes":""},"categories":[53],"tags":[],"class_list":["post-44162","post","type-post","status-publish","format-standard","has-post-thumbnail","hentry","category-agronegocio"],"_links":{"self":[{"href":"https:\/\/mussicom.com\/noticias\/wp-json\/wp\/v2\/posts\/44162","targetHints":{"allow":["GET"]}}],"collection":[{"href":"https:\/\/mussicom.com\/noticias\/wp-json\/wp\/v2\/posts"}],"about":[{"href":"https:\/\/mussicom.com\/noticias\/wp-json\/wp\/v2\/types\/post"}],"author":[{"embeddable":true,"href":"https:\/\/mussicom.com\/noticias\/wp-json\/wp\/v2\/users\/5"}],"replies":[{"embeddable":true,"href":"https:\/\/mussicom.com\/noticias\/wp-json\/wp\/v2\/comments?post=44162"}],"version-history":[{"count":0,"href":"https:\/\/mussicom.com\/noticias\/wp-json\/wp\/v2\/posts\/44162\/revisions"}],"wp:featuredmedia":[{"embeddable":true,"href":"https:\/\/mussicom.com\/noticias\/wp-json\/wp\/v2\/media\/44163"}],"wp:attachment":[{"href":"https:\/\/mussicom.com\/noticias\/wp-json\/wp\/v2\/media?parent=44162"}],"wp:term":[{"taxonomy":"category","embeddable":true,"href":"https:\/\/mussicom.com\/noticias\/wp-json\/wp\/v2\/categories?post=44162"},{"taxonomy":"post_tag","embeddable":true,"href":"https:\/\/mussicom.com\/noticias\/wp-json\/wp\/v2\/tags?post=44162"}],"curies":[{"name":"wp","href":"https:\/\/api.w.org\/{rel}","templated":true}]}}