{"id":44090,"date":"2025-09-16T19:38:14","date_gmt":"2025-09-16T22:38:14","guid":{"rendered":"https:\/\/mussicom.com\/equador-classifica-guarda-do-ira-como-organizacao-terrorista\/"},"modified":"2025-09-16T19:38:14","modified_gmt":"2025-09-16T22:38:14","slug":"equador-classifica-guarda-do-ira-como-organizacao-terrorista","status":"publish","type":"post","link":"https:\/\/mussicom.com\/noticias\/equador-classifica-guarda-do-ira-como-organizacao-terrorista\/","title":{"rendered":"Equador classifica Guarda do Ir\u00e3 como organiza\u00e7\u00e3o terrorista"},"content":{"rendered":"<p> <br \/>\n<\/p>\n<div>\n<p class=\"postParagraph_post-paragraph__juWZN\">O presidente do Equador, Daniel Noboa, determinou nesta ter\u00e7a-feira (16) que o Hamas, o Hezbollah e a Guarda Revolucion\u00e1ria Isl\u00e2mica do Ir\u00e3 sejam classificados como organiza\u00e7\u00f5es terroristas.<\/p>\n<p class=\"postParagraph_post-paragraph__juWZN\">Segundo informa\u00e7\u00f5es da ag\u00eancia EFE, Noboa afirmou em decreto que o Hamas e o Hezbollah constituem \u201cuma amea\u00e7a \u00e0 popula\u00e7\u00e3o nacional [do Equador], \u00e0 ordem estabelecida, \u00e0 soberania e \u00e0 integridade do Estado\u201d.<\/p>\n<p class=\"postParagraph_post-paragraph__juWZN\">A respeito da Guarda Revolucion\u00e1ria iraniana, o presidente se baseou em um relat\u00f3rio do Centro Nacional de Intelig\u00eancia que a classificou como uma \u201corganiza\u00e7\u00e3o terrorista com influ\u00eancia no Equador\u201d, descri\u00e7\u00e3o que tamb\u00e9m atribuiu ao Hamas e Hezbollah.<\/p>\n<p class=\"postParagraph_post-paragraph-innerHtml__Q5vwc\">Al\u00e9m do Equador, a Guarda Revolucion\u00e1ria do Ir\u00e3 \u00e9 designada como grupo terrorista por Paraguai, Bahrein, Canad\u00e1, Ar\u00e1bia Saudita, Su\u00e9cia, Estados Unidos e Israel. O governo da Austr\u00e1lia informou em agosto que tamb\u00e9m listar\u00e1 a guarda como uma organiza\u00e7\u00e3o terrorista.<\/p>\n<p class=\"postParagraph_post-paragraph__juWZN\">Em nota publicada no X, o Departamento de Estado americano elogiou a medida da gest\u00e3o Noboa.<\/p>\n<p class=\"postParagraph_post-paragraph__juWZN\">\u201cEsta a\u00e7\u00e3o ousada refor\u00e7a o compromisso do Equador em combater a rede terrorista do Ir\u00e3 e fortalecer a seguran\u00e7a em nosso hemisf\u00e9rio. Pedimos aos demais pa\u00edses da regi\u00e3o que ainda n\u00e3o o fizeram para que tomem a mesma medida\u201d, afirmou.<\/p>\n<\/div>\n<p><br \/>\n<br \/>Fonte: <a href=\"https:\/\/www.gazetadopovo.com.br\/mundo\/equador-classifica-guarda-revolucionaria-ira-hamas-hezbollah-organizacoes-terroristas\/\">Revista Oeste<\/a><\/p>\n","protected":false},"excerpt":{"rendered":"<p>O presidente do Equador, Daniel Noboa, determinou nesta ter\u00e7a-feira (16) que o Hamas, o Hezbollah e a Guarda Revolucion\u00e1ria Isl\u00e2mica do Ir\u00e3 sejam classificados como organiza\u00e7\u00f5es terroristas. Segundo informa\u00e7\u00f5es da ag\u00eancia EFE, Noboa afirmou em decreto que o Hamas e o Hezbollah constituem \u201cuma amea\u00e7a \u00e0 popula\u00e7\u00e3o nacional [do Equador], \u00e0 ordem estabelecida, \u00e0 soberania [&hellip;]<\/p>\n","protected":false},"author":5,"featured_media":44091,"comment_status":"open","ping_status":"open","sticky":false,"template":"","format":"standard","meta":{"_seopress_robots_primary_cat":"","_seopress_titles_title":"","_seopress_titles_desc":"","_seopress_robots_index":"","footnotes":""},"categories":[48],"tags":[],"class_list":["post-44090","post","type-post","status-publish","format-standard","has-post-thumbnail","hentry","category-internacional"],"_links":{"self":[{"href":"https:\/\/mussicom.com\/noticias\/wp-json\/wp\/v2\/posts\/44090","targetHints":{"allow":["GET"]}}],"collection":[{"href":"https:\/\/mussicom.com\/noticias\/wp-json\/wp\/v2\/posts"}],"about":[{"href":"https:\/\/mussicom.com\/noticias\/wp-json\/wp\/v2\/types\/post"}],"author":[{"embeddable":true,"href":"https:\/\/mussicom.com\/noticias\/wp-json\/wp\/v2\/users\/5"}],"replies":[{"embeddable":true,"href":"https:\/\/mussicom.com\/noticias\/wp-json\/wp\/v2\/comments?post=44090"}],"version-history":[{"count":0,"href":"https:\/\/mussicom.com\/noticias\/wp-json\/wp\/v2\/posts\/44090\/revisions"}],"wp:featuredmedia":[{"embeddable":true,"href":"https:\/\/mussicom.com\/noticias\/wp-json\/wp\/v2\/media\/44091"}],"wp:attachment":[{"href":"https:\/\/mussicom.com\/noticias\/wp-json\/wp\/v2\/media?parent=44090"}],"wp:term":[{"taxonomy":"category","embeddable":true,"href":"https:\/\/mussicom.com\/noticias\/wp-json\/wp\/v2\/categories?post=44090"},{"taxonomy":"post_tag","embeddable":true,"href":"https:\/\/mussicom.com\/noticias\/wp-json\/wp\/v2\/tags?post=44090"}],"curies":[{"name":"wp","href":"https:\/\/api.w.org\/{rel}","templated":true}]}}