{"id":44005,"date":"2025-09-16T10:26:57","date_gmt":"2025-09-16T13:26:57","guid":{"rendered":"https:\/\/mussicom.com\/santos-inaugura-novo-ponto-de-feira-organica\/"},"modified":"2025-09-16T10:26:57","modified_gmt":"2025-09-16T13:26:57","slug":"santos-inaugura-novo-ponto-de-feira-organica","status":"publish","type":"post","link":"https:\/\/mussicom.com\/noticias\/santos-inaugura-novo-ponto-de-feira-organica\/","title":{"rendered":"Santos inaugura novo ponto de feira org\u00e2nica"},"content":{"rendered":"<p> <br \/>\n<\/p>\n<div><\/p>\n<div>Um novo ponto semanal da feira de produtos org\u00e2nicos ser\u00e1 inaugurado na ter\u00e7a-feira (16), das 9h \u00e0s 13h, na Pra\u00e7a Nossa Senhora Aparecida<\/div>\n<\/div>\n<p><br \/>\n<br \/>Fonte: <a href=\"https:\/\/jornaldaorla.com.br\/noticias\/santos-inaugura-novo-ponto-de-feira-organica\/\">Jornal Da Orla<\/a><\/p>\n","protected":false},"excerpt":{"rendered":"<p>Um novo ponto semanal da feira de produtos org\u00e2nicos ser\u00e1 inaugurado na ter\u00e7a-feira (16), das 9h \u00e0s 13h, na Pra\u00e7a Nossa Senhora Aparecida Fonte: Jornal Da Orla<\/p>\n","protected":false},"author":5,"featured_media":44006,"comment_status":"open","ping_status":"open","sticky":false,"template":"","format":"standard","meta":{"_seopress_robots_primary_cat":"","_seopress_titles_title":"","_seopress_titles_desc":"","_seopress_robots_index":"","footnotes":""},"categories":[52],"tags":[],"class_list":["post-44005","post","type-post","status-publish","format-standard","has-post-thumbnail","hentry","category-santoseregiao"],"_links":{"self":[{"href":"https:\/\/mussicom.com\/noticias\/wp-json\/wp\/v2\/posts\/44005","targetHints":{"allow":["GET"]}}],"collection":[{"href":"https:\/\/mussicom.com\/noticias\/wp-json\/wp\/v2\/posts"}],"about":[{"href":"https:\/\/mussicom.com\/noticias\/wp-json\/wp\/v2\/types\/post"}],"author":[{"embeddable":true,"href":"https:\/\/mussicom.com\/noticias\/wp-json\/wp\/v2\/users\/5"}],"replies":[{"embeddable":true,"href":"https:\/\/mussicom.com\/noticias\/wp-json\/wp\/v2\/comments?post=44005"}],"version-history":[{"count":0,"href":"https:\/\/mussicom.com\/noticias\/wp-json\/wp\/v2\/posts\/44005\/revisions"}],"wp:featuredmedia":[{"embeddable":true,"href":"https:\/\/mussicom.com\/noticias\/wp-json\/wp\/v2\/media\/44006"}],"wp:attachment":[{"href":"https:\/\/mussicom.com\/noticias\/wp-json\/wp\/v2\/media?parent=44005"}],"wp:term":[{"taxonomy":"category","embeddable":true,"href":"https:\/\/mussicom.com\/noticias\/wp-json\/wp\/v2\/categories?post=44005"},{"taxonomy":"post_tag","embeddable":true,"href":"https:\/\/mussicom.com\/noticias\/wp-json\/wp\/v2\/tags?post=44005"}],"curies":[{"name":"wp","href":"https:\/\/api.w.org\/{rel}","templated":true}]}}