{"id":43972,"date":"2025-09-16T05:15:16","date_gmt":"2025-09-16T08:15:16","guid":{"rendered":"https:\/\/mussicom.com\/embrapa-e-mexico-ampliam-parceria-em-pesquisa-agropecuaria\/"},"modified":"2025-09-16T05:15:16","modified_gmt":"2025-09-16T08:15:16","slug":"embrapa-e-mexico-ampliam-parceria-em-pesquisa-agropecuaria","status":"publish","type":"post","link":"https:\/\/mussicom.com\/noticias\/embrapa-e-mexico-ampliam-parceria-em-pesquisa-agropecuaria\/","title":{"rendered":"Embrapa e M\u00e9xico ampliam parceria em pesquisa agropecu\u00e1ria"},"content":{"rendered":"<p> <br \/>\n<\/p>\n<div>\n<p style=\"text-align:justify\">Entre os dias 9 e 12 de setembro, a presidente da Embrapa, Silvia Massruh\u00e1, esteve no M\u00e9xico e participou de agendas com representa\u00e7\u00f5es t\u00e9cnico-cient\u00edficas ligadas ao agro, com o objetivo de refor\u00e7ar o interesse em novas parcerias e interc\u00e2mbio de conhecimento e ampliar o alcance da visibilidade da pesquisa brasileira, considerada refer\u00eancia em \u00e1reas estrat\u00e9gicas do setor.\u00a0&#13;\n<\/p>\n<p style=\"text-align:justify\">Acompanhada da assessora da Presid\u00eancia, Sibelle Andrade, e do chefe de Transfer\u00eancia de Tecnologia da Embrapa Trigo, Giovani Fae, visitou o Centro Internacional de Melhoramento de Milho e Trigo (CIMMYT), na cidade de Texcoco, e nos dias 11 e 12, participou como palestrante do Forum Global Agroalimentar (FGA), promovido pelo Conselho Nacional Agropecu\u00e1rio do M\u00e9xico, em Chihuahua.<\/p>\n<p style=\"text-align:justify\">\u201cSem d\u00favida foi uma programa\u00e7\u00e3o muito produtiva, em torno da ci\u00eancia agr\u00edcola tropical, sistemas alimentares sustent\u00e1veis e tecnologias resilientes ao clima\u201d, disse a presidente. No evento, a representa\u00e7\u00e3o diplom\u00e1tica coube \u00e0 adida agr\u00edcola Adriane Cruvinel e ao chefe econ\u00f4mico financeiro, Leonardo Wester, e a parte t\u00e9cnica com modera\u00e7\u00e3o do diretor de Transforma\u00e7\u00e3o (CTO), AJ Poncin, e do articulador do CIMMYT para o Brasil, Diego Pequeno.\u00a0<\/p>\n<p style=\"text-align:justify\">Para a presidente, o encontro com a institui\u00e7\u00e3o de pesquisa mexicana, representa a amplia\u00e7\u00e3o do alcance dos impacto da parceria entre Embrapa e CIMMYT. \u201cO potencial de ganhos nas \u00e1reas de gen\u00e9tica, fitopatologia, qualidade de gr\u00e3os e sistemas sustent\u00e1veis pode resultar na assinatura de um Memorando de Entendimento ainda este ano\u201d, anunciou ela, referindo-se ao alinhamento de estrat\u00e9gias de prote\u00e7\u00e3o variedades vegetais, prospec\u00e7\u00e3o de financiamento internacional e coordena\u00e7\u00e3o de contribui\u00e7\u00f5es para a COP 30.\u00a0<\/p>\n<p style=\"text-align:justify\">Al\u00e9m dos encontros t\u00e9cnicos, foram realizadas visitas a campo e laborat\u00f3rios, ao Banco Gen\u00e9tico, viveiros internacionais de trigo e log\u00edstica de sementes, estufas destinadas \u00e0 triagem de doen\u00e7as e plataforma de fenotipagem de giberela (FHB), com demonstra\u00e7\u00f5es em ambiente controlado e em \u00e1rea experimental.\u00a0<\/p>\n<p style=\"text-align:justify\">Houve ainda reuni\u00f5es para discuss\u00e3o sobre coopera\u00e7\u00f5es em Sistemas Agroalimentares Sustent\u00e1veis e desdobramentos das parcerias entre as institui\u00e7\u00f5es, envolvendo termos de memorando de entendimento, estrat\u00e9gias de prote\u00e7\u00e3o de variedades de trigo, oportunidades de financiamento e COP 30. Toda a programa\u00e7\u00e3o foi acompanhada pela representa\u00e7\u00e3o brasileira no M\u00e9xico, como apoio e suporte em instrumentos jur\u00eddicos e institucional.\u00a0&#13;\n<\/p>\n<p style=\"text-align:justify\">Ainda como resultado da visita, foram discutidas novas possibilidades de ampliar experi\u00eancias entre as duas institui\u00e7\u00f5es, por meio de interc\u00e2mbio de pesquisadores e presen\u00e7a da Embrapa no M\u00e9xico, em estrutura similar ao Labex.\u00a0<\/p>\n<p style=\"text-align:justify\">Resist\u00eancia \u00e0 brusone<\/p>\n<p style=\"text-align:justify\">De acordo com o chefe de Transfer\u00eancia de Tecnologia da Embrapa Trigo, Giovani Fae, outra possibilidade para a pesquisa com a parceria com o CIMMYT \u00e9 a busca por avan\u00e7os significativos em resist\u00eancia \u00e0 brusone, principal doen\u00e7a do trigo tropical. \u201cPor meio de estrat\u00e9gias modernas de melhoramento com fenotipagem e genotipagem, pretendemos identificar mais genes para trazer resist\u00eancia, al\u00e9m de explorar as \u00e1reas de Cerrado com um ambiente favor\u00e1vel, com a produ\u00e7\u00e3o de um trigo de alt\u00edssima qualidade\u201d, disse. \u201cCom isso ser\u00e1 poss\u00edvel autossufici\u00eancia brasileira e ainda produzir um alimento para v\u00e1rios pa\u00edses do mundo e a partir da\u00ed buscar sustentabilidade\u201d, conclui, ressaltando a import\u00e2ncia do projeto tanto para a Embrapa quanto para o CIMMYT.\u00a0<\/p>\n<p style=\"text-align:justify\">Agenda diplom\u00e1tica<\/p>\n<p style=\"text-align:justify\">Ainda na programa\u00e7\u00e3o da presidente no M\u00e9xico, ela se reuniu com o embaixador do Brasil, Nedilson Ricardo Jorge, na resid\u00eancia oficial, com a presen\u00e7a da adida agr\u00edcola, Adriane Cruvinel, o chefe econ\u00f4mico e financeiro da embaixada, Leonardo Wester, e a assessora, Sibelle Andrade. Na pauta, os avan\u00e7os e inova\u00e7\u00f5es da Embrapa, com destaque para o projeto Semear Digital, as oportunidades de interc\u00e2mbio de pesquisadores entre Brasil e M\u00e9xico, e a iniciativa in\u00e9dita de envio de materiais da Embrapa para pesquisas em Marte.\u00a0<\/p>\n<p style=\"text-align:justify\">Al\u00e9m disso, entre os assuntos do encontro estiveram as contribui\u00e7\u00f5es das tecnologias desenvolvidas pela Embrapa para o aumento da produtividade agr\u00edcola brasileira sem expans\u00e3o da \u00e1rea cultivada e sem desmatamento, refor\u00e7ando o papel estrat\u00e9gico da Empresa na constru\u00e7\u00e3o de solu\u00e7\u00f5es sustent\u00e1veis. Nesse contexto, destacou-se a import\u00e2ncia de refor\u00e7ar durante a COP30 em Bel\u00e9m o papel da agricultura como parte da solu\u00e7\u00e3o clim\u00e1tica.\u00a0<\/p>\n<p style=\"text-align:justify\">F\u00f3rum Agroalimentar\u00a0<\/p>\n<p style=\"text-align:justify\">A presidente participou ainda do F\u00f3rum Global Agroalimentar (FGA), promovido pelo Conselho Nacional Agropecu\u00e1rio do M\u00e9xico, na cidade de Chihuahua, com a presen\u00e7a lideran\u00e7as do agro, especialistas e representantes institucionais. O ocorreu nos dias 11 e 12 de setembro, com tema central O futuro da alimenta\u00e7\u00e3o.\u00a0\u00a0<\/p>\n<p style=\"text-align:justify\">Siilvia falou sobre a pesquisa e a inova\u00e7\u00e3o da Embrapa para sistemas agroalimentares, no mesmo painel em que estiveram presentes Keith Currie (Canadian Federation of Agriculture), Niels Peter Norring (Danish Agriculture and Food Council) e Sylvanus Odjo (CIMMYT). Entre as principais estrat\u00e9gicas e resultados da pesquisa da Empresa, Silvia apresentou o portf\u00f3lio de bioeconomia e biotecnologia, bioinsumos (BiomaPhos e Auras), pol\u00edticas p\u00fablicas e gest\u00e3o de risco clim\u00e1tico, Zoneamento Agr\u00edcola de Risco Clim\u00e1tico (ZARC), al\u00e9m das estrat\u00e9gias de agricultura de baixo carbono.\u00a0&#13;\n<\/p>\n<p style=\"text-align:justify\">Al\u00e9m disso, foram abordados projetos de intelig\u00eancia artificial (IA) e inclus\u00e3o produtiva, no qual os destaques foi o ecossistema de inova\u00e7\u00e3o nacional do agro, como o Radar Agtech Brasil. \u201cFoi uma oportunidade \u00fanica para refor\u00e7ar a imagem da Embrapa como refer\u00eancia em solu\u00e7\u00f5es clim\u00e1ticas e digitais para sistemas alimentares resilientes\u201d, concluiu ela, ressaltando o fortalecimento da articula\u00e7\u00e3o t\u00e9cnico-diplom\u00e1tica, no cen\u00e1rio de alinhamento das \u00e1reas, abrindo possibilidades de novas parcerias e proje\u00e7\u00e3o internacional da ci\u00eancia tropical brasileira.\u00a0<\/p>\n<p style=\"text-align:justify\">Encontros estrat\u00e9gicos\u00a0<\/p>\n<p style=\"text-align:justify\">\u00c0 parte da programa\u00e7\u00e3o do evento, Silvia se reuniu com o secret\u00e1rio de Agricultura do M\u00e9xico, J\u00falio A. Berdegu\u00e9 Sacrist\u00e1n, com o presidente do Instituto Nacional de Pesquisas Florestais, Agr\u00edcolas e Pecu\u00e1rias (Inifap), Miguel Garcia Winder, para discutir possibilidades de coopera\u00e7\u00e3o entre os dois pa\u00edses. Entre os principais interesses pelo lado mexicano, est\u00e3o milho, feij\u00e3o e arroz, l\u00e1cteos, agricultura digital e big data, efici\u00eancia em irriga\u00e7\u00e3o, adapta\u00e7\u00e3o clim\u00e1tica.\u00a0<\/p>\n<p style=\"text-align:justify\">Tamb\u00e9m foi discutida a possibilidade de indica\u00e7\u00e3o de representantes da Embrapa para participa\u00e7\u00e3o em a\u00e7\u00f5es piloto de projetos, com interc\u00e2mbio de pessoal e transfer\u00eancia de tecnologia a produtores rurais. O Inifap tamb\u00e9m demonstrou interesse na promo\u00e7\u00e3o de articula\u00e7\u00f5es com o ProciNorte e Procisur, para posicionamento do bloco e busca conjunta por financiamento, e em intelig\u00eancia estrat\u00e9gica e m\u00e9tricas, principalmente a ado\u00e7\u00e3o\/adapta\u00e7\u00e3o de metodologia de avalia\u00e7\u00e3o de impacto (econ\u00f4mico, social e ambiental) para embasar pol\u00edticas e programas de maneira ampla, a exemplo que a Embrapa utiliza em seu Balan\u00e7o Social.<\/p>\n<\/p><\/div>\n<p><script data-cfasync=\"false\">\n    !function (f, b, e, v, n, t, s) {\n        if (f.fbq) return; n = f.fbq = function () {\n            n.callMethod ?\n                n.callMethod.apply(n, arguments) : n.queue.push(arguments)\n        };\n        if (!f._fbq) f._fbq = n; n.push = n; n.loaded = !0; n.version = '2.0';\n        n.queue = []; t = b.createElement(e); t.async = !0;\n        t.src = v; s = b.getElementsByTagName(e)[0];\n        s.parentNode.insertBefore(t, s)\n    }(window, document, 'script',\n        'https:\/\/connect.facebook.net\/en_US\/fbevents.js');\n    fbq('init', '522546078623747');\n    fbq('track', 'PageView');\n<\/script><br \/>\n<br \/><br \/>\n<br \/>Fonte: <a href=\"https:\/\/www.agrolink.com.br\/noticias\/cooperacao-com-o-mexico-reforca-areas-estrategicas-da-pesquisa-agropecuaria_505986.html\">AGROLINK<\/a><\/p>\n","protected":false},"excerpt":{"rendered":"<p>Entre os dias 9 e 12 de setembro, a presidente da Embrapa, Silvia Massruh\u00e1, esteve no M\u00e9xico e participou de agendas com representa\u00e7\u00f5es t\u00e9cnico-cient\u00edficas ligadas ao agro, com o objetivo de refor\u00e7ar o interesse em novas parcerias e interc\u00e2mbio de conhecimento e ampliar o alcance da visibilidade da pesquisa brasileira, considerada refer\u00eancia em \u00e1reas estrat\u00e9gicas [&hellip;]<\/p>\n","protected":false},"author":5,"featured_media":43973,"comment_status":"open","ping_status":"open","sticky":false,"template":"","format":"standard","meta":{"_seopress_robots_primary_cat":"","_seopress_titles_title":"","_seopress_titles_desc":"","_seopress_robots_index":"","footnotes":""},"categories":[53],"tags":[],"class_list":["post-43972","post","type-post","status-publish","format-standard","has-post-thumbnail","hentry","category-agronegocio"],"_links":{"self":[{"href":"https:\/\/mussicom.com\/noticias\/wp-json\/wp\/v2\/posts\/43972","targetHints":{"allow":["GET"]}}],"collection":[{"href":"https:\/\/mussicom.com\/noticias\/wp-json\/wp\/v2\/posts"}],"about":[{"href":"https:\/\/mussicom.com\/noticias\/wp-json\/wp\/v2\/types\/post"}],"author":[{"embeddable":true,"href":"https:\/\/mussicom.com\/noticias\/wp-json\/wp\/v2\/users\/5"}],"replies":[{"embeddable":true,"href":"https:\/\/mussicom.com\/noticias\/wp-json\/wp\/v2\/comments?post=43972"}],"version-history":[{"count":0,"href":"https:\/\/mussicom.com\/noticias\/wp-json\/wp\/v2\/posts\/43972\/revisions"}],"wp:featuredmedia":[{"embeddable":true,"href":"https:\/\/mussicom.com\/noticias\/wp-json\/wp\/v2\/media\/43973"}],"wp:attachment":[{"href":"https:\/\/mussicom.com\/noticias\/wp-json\/wp\/v2\/media?parent=43972"}],"wp:term":[{"taxonomy":"category","embeddable":true,"href":"https:\/\/mussicom.com\/noticias\/wp-json\/wp\/v2\/categories?post=43972"},{"taxonomy":"post_tag","embeddable":true,"href":"https:\/\/mussicom.com\/noticias\/wp-json\/wp\/v2\/tags?post=43972"}],"curies":[{"name":"wp","href":"https:\/\/api.w.org\/{rel}","templated":true}]}}