{"id":43963,"date":"2025-09-16T03:20:27","date_gmt":"2025-09-16T06:20:27","guid":{"rendered":"https:\/\/mussicom.com\/reino-unido-proibe-matricula-de-israelenses-em-faculdade-militar\/"},"modified":"2025-09-16T03:20:27","modified_gmt":"2025-09-16T06:20:27","slug":"reino-unido-proibe-matricula-de-israelenses-em-faculdade-militar","status":"publish","type":"post","link":"https:\/\/mussicom.com\/noticias\/reino-unido-proibe-matricula-de-israelenses-em-faculdade-militar\/","title":{"rendered":"Reino Unido pro\u00edbe matr\u00edcula de israelenses em faculdade militar"},"content":{"rendered":"<p> <br \/>\n<\/p>\n<div>\n<p class=\"postParagraph_post-paragraph__juWZN\">Um porta-voz do Minist\u00e9rio da Defesa do Reino Unido anunciou nesta semana que uma prestigiada faculdade militar proibir\u00e1 a partir do pr\u00f3ximo ano a matr\u00edcula de cidad\u00e3os israelenses.<\/p>\n<p class=\"postParagraph_post-paragraph__juWZN\">Em comunicado, o governo brit\u00e2nico citou a decis\u00e3o de Israel de &#8220;intensificar&#8221; a guerra na Faixa de Gaza como uma das justificativas.<\/p>\n<p class=\"postParagraph_post-paragraph-innerHtml__Q5vwc\">O <em>Royal College of Defence Studies<\/em> \u00e9 uma das academias militares mais importantes do Reino Unido e recebe anualmente estudantes de v\u00e1rias partes do mundo. Na institui\u00e7\u00e3o, os alunos podem participar de programas de educa\u00e7\u00e3o profissional em defesa e seguran\u00e7a.<\/p>\n<p class=\"postParagraph_post-paragraph__juWZN\">A pasta de Defesa brit\u00e2nica disse que &#8220;deve haver uma solu\u00e7\u00e3o diplom\u00e1tica para encerrar o conflito, com um cessar-fogo imediato, o retorno dos ref\u00e9ns e um aumento na ajuda humanit\u00e1ria \u00e0 popula\u00e7\u00e3o de Gaza&#8221;.<\/p>\n<p class=\"postParagraph_post-paragraph__juWZN\">A notifica\u00e7\u00e3o sobre a restri\u00e7\u00e3o a partir do pr\u00f3ximo ano foi confirmada nesta segunda-feira (15) pelo Minist\u00e9rio de Defesa de Israel.<\/p>\n<p class=\"postParagraph_post-paragraph__juWZN\">O Reino Unido, assim como outros antigos aliados de Israel, tem se tornado cada vez mais cr\u00edtico \u00e0 guerra mantida em Gaza.<\/p>\n<p class=\"postParagraph_post-paragraph__juWZN\">O Major-General Amir Baram, diretor-geral do Minist\u00e9rio de Defesa de Israel e ex-aluno da Royal College of Defence Studies, reagiu \u00e0 decis\u00e3o do Reino Unido, classificando-a como uma &#8220;ruptura vergonhosa com a toler\u00e2ncia&#8221;.<\/p>\n<\/div>\n<p><br \/>\n<br \/>Fonte: <a href=\"https:\/\/www.gazetadopovo.com.br\/mundo\/reino-unido-proibira-matricula-israelenses-faculdade-britanica-devido-guerra\/\">Revista Oeste<\/a><\/p>\n","protected":false},"excerpt":{"rendered":"<p>Um porta-voz do Minist\u00e9rio da Defesa do Reino Unido anunciou nesta semana que uma prestigiada faculdade militar proibir\u00e1 a partir do pr\u00f3ximo ano a matr\u00edcula de cidad\u00e3os israelenses. Em comunicado, o governo brit\u00e2nico citou a decis\u00e3o de Israel de &#8220;intensificar&#8221; a guerra na Faixa de Gaza como uma das justificativas. O Royal College of Defence [&hellip;]<\/p>\n","protected":false},"author":5,"featured_media":43964,"comment_status":"open","ping_status":"open","sticky":false,"template":"","format":"standard","meta":{"_seopress_robots_primary_cat":"","_seopress_titles_title":"","_seopress_titles_desc":"","_seopress_robots_index":"","footnotes":""},"categories":[48],"tags":[],"class_list":["post-43963","post","type-post","status-publish","format-standard","has-post-thumbnail","hentry","category-internacional"],"_links":{"self":[{"href":"https:\/\/mussicom.com\/noticias\/wp-json\/wp\/v2\/posts\/43963","targetHints":{"allow":["GET"]}}],"collection":[{"href":"https:\/\/mussicom.com\/noticias\/wp-json\/wp\/v2\/posts"}],"about":[{"href":"https:\/\/mussicom.com\/noticias\/wp-json\/wp\/v2\/types\/post"}],"author":[{"embeddable":true,"href":"https:\/\/mussicom.com\/noticias\/wp-json\/wp\/v2\/users\/5"}],"replies":[{"embeddable":true,"href":"https:\/\/mussicom.com\/noticias\/wp-json\/wp\/v2\/comments?post=43963"}],"version-history":[{"count":0,"href":"https:\/\/mussicom.com\/noticias\/wp-json\/wp\/v2\/posts\/43963\/revisions"}],"wp:featuredmedia":[{"embeddable":true,"href":"https:\/\/mussicom.com\/noticias\/wp-json\/wp\/v2\/media\/43964"}],"wp:attachment":[{"href":"https:\/\/mussicom.com\/noticias\/wp-json\/wp\/v2\/media?parent=43963"}],"wp:term":[{"taxonomy":"category","embeddable":true,"href":"https:\/\/mussicom.com\/noticias\/wp-json\/wp\/v2\/categories?post=43963"},{"taxonomy":"post_tag","embeddable":true,"href":"https:\/\/mussicom.com\/noticias\/wp-json\/wp\/v2\/tags?post=43963"}],"curies":[{"name":"wp","href":"https:\/\/api.w.org\/{rel}","templated":true}]}}