{"id":43957,"date":"2025-09-16T02:24:16","date_gmt":"2025-09-16T05:24:16","guid":{"rendered":"https:\/\/mussicom.com\/massive-attack-e-cavalera-farao-show-em-sp-em-parceria-com-povos-indigenas-da-amazonia\/"},"modified":"2025-09-16T02:24:16","modified_gmt":"2025-09-16T05:24:16","slug":"massive-attack-e-cavalera-farao-show-em-sp-em-parceria-com-povos-indigenas-da-amazonia","status":"publish","type":"post","link":"https:\/\/mussicom.com\/noticias\/massive-attack-e-cavalera-farao-show-em-sp-em-parceria-com-povos-indigenas-da-amazonia\/","title":{"rendered":"Massive Attack e Cavalera far\u00e3o show em SP em parceria com povos ind\u00edgenas da Amaz\u00f4nia"},"content":{"rendered":"<p> <br \/>\n<\/p>\n<p>O <strong>Massive Attack<\/strong> ser\u00e1 a atra\u00e7\u00e3o principal de um show exclusivo no dia\u00a013 de novembro em colabora\u00e7\u00e3o com os artistas brasileiros\u00a0<strong>Cavalera<\/strong>, composto por <strong>Max<\/strong> e <strong>Iggor Cavalera<\/strong>, cofundadores do <strong>Sepultura<\/strong>. O intuito \u00e9 apoiar e dar visibilidade aos esfor\u00e7os dos povos ind\u00edgenas do Brasil e do G9 da Amaz\u00f4nia (organiza\u00e7\u00f5es ind\u00edgenas de nove pa\u00edses amaz\u00f4nicos) em alcan\u00e7ar justi\u00e7a clim\u00e1tica, reconhecimento e prote\u00e7\u00e3o imediatos das terras ind\u00edgenas no pa\u00eds<em>.<\/em><\/p>\n<p>Realizado pela\u00a0<strong>30e<\/strong> atrav\u00e9s do selo <strong>\u00cdndigo<\/strong>, o espet\u00e1culo \u00e9 chamado de\u00a0<strong>A RESPOSTA SOMOS N\u00d3S<\/strong>. Acontecer\u00e1 em <strong>S\u00e3o Paulo,\u00a0<\/strong>no\u00a0<strong>Espa\u00e7o Unimed<\/strong>, com ingressos dispon\u00edveis a partir desta ter\u00e7a-feira (16), ao meio-dia, no site Eventim e bilheteria do Allianz Parque.<\/p>\n<div>\n<p>Este show ser\u00e1 executado enquanto l\u00edderes mundiais, corpora\u00e7\u00f5es globais e o movimento clim\u00e1tico em geral chegam ao Brasil para a c\u00fapula da Confer\u00eancia das Na\u00e7\u00f5es Unidas sobre as e Mudan\u00e7as Clim\u00e1ticas (COP30), sediada na regi\u00e3o amaz\u00f4nica de Bel\u00e9m. Haver\u00e1 interven\u00e7\u00f5es em coordena\u00e7\u00e3o direta com grupos ind\u00edgenas, em apoio \u00e0s demandas dessa comunidade.<\/p>\n<blockquote class=\"instagram-media\" style=\"background: #FFF; border: 0; border-radius: 3px; box-shadow: 0 0 1px 0 rgba(0,0,0,0.5),0 1px 10px 0 rgba(0,0,0,0.15); margin: 1px; max-width: 540px; min-width: 326px; padding: 0; width: calc(100% - 2px);\" data-instgrm-captioned=\"\" data-instgrm-permalink=\"https:\/\/www.instagram.com\/p\/DOoJUSfjb4U\/?utm_source=ig_embed&amp;utm_campaign=loading\" data-instgrm-version=\"14\"><\/blockquote>\n<p>Representantes desses povos estar\u00e3o presentes no show e as duas bandas ainda promover\u00e3o esfor\u00e7os no Brasil para apoiar demandas do movimento ind\u00edgena da Amaz\u00f4nia, acomodadas e engajadas no mais alto n\u00edvel pol\u00edtico. Mais an\u00fancios sobre essa atua\u00e7\u00e3o ser\u00e3o feitos em breve.<\/p>\n<p><strong>Robert Del Naja (3D), <\/strong>que forma o Massive Attack ao lado de\u00a0<strong>Grant \u201cDaddy G\u201d<\/strong>, comenta:<\/p>\n<blockquote>\n<p><em>\u201c\u00c9 uma honra para n\u00f3s colaborar com Iggor e Max em apoio \u00e0 extraordin\u00e1ria integridade e ao papel vital dos povos ind\u00edgenas do Brasil e de toda a regi\u00e3o amaz\u00f4nica. Isso \u00e9 mais do que uma simples troca de palavras. \u00c9 uma oportunidade de ouvir o conhecimento, a autoridade moral e a sabedoria das alian\u00e7as ind\u00edgenas e ajudar a garantir que sejam ouvidas nas salas de negocia\u00e7\u00e3o da COP30. Nunca precisamos tanto da presen\u00e7a deles nesse espa\u00e7o pol\u00edtico distorcido quanto agora.\u201d<\/em><\/p>\n<\/blockquote>\n<p>Os movimentos <strong>COIAB, APIB &amp; G9<\/strong> afirmam:<\/p>\n<blockquote>\n<p><em>\u201cN\u00f3s, povos ind\u00edgenas, subiremos ao palco como quem acende um fogo antigo no cora\u00e7\u00e3o da noite. Ao lado de Massive Attack e Cavalera, transformaremos o som em levante. Nossas vozes \u2013 vivas, ancestrais, indom\u00e1veis \u2013 v\u00e3o rasgar o ar, atravessar fronteiras e unir povos, da Amaz\u00f4nia ao Pac\u00edfico. Somos ra\u00edz que resiste, futuro que insiste. Nunca deixamos de estar aqui. Viemos lembrar que a Terra tem mem\u00f3ria. E, por n\u00f3s, ela pede: o desmonte da m\u00e1quina que a devora. A resposta j\u00e1 est\u00e1 entre n\u00f3s \u2013 ela brota do ch\u00e3o que pisamos coletivamente. A Resposta Somos N\u00f3s. Todos n\u00f3s. Avan\u00e7aremos.\u201d<\/em><\/p>\n<\/blockquote>\n<p><strong>Max e Iggor Cavalera<\/strong> declaram:<\/p>\n<blockquote>\n<p><em>\u201cEm tempos de polariza\u00e7\u00e3o t\u00e3o presente, quando as pessoas se sentem divididas e distra\u00eddas, temos a honra de unir for\u00e7as com o Massive Attack e os Povos Ind\u00edgenas do Brasil e da Amaz\u00f4nia para tecer uma narrativa de positividade e mudan\u00e7a. Estamos muito animados para trabalhar ao lado de uma banda como o Massive Attack e somos f\u00e3s h\u00e1 muitos anos. Cultivamos uma rela\u00e7\u00e3o pr\u00f3xima com os povos ind\u00edgenas e trabalhamos ao lado deles h\u00e1 muitos anos. \u00c9 um privil\u00e9gio dividir o palco com ambos.\u201d<\/em><\/p>\n<\/blockquote>\n<p><span style=\"text-decoration: underline;\"><strong>Massive Attack X Cavalera A RESPOSTA SOMOS N\u00d3S:<\/strong><\/span><\/p>\n<ul>\n<li aria-level=\"1\">As reivindica\u00e7\u00f5es de A RESPOSTA SOMOS N\u00d3S podem ser lidas no site oficial<\/li>\n<li aria-level=\"1\">Links para os grupos ind\u00edgenas parceiros:\u00a0APIB,\u00a0COIAB,\u00a0G9<\/li>\n<li aria-level=\"1\">O Massive Attack configurou uma turn\u00ea regional latino-americana mais ampla, por\u00e9m limitada, para se adequar \u00e0s diretrizes do roteiro do\u00a0Tyndall Centre for Climate Change\u00a0para turn\u00eas de m\u00fasica ao vivo com baix\u00edssimo carbono, e aplicou uma multiplicidade de medidas \u00e0 turn\u00ea de acordo.<\/li>\n<\/ul>\n<h2>Servi\u00e7o \u2013 Massive Attack X Cavalera A RESPOSTA SOMOS N\u00d3S<\/h2>\n<p><strong>Data: <\/strong>13 de novembro de 2025 (quinta-feira)<br \/><strong>Local:<\/strong>\u00a0Espa\u00e7o Unimed \u2013 Rua Tagipuru, 795 \u2013 Barra Funda \u2013 S\u00e3o Paulo\/SP<br \/><strong>Hor\u00e1rio de Abertura da casa:\u00a0<\/strong>19h<br \/><strong>Classifica\u00e7\u00e3o Et\u00e1ria:<\/strong>\u00a0Entrada e perman\u00eancia de crian\u00e7as\/adolescentes de 05 a 15 anos de idade, acompanhados dos pais ou respons\u00e1veis, e de 16 a 17 anos, desacompanhados dos pais ou respons\u00e1veis legais<br \/><strong>Setores e pre\u00e7os:<br \/><\/strong>Pista \u2013 R$ 267,50 (meia-entrada) | R$ 535,00 (inteira)<br \/>Pista Premium \u2013 R$ 497,50 (meia-entrada) | R$ 995,00 (inteira)<br \/>Mezanino \u2013 R$ 562,50 (meia-entrada) | R$ 1.125,00 (inteira)<br \/>Camarote A \u2013 R$ 647,50 (meia-entrada) | R$ 1.295,00 (inteira)<br \/>Camarote B \u2013 R$ 647,50 (meia-entrada) | R$ 1.295,00 (inteira)<br \/><strong>In\u00edcio das vendas:<\/strong><br \/><strong>Venda geral:<\/strong>\u00a016 de setembro, 12h (on-line e na bilheteria oficial)<br \/><strong>Vendas online em:<\/strong>\u00a0eventim.com.br\/MassiveAttack<br \/><strong>Bilheteria oficial:<\/strong><br \/>Espa\u00e7o Unimed \u2013 R. Tagipuru, 795 \u2013 Barra Funda, S\u00e3o Paulo \u2013 SP, 01156-000<br \/>*A abertura de vendas ser\u00e1 somente na bilheteria do Espa\u00e7o Unimed. A partir do segundo dia, as vendas ocorrer\u00e3o na bilheteria do Espa\u00e7o Unimed e tamb\u00e9m na bilheteria A do Allianz Parque.<br \/>Bilheteria A \u2013 ALLIANZ PARQUE \u2013 Endere\u00e7o: Rua Palestra It\u00e1lia, 200<br \/><strong>Funcionamento:\u00a0<\/strong>Ter\u00e7a a s\u00e1bado das 10h \u00e0s 17h<br \/>* N\u00e3o h\u00e1 funcionamento em feriados, emendas de feriados, dias de jogos ou em dias de eventos de outras empresas.\u201d<\/p>\n<p><strong>+++ LEIA MAIS: <\/strong><strong>H\u00e1 menos racismo, machismo e preconceito no metal, segundo Max Cavalera<\/strong><br \/><strong>+++ LEIA MAIS: O antigo disco de Max Cavalera que soa mais relevante agora, segundo o pr\u00f3prio<br \/>+++ LEIA MAIS: Max Cavalera defende regrava\u00e7\u00f5es de Sepultura, criticadas por Andreas Kisser<\/strong><br \/><strong>+++ Clique aqui para seguir a Rolling Stone Brasil @rollingstonebrasil no Instagram<br \/>+++ Clique aqui para seguir o jornalista Igor Miranda @igormirandasite no Instagram<\/strong><\/p>\n<\/p><\/div>\n<p><script async src=\"\/\/www.instagram.com\/embed.js\"><\/script><br \/>\n<br \/><br \/>\n<br \/>Fonte: <a href=\"https:\/\/rollingstone.com.br\/musica\/massive-attack-cavalera-show-sao-paulo-povos-indigenas-amazonia\/\">rollingstone.com.br<\/a><\/p>\n","protected":false},"excerpt":{"rendered":"<p>O Massive Attack ser\u00e1 a atra\u00e7\u00e3o principal de um show exclusivo no dia\u00a013 de novembro em colabora\u00e7\u00e3o com os artistas brasileiros\u00a0Cavalera, composto por Max e Iggor Cavalera, cofundadores do Sepultura. O intuito \u00e9 apoiar e dar visibilidade aos esfor\u00e7os dos povos ind\u00edgenas do Brasil e do G9 da Amaz\u00f4nia (organiza\u00e7\u00f5es ind\u00edgenas de nove pa\u00edses amaz\u00f4nicos) [&hellip;]<\/p>\n","protected":false},"author":5,"featured_media":43958,"comment_status":"open","ping_status":"open","sticky":false,"template":"","format":"standard","meta":{"_seopress_robots_primary_cat":"","_seopress_titles_title":"","_seopress_titles_desc":"","_seopress_robots_index":"","footnotes":""},"categories":[51],"tags":[],"class_list":["post-43957","post","type-post","status-publish","format-standard","has-post-thumbnail","hentry","category-musica"],"_links":{"self":[{"href":"https:\/\/mussicom.com\/noticias\/wp-json\/wp\/v2\/posts\/43957","targetHints":{"allow":["GET"]}}],"collection":[{"href":"https:\/\/mussicom.com\/noticias\/wp-json\/wp\/v2\/posts"}],"about":[{"href":"https:\/\/mussicom.com\/noticias\/wp-json\/wp\/v2\/types\/post"}],"author":[{"embeddable":true,"href":"https:\/\/mussicom.com\/noticias\/wp-json\/wp\/v2\/users\/5"}],"replies":[{"embeddable":true,"href":"https:\/\/mussicom.com\/noticias\/wp-json\/wp\/v2\/comments?post=43957"}],"version-history":[{"count":0,"href":"https:\/\/mussicom.com\/noticias\/wp-json\/wp\/v2\/posts\/43957\/revisions"}],"wp:featuredmedia":[{"embeddable":true,"href":"https:\/\/mussicom.com\/noticias\/wp-json\/wp\/v2\/media\/43958"}],"wp:attachment":[{"href":"https:\/\/mussicom.com\/noticias\/wp-json\/wp\/v2\/media?parent=43957"}],"wp:term":[{"taxonomy":"category","embeddable":true,"href":"https:\/\/mussicom.com\/noticias\/wp-json\/wp\/v2\/categories?post=43957"},{"taxonomy":"post_tag","embeddable":true,"href":"https:\/\/mussicom.com\/noticias\/wp-json\/wp\/v2\/tags?post=43957"}],"curies":[{"name":"wp","href":"https:\/\/api.w.org\/{rel}","templated":true}]}}