{"id":43897,"date":"2025-09-15T19:58:52","date_gmt":"2025-09-15T22:58:52","guid":{"rendered":"https:\/\/mussicom.com\/tarcisio-adia-ida-a-brasilia-por-anistia-e-pede-para-visitar-bolsonaro\/"},"modified":"2025-09-15T19:58:52","modified_gmt":"2025-09-15T22:58:52","slug":"tarcisio-adia-ida-a-brasilia-por-anistia-e-pede-para-visitar-bolsonaro","status":"publish","type":"post","link":"https:\/\/mussicom.com\/noticias\/tarcisio-adia-ida-a-brasilia-por-anistia-e-pede-para-visitar-bolsonaro\/","title":{"rendered":"Tarc\u00edsio adia ida a Bras\u00edlia por anistia e pede para visitar Bolsonaro"},"content":{"rendered":"<p> <br \/>\n<\/p>\n<div>\n<p class=\"postParagraph_post-paragraph__juWZN\">O governador de S\u00e3o Paulo, Tarc\u00edsio de Freitas (Republicanos), adiou a viagem que faria a Bras\u00edlia nesta segunda-feira (15) para articular a anistia e pediu autoriza\u00e7\u00e3o do Supremo Tribunal Federal (STF) para visitar o ex-presidente Jair Bolsonaro (PL). O ministro Alexandre de Moraes, relator da a\u00e7\u00e3o penal, pediu \u00e0 defesa do ex-mandat\u00e1rio que se manifeste sobre a solicita\u00e7\u00e3o do governador.<\/p>\n<p class=\"postParagraph_post-paragraph-innerHtml__Q5vwc\">No \u00faltimo dia 7, Tarc\u00edsio defendeu a anistia aos envolvidos nos atos de 8 de janeiro de 2023 e chamou Moraes de \u201ctirano\u201d ao participar da manifesta\u00e7\u00e3o pr\u00f3-Bolsonaro na Avenida Paulista. O governador intensificou a articula\u00e7\u00e3o pelo benef\u00edcio no in\u00edcio do julgamento do ex-presidente, quando esteve em Bras\u00edlia para tratar do tema.<\/p>\n<p class=\"postParagraph_post-paragraph__juWZN\">Bolsonaro foi condenado, na semana passada, a 27 anos e 3 meses de pris\u00e3o, al\u00e9m do pagamento de multa, pela suposta tentativa de golpe de Estado. A oposi\u00e7\u00e3o defende uma anistia \u201campla, geral e irrestrita\u201d, mas a proposta enfrenta resist\u00eancia do governo Lula (PT) e do presidente do Senado, Davi Alcolumbre (Uni\u00e3o-AP), que trabalha em um texto alternativo ao projeto.<\/p>\n<p class=\"postParagraph_post-paragraph__juWZN\">Tarc\u00edsio \u00e9 considerado o principal nome da direita na disputa pela Presid\u00eancia da Rep\u00fablica em 2026, pois o ex-mandat\u00e1rio est\u00e1 ineleg\u00edvel at\u00e9 2030 por decis\u00e3o do Tribunal Superior Eleitoral (TSE). Al\u00e9m disso, a Primeira Turma estendeu a inelegibilidade de Bolsonaro ao final do julgamento, considerando a aplica\u00e7\u00e3o da Lei da Ficha Limpa.<\/p>\n<h2 class=\"postParagraph_post-paragraph__juWZN postParagraph_type-tag-h2__TtFkT\">Moraes autoriza Bolsonaro a receber aliados e grupo de ora\u00e7\u00e3o<\/h2>\n<p class=\"postParagraph_post-paragraph__juWZN\">Mais cedo, o ministro Alexandre de Moraes autorizou as visitas do presidente nacional do PL, Valdemar Costa Neto, e de outros cinco aliados a Bolsonaro nos pr\u00f3ximos dias. Os pedidos foram apresentados pela defesa do ex-mandat\u00e1rio.<\/p>\n<p class=\"postParagraph_post-paragraph__juWZN\">Moraes tamb\u00e9m liberou a entrada de 16 pessoas na resid\u00eancia do ex-presidente para a realiza\u00e7\u00e3o do grupo de ora\u00e7\u00e3o conduzido pela ex-primeira-dama Michelle Bolsonaro (PL) nesta quarta-feira (17). \u201cTodos os presos, sejam provis\u00f3rios ou definitivos, t\u00eam direito \u00e0 assist\u00eancia religiosa, nos termos do que disp\u00f5e o preceito constitucional, raz\u00e3o pela qual inexiste \u00f3bice ao deferimento do pedido, devendo ser indicados as datas, os hor\u00e1rios e os nomes dos pastores que realizar\u00e3o as visitas\u201d, escreveu o relator.<\/p>\n<h2 class=\"postParagraph_post-paragraph__juWZN postParagraph_type-tag-h2__TtFkT\">Veja abaixo as pr\u00f3ximas visitas de Bolsonaro<\/h2>\n<p class=\"postParagraph_post-paragraph-innerHtml__Q5vwc\"><strong>Visitas autorizadas na semana passada:<\/strong><\/p>\n<ul class=\"postList_post-list-container__W0E4y postList_visual-type-unordered-list__M8U7t\">\n<li class=\"postList_post-list-item__34Ck1\">Senador Carlos Portinho (PL-RJ): ter\u00e7a-feira (16), entre 10h e 18h;<\/li>\n<li class=\"postList_post-list-item__34Ck1\">Senador Marcos Rog\u00e9rio (PL-RO): quarta-feira (17), entre 10h e 18h;<\/li>\n<li class=\"postList_post-list-item__34Ck1\">Deputado federal Sanderson (PL-RS): quinta-feira (18), entre 10h e 18h;<\/li>\n<li class=\"postList_post-list-item__34Ck1\">Vice-presidente do PL em Rond\u00f4nia, Bruno Scheid: sexta-feira (19), entre 10h e 18h.<\/li>\n<\/ul>\n<p class=\"postParagraph_post-paragraph-innerHtml__Q5vwc\"><strong>Visitas autorizadas nesta segunda (15):<\/strong><\/p>\n<ul class=\"postList_post-list-container__W0E4y postList_visual-type-unordered-list__M8U7t\">\n<li class=\"postList_post-list-item__34Ck1\">Ex-ministro de Minas e Energia Adolfo Sachsida: na sexta-feira (19), entre 9h e 18h;<\/li>\n<li class=\"postList_post-list-item__34Ck1\">Deputado federal e relator do PL da Anistia, Rodrigo Valadares (Uni\u00e3o-SE): na pr\u00f3xima segunda-feira (22), entre 9h e 18h;<\/li>\n<li class=\"postList_post-list-item__34Ck1\">Senador Rog\u00e9rio Marinho: na pr\u00f3xima ter\u00e7a-feira (23), entre 9h e 18h;<\/li>\n<li class=\"postList_post-list-item__34Ck1\">Deputado federal e l\u00edder do PL na C\u00e2mara, S\u00f3stenes Cavalcante (PL-RJ): na pr\u00f3xima quarta-feira (24), entre 9h e 18h;<\/li>\n<li class=\"postList_post-list-item__34Ck1\">Presidente do PL, Valdemar Costa Neto: na pr\u00f3xima quinta-feira (25), entre 9h e 18h;<\/li>\n<li class=\"postList_post-list-item__34Ck1\">Senador Wilder Morais (PL-GO): na pr\u00f3xima sexta-feira (26), entre 9h e 18h.<\/li>\n<\/ul>\n<\/div>\n<p><br \/>\n<br \/>Fonte: <a href=\"https:\/\/www.gazetadopovo.com.br\/republica\/tarcisio-adia-ida-a-brasilia-para-articular-anistia-e-pede-para-visitar-bolsonaro\/\">Revista Oeste<\/a><\/p>\n","protected":false},"excerpt":{"rendered":"<p>O governador de S\u00e3o Paulo, Tarc\u00edsio de Freitas (Republicanos), adiou a viagem que faria a Bras\u00edlia nesta segunda-feira (15) para articular a anistia e pediu autoriza\u00e7\u00e3o do Supremo Tribunal Federal (STF) para visitar o ex-presidente Jair Bolsonaro (PL). O ministro Alexandre de Moraes, relator da a\u00e7\u00e3o penal, pediu \u00e0 defesa do ex-mandat\u00e1rio que se manifeste [&hellip;]<\/p>\n","protected":false},"author":5,"featured_media":43898,"comment_status":"open","ping_status":"open","sticky":false,"template":"","format":"standard","meta":{"_seopress_robots_primary_cat":"","_seopress_titles_title":"","_seopress_titles_desc":"","_seopress_robots_index":"","footnotes":""},"categories":[1],"tags":[],"class_list":["post-43897","post","type-post","status-publish","format-standard","has-post-thumbnail","hentry","category-ultimas-noticias"],"_links":{"self":[{"href":"https:\/\/mussicom.com\/noticias\/wp-json\/wp\/v2\/posts\/43897","targetHints":{"allow":["GET"]}}],"collection":[{"href":"https:\/\/mussicom.com\/noticias\/wp-json\/wp\/v2\/posts"}],"about":[{"href":"https:\/\/mussicom.com\/noticias\/wp-json\/wp\/v2\/types\/post"}],"author":[{"embeddable":true,"href":"https:\/\/mussicom.com\/noticias\/wp-json\/wp\/v2\/users\/5"}],"replies":[{"embeddable":true,"href":"https:\/\/mussicom.com\/noticias\/wp-json\/wp\/v2\/comments?post=43897"}],"version-history":[{"count":0,"href":"https:\/\/mussicom.com\/noticias\/wp-json\/wp\/v2\/posts\/43897\/revisions"}],"wp:featuredmedia":[{"embeddable":true,"href":"https:\/\/mussicom.com\/noticias\/wp-json\/wp\/v2\/media\/43898"}],"wp:attachment":[{"href":"https:\/\/mussicom.com\/noticias\/wp-json\/wp\/v2\/media?parent=43897"}],"wp:term":[{"taxonomy":"category","embeddable":true,"href":"https:\/\/mussicom.com\/noticias\/wp-json\/wp\/v2\/categories?post=43897"},{"taxonomy":"post_tag","embeddable":true,"href":"https:\/\/mussicom.com\/noticias\/wp-json\/wp\/v2\/tags?post=43897"}],"curies":[{"name":"wp","href":"https:\/\/api.w.org\/{rel}","templated":true}]}}